{"id":7319,"date":"2015-05-19T15:16:12","date_gmt":"2015-05-19T18:16:12","guid":{"rendered":"http:\/\/projetocineb.com.br\/?p=7319"},"modified":"2015-05-19T15:16:12","modified_gmt":"2015-05-19T18:16:12","slug":"cinema-brasileiro-com-os-cabecas-da-cinco-em-americanopolis","status":"publish","type":"post","link":"https:\/\/projetocineb.com.br\/?p=7319","title":{"rendered":"Cinema brasileiro com os Cabe\u00e7as da Cinco, em American\u00f3polis"},"content":{"rendered":"<p style=\"text-align: right;\"><strong>Texto e fotos por Carlos Rizzo<\/strong><\/p>\n<p><em>A comunidade de American\u00f3polis, na Zona Sul, lotou a sala improvisada num galp\u00e3o comercial para acompanhar, pela primeira vez, uma sess\u00e3o de cinema, no maior projeto de democratiza\u00e7\u00e3o do acesso ao cinema brasileiro: o Cine B.<\/em><\/p>\n<p>A estreia do Cine B em American\u00f3polis, Zona Sul de S\u00e3o Paulo, domingo, 17\/5, foi ao estilo <em>Cinema Paradiso<\/em> \u2013 filme italiano que \u00e9 uma \u201cdeclara\u00e7\u00e3o de amor ao cinema\u201d, segundo uma moradora. O espa\u00e7o, inusitado, um galp\u00e3o comercial da empresa H.Trevo Servi\u00e7o de Remo\u00e7\u00f5es de Hidrojato, lembrou as famosas sess\u00f5es ao ar livre dos anos 1950 e 1960, retratados pelo filme de Guiuseppe Tornatore.<\/p>\n<figure id=\"attachment_7343\" aria-describedby=\"caption-attachment-7343\" style=\"width: 432px\" class=\"wp-caption aligncenter\"><a href=\"http:\/\/projetocineb.com.br\/wp-content\/uploads\/2015\/05\/DSC08527.jpg\"><img fetchpriority=\"high\" decoding=\"async\" class=\" wp-image-7343   \" title=\"DSC08527\" src=\"http:\/\/projetocineb.com.br\/wp-content\/uploads\/2015\/05\/DSC08527.jpg\" alt=\"\" width=\"432\" height=\"324\" \/><\/a><figcaption id=\"caption-attachment-7343\" class=\"wp-caption-text\">Comunidade compareceu em peso na primeira sess\u00e3o do Cine B, em American\u00f3polis<\/figcaption><\/figure>\n<figure id=\"attachment_7321\" aria-describedby=\"caption-attachment-7321\" style=\"width: 417px\" class=\"wp-caption aligncenter\"><a href=\"http:\/\/projetocineb.com.br\/wp-content\/uploads\/2015\/05\/DSC_9874.jpg\"><img decoding=\"async\" class=\" wp-image-7321    \" title=\"DSC_9874\" src=\"http:\/\/projetocineb.com.br\/wp-content\/uploads\/2015\/05\/DSC_9874.jpg\" alt=\"\" width=\"417\" height=\"277\" \/><\/a><figcaption id=\"caption-attachment-7321\" class=\"wp-caption-text\">Moradores do bairro reunidos em mais uma sess\u00e3o do CINEB<\/figcaption><\/figure>\n<p>No roteiro do dia, mais uma sess\u00e3o d&#8217;<em>O Menino no Espelho<\/em> (2013), dirigido por Guilherme Fi\u00faza Zenha, que adaptou a obra de Fernando Sabino para a telona. Foi a segunda das quatro exibi\u00e7\u00f5es previstas para acontecer no Cine B ainda em maio.<\/p>\n<p>A expectativa dos organizadores locais do evento era grande. Luis Jos\u00e9 Durval, o Biga, Jo\u00e3o Luiz Correa e Jana\u00edna Luna Santos, moradores da regi\u00e3o, foram os respons\u00e1veis por levar o Cine B \u00e0 American\u00f3polis. Tudo come\u00e7ou depois que o trio criou, h\u00e1 exatamente um ano atr\u00e1s, em 17\/5\/2014, o bloco de carnaval dos Cabe\u00e7as da Cinco. O nome do bloco \u00e9 uma refer\u00eancia \u00e0 rua Cinco de Outubro, onde fica o bar do Biga, sede do bloco. O primeiro desfile dos Cabe\u00e7as aconteceu na ter\u00e7a-feira de carnaval deste ano e foi um grande sucesso reunindo as fam\u00edlias da regi\u00e3o. Preocupados em manter atividades culturais frequentes, o grupo, por meio de Jana\u00edna, procurou Cid\u00e1lio Vieira Santos, coordenador do projeto Cine B e, com apoio de Mailton Pereira da Rocha, propriet\u00e1rio do galp\u00e3o comercial, viabilizou o evento no anivers\u00e1rio de primeiro ano do Bloco.<\/p>\n<figure id=\"attachment_7322\" aria-describedby=\"caption-attachment-7322\" style=\"width: 414px\" class=\"wp-caption aligncenter\"><a href=\"http:\/\/projetocineb.com.br\/wp-content\/uploads\/2015\/05\/DSC_9815.jpg\"><img decoding=\"async\" class=\" wp-image-7322    \" title=\"DSC_9815\" src=\"http:\/\/projetocineb.com.br\/wp-content\/uploads\/2015\/05\/DSC_9815.jpg\" alt=\"\" width=\"414\" height=\"623\" \/><\/a><figcaption id=\"caption-attachment-7322\" class=\"wp-caption-text\">Mailton, P. da Rocha, propriet\u00e1rio do galp\u00e3o que recebeu a sess\u00e3o ao lado do cartaz do filme<\/figcaption><\/figure>\n<p>Segundo Jana\u00edna, a regi\u00e3o \u00e9 carente de op\u00e7\u00f5es culturais. \u201cConsiderando que n\u00e3o estamos t\u00e3o perto, nem t\u00e3o longe do centro da cidade, ainda tem muita gente daqui que nunca foi ao cinema ou a qualquer outra atividade cultural\u201d. Jo\u00e3o, carioca de nascen\u00e7a e o puxador das marchinhas de carnaval do bloco, concorda com a moradora: \u201ca quest\u00e3o cultural \u00e9 esquecida aqui nesta regi\u00e3o. Quando vimos essa oportunidade, abra\u00e7amos, pois queremos valorizar a cultura brasileira, e o cinema faz parte dessa cultura t\u00e3o rica e diversificada que temos\u201d.<span style=\"text-align: center;\">\u00a0<\/span><\/p>\n<figure id=\"attachment_7323\" aria-describedby=\"caption-attachment-7323\" style=\"width: 475px\" class=\"wp-caption aligncenter\"><a href=\"http:\/\/projetocineb.com.br\/wp-content\/uploads\/2015\/05\/DSC_9908.jpg\"><img loading=\"lazy\" decoding=\"async\" class=\" wp-image-7323 \" title=\"DSC_9908\" src=\"http:\/\/projetocineb.com.br\/wp-content\/uploads\/2015\/05\/DSC_9908.jpg\" alt=\"\" width=\"475\" height=\"316\" \/><\/a><figcaption id=\"caption-attachment-7323\" class=\"wp-caption-text\">O Bloco dos Cabe\u00e7as vestiu a camisa do Cine B<\/figcaption><\/figure>\n<figure id=\"attachment_7324\" aria-describedby=\"caption-attachment-7324\" style=\"width: 469px\" class=\"wp-caption aligncenter\"><a href=\"http:\/\/projetocineb.com.br\/wp-content\/uploads\/2015\/05\/DSC_9897.jpg\"><img loading=\"lazy\" decoding=\"async\" class=\" wp-image-7324   \" title=\"DSC_9897\" src=\"http:\/\/projetocineb.com.br\/wp-content\/uploads\/2015\/05\/DSC_9897.jpg\" alt=\"\" width=\"469\" height=\"312\" \/><\/a><figcaption id=\"caption-attachment-7324\" class=\"wp-caption-text\">Biga, Luis Cl\u00e1udio, Jana\u00edna, Cid\u00e1lio e Jo\u00e3o na abertura da sess\u00e3o <\/figcaption><\/figure>\n<p>A abertura da sess\u00e3o contou com a presen\u00e7a do idealizador do Cine B, o ex-presidente do Sindicato dos Banc\u00e1rios de S\u00e3o Paulo, Osasco e Regi\u00e3o e ex-deputado estadual Luiz Cl\u00e1udio Marcolino que resumiu os oito anos de trajet\u00f3ria do projeto falando da import\u00e2ncia em oferecer oportunidades para as pessoas conhecerem a produ\u00e7\u00e3o cinematogr\u00e1fica nacional, que quase n\u00e3o encontra espa\u00e7o para exibi\u00e7\u00e3o no circuito comercial. \u201cO cinema \u00e9 a melhor forma de mostrar a riqueza de cada regi\u00e3o do nosso pa\u00eds. Quem \u00e9 de fora de S\u00e3o Paulo pode rever um pouco de sua cultura nas telas\u201d.<\/p>\n<figure id=\"attachment_7325\" aria-describedby=\"caption-attachment-7325\" style=\"width: 432px\" class=\"wp-caption aligncenter\"><a href=\"http:\/\/projetocineb.com.br\/wp-content\/uploads\/2015\/05\/DSC_9846_Julio-C_MaFatima.jpg\"><img loading=\"lazy\" decoding=\"async\" class=\" wp-image-7325   \" title=\"DSC_9846_Julio C_MaFatima\" src=\"http:\/\/projetocineb.com.br\/wp-content\/uploads\/2015\/05\/DSC_9846_Julio-C_MaFatima.jpg\" alt=\"\" width=\"432\" height=\"287\" \/><\/a><figcaption id=\"caption-attachment-7325\" class=\"wp-caption-text\">Casal Julio C\u00e9sar e Maria de F\u00e1tima com a filha J\u00falia<\/figcaption><\/figure>\n<p>Para o casal J\u00falio C\u00e9sar Oliveira e Maria de F\u00e1tima da Concei\u00e7\u00e3o Silva Oliveira, que nunca foram ao cinema, a atividade foi uma \u00f3tima op\u00e7\u00e3o de lazer. Ao lado da filha J\u00falia, acompanharam toda a exibi\u00e7\u00e3o, ficaram at\u00e9 o sorteio dos brindes e acabaram levando para casa produtos de beleza e camisetas. Outra estreante numa sess\u00e3o de cinema, Severina Bernardo da Silva, de 69 anos,\u00a0 \u201cadorou o clima familiar\u201d que se instalou na sess\u00e3o, e encontrou v\u00e1rias amigas e parentes.<\/p>\n<figure id=\"attachment_7326\" aria-describedby=\"caption-attachment-7326\" style=\"width: 458px\" class=\"wp-caption aligncenter\"><a href=\"http:\/\/projetocineb.com.br\/wp-content\/uploads\/2015\/05\/DSC_9903_produtos-Surya.jpg\"><img loading=\"lazy\" decoding=\"async\" class=\" wp-image-7326     \" title=\"DSC_9903_produtos Surya\" src=\"http:\/\/projetocineb.com.br\/wp-content\/uploads\/2015\/05\/DSC_9903_produtos-Surya.jpg\" alt=\"\" width=\"458\" height=\"304\" \/><\/a><figcaption id=\"caption-attachment-7326\" class=\"wp-caption-text\">Moradores que foram a uma sess\u00e3o de cinema pela primeira vez, com o brinde da Surya Brasil, parceira do Cine B<\/figcaption><\/figure>\n<p>Maur\u00edcio Gaspar e Viviane dos Santos, acompanhados da filha Tabata e da sobrinha Ana Beatriz elogiaram a organiza\u00e7\u00e3o da sess\u00e3o, a qualidade do filme e a iniciativa do pessoal do Bloco dos Cabe\u00e7as. \u201c\u00c9 bom para a comunidade trazer cultura. E a camiseta que ganhei vai servir para divulgar as pr\u00f3ximas sess\u00f5es\u201d, informou Maur\u00edcio.<\/p>\n<figure id=\"attachment_7328\" aria-describedby=\"caption-attachment-7328\" style=\"width: 475px\" class=\"wp-caption aligncenter\"><a href=\"http:\/\/projetocineb.com.br\/wp-content\/uploads\/2015\/05\/DSC_9983_Mauricio_Viviane.jpg\"><img loading=\"lazy\" decoding=\"async\" class=\" wp-image-7328\" title=\"DSC_9983_Mauricio_Viviane\" src=\"http:\/\/projetocineb.com.br\/wp-content\/uploads\/2015\/05\/DSC_9983_Mauricio_Viviane.jpg\" alt=\"\" width=\"475\" height=\"316\" \/><\/a><figcaption id=\"caption-attachment-7328\" class=\"wp-caption-text\">Maur\u00edcio e fam\u00edlia v\u00e3o divulgar as pr\u00f3ximas sess\u00f5es<\/figcaption><\/figure>\n<p>A empolga\u00e7\u00e3o e o clima de festa ficou por conta do Bloco dos Cabe\u00e7as que vestiu a camisa do Cine B e trouxe, antes da sess\u00e3o e depois, nos sorteios, parte do repert\u00f3rio que ganhou as ruas de American\u00f3polis durante o carnaval de 2015.<\/p>\n<figure id=\"attachment_7329\" aria-describedby=\"caption-attachment-7329\" style=\"width: 432px\" class=\"wp-caption aligncenter\"><a href=\"http:\/\/projetocineb.com.br\/wp-content\/uploads\/2015\/05\/DSC_9995.jpg\"><img loading=\"lazy\" decoding=\"async\" class=\" wp-image-7329   \" title=\"DSC_9995\" src=\"http:\/\/projetocineb.com.br\/wp-content\/uploads\/2015\/05\/DSC_9995.jpg\" alt=\"\" width=\"432\" height=\"287\" \/><\/a><figcaption id=\"caption-attachment-7329\" class=\"wp-caption-text\">Em breve o Cine B entra em cartaz novamente em American\u00f3polis. At\u00e9 a pr\u00f3xima sess\u00e3o<\/figcaption><\/figure>\n<p style=\"text-align: center;\"><a href=\"https:\/\/flic.kr\/s\/aHskbU6wdd\" target=\"_blank\">CLIQUE AQUI PARA VER MAIS FOTOS DA SESS\u00c3O<\/a><\/p>\n<p><strong>At\u00e9 a pr\u00f3xima sess\u00e3o!<\/strong><\/p>\n<p>O Cine B \u00e9 um projeto que tem como miss\u00e3o a forma\u00e7\u00e3o de p\u00fablico para o cinema brasileiro. Criado em 2007 pelo Sindicato dos Banc\u00e1rios de S\u00e3o Paulo, Osasco e Regi\u00e3o em parceria com a Brazucah Produ\u00e7\u00f5es, j\u00e1 realizou mais de 350 sess\u00f5es de cinema por toda a cidade de S\u00e3o Paulo, Osasco e Regi\u00e3o, exibindo mais de 60 filmes brasileiros entre longas e curtas-metragens para cerca de 43 mil pessoas. Conta com o apoio de m\u00eddia da edi\u00e7\u00e3o brasileira do Le Monde Diplomatique.<\/p>\n","protected":false},"excerpt":{"rendered":"<p>Texto e fotos por Carlos Rizzo A comunidade de American\u00f3polis, na Zona Sul, lotou a sala improvisada num galp\u00e3o comercial[&#8230;]<\/p>\n","protected":false},"author":2,"featured_media":7331,"comment_status":"open","ping_status":"open","sticky":false,"template":"","format":"standard","meta":[],"categories":[2],"tags":[66,237,252,263,279,869,1133,1251],"_links":{"self":[{"href":"https:\/\/projetocineb.com.br\/index.php?rest_route=\/wp\/v2\/posts\/7319"}],"collection":[{"href":"https:\/\/projetocineb.com.br\/index.php?rest_route=\/wp\/v2\/posts"}],"about":[{"href":"https:\/\/projetocineb.com.br\/index.php?rest_route=\/wp\/v2\/types\/post"}],"author":[{"embeddable":true,"href":"https:\/\/projetocineb.com.br\/index.php?rest_route=\/wp\/v2\/users\/2"}],"replies":[{"embeddable":true,"href":"https:\/\/projetocineb.com.br\/index.php?rest_route=%2Fwp%2Fv2%2Fcomments&post=7319"}],"version-history":[{"count":0,"href":"https:\/\/projetocineb.com.br\/index.php?rest_route=\/wp\/v2\/posts\/7319\/revisions"}],"wp:featuredmedia":[{"embeddable":true,"href":"https:\/\/projetocineb.com.br\/index.php?rest_route=\/wp\/v2\/media\/7331"}],"wp:attachment":[{"href":"https:\/\/projetocineb.com.br\/index.php?rest_route=%2Fwp%2Fv2%2Fmedia&parent=7319"}],"wp:term":[{"taxonomy":"category","embeddable":true,"href":"https:\/\/projetocineb.com.br\/index.php?rest_route=%2Fwp%2Fv2%2Fcategories&post=7319"},{"taxonomy":"post_tag","embeddable":true,"href":"https:\/\/projetocineb.com.br\/index.php?rest_route=%2Fwp%2Fv2%2Ftags&post=7319"}],"curies":[{"name":"wp","href":"https:\/\/api.w.org\/{rel}","templated":true}]}}