{"id":732,"date":"2010-05-10T23:56:29","date_gmt":"2010-05-11T02:56:29","guid":{"rendered":"http:\/\/projetocineb.com.br\/?p=732"},"modified":"2010-05-10T23:56:29","modified_gmt":"2010-05-11T02:56:29","slug":"embu-das-artes","status":"publish","type":"post","link":"https:\/\/projetocineb.com.br\/?p=732","title":{"rendered":"EMBU DAS ARTES"},"content":{"rendered":"<p><em>Fotos de Vivian Szelpal<\/em><\/p>\n<p>Embu das Artes teve sua segunda exibi\u00e7\u00e3o gratuita de filmes brasileiros, atrav\u00e9s do <span style=\"color: #ff6600;\">Cine B, realizado pelo Sindicato dos Banc\u00e1rios de S\u00e3o Paulo, Osasco e Regi\u00e3o e Brazucah Produ\u00e7\u00f5es<\/span>. Dessa vez a exibi\u00e7\u00e3o ocorreu <span style=\"color: #ff6600;\">na Escola Municipal Jornalista Jos\u00e9 Ramos<\/span><span style=\"color: #ff6600;\">, organizada <\/span><span style=\"color: #ff6600;\">pela Associa\u00e7\u00e3o Comunit\u00e1ria do Jardim Santa Tereza<\/span>.<\/p>\n<p>H\u00e1 7 anos, Cremilda Maria da Concei\u00e7\u00e3o, fundou a Associa\u00e7\u00e3o com um grupo de 13 pessoas com o objetivo de melhorar a qualidade de vida da regi\u00e3o. \u201cRegistramos e come\u00e7amos nossas atividades num pequeno sal\u00e3o. Hoje funcionamos dentro de uma casa, j\u00e1 temos diversas atividades que acontecem simultaneamente\u201d, disse Cremilda, a qual acrescenta que h\u00e1 2 anos a organiza\u00e7\u00e3o recebe uma verba da Prefeitura, destinada ao pagamento do aluguel.<\/p>\n<p>Bingos beneficentes e bazares, al\u00e9m das doa\u00e7\u00f5es de alguns associados, contribuem para que a Associa\u00e7\u00e3o Comunit\u00e1ria funcione plenamente. Por isso, de segunda a s\u00e1bado s\u00e3o realizadas aulas de artesanato para crian\u00e7as e adultos. Segundo Cremilda, o curso estimula a gera\u00e7\u00e3o de renda e o empreendedorismo. \u201cS\u00e3o 9 professores que se voluntariam para transmitir o conhecimento, alguns s\u00e3o daqui de Embu das Artes e tem uma mulher de S\u00e3o Paulo. No s\u00e1bado tamb\u00e9m temos curso para auxiliar administrativo\u201d, disse Cremilda.<\/p>\n<p>As contribui\u00e7\u00f5es volunt\u00e1rias de cada aluno permitem melhoras no local e o pagamento de contas. <span style=\"color: #ff6600;\">\u201cSomos uma grande fam\u00edlia, quem n\u00e3o pode contribuir participa da mesma forma. Temos um atendimento de 910 pessoas por m\u00eas e um banco de alimento que atende 63 fam\u00edlias, que conta com o apoio da prefeitura local. N\u00e3o \u00e9 f\u00e1cil, mas conseguimos fazer acontecer\u201d, disse Cremilda<\/span>.<\/p>\n<p>Segundo Jos\u00e9 Donizete Martins, assessor do Sindicato dos Banc\u00e1rios e profissional da Secretaria de Imprensa do Sindicato, disse que h\u00e1 30 anos, Embu Gua\u00e7u foi ber\u00e7o de muitos movimentos organizados, os verdadeiros respons\u00e1veis pela melhora na qualidade de vida dos habitantes. <span style=\"color: #ff6600;\">\u201cHoje a cidade tem teatro e pra\u00e7as com academias a c\u00e9u aberto e espa\u00e7o para crian\u00e7as brincarem\u201d, disse Donizete, o qual produz todas as vinhetas que divulgam o Cine B nas comunidades que ser\u00e3o visitadas, atrav\u00e9s do carro de som<\/span>.<\/p>\n<figure id=\"attachment_746\" aria-describedby=\"caption-attachment-746\" style=\"width: 384px\" class=\"wp-caption aligncenter\"><a href=\"http:\/\/projetocineb.com.br\/wp-content\/uploads\/2010\/05\/Embu02.jpg\"><img fetchpriority=\"high\" decoding=\"async\" class=\"size-full wp-image-746  \" title=\"Cartazes feitos pelos pr\u00f3prios alunos, expostos na EM Jorn Jos\u00e9 Ramos\" src=\"http:\/\/projetocineb.com.br\/wp-content\/uploads\/2010\/05\/Embu02.jpg\" alt=\"Cartazes feitos pelos pr\u00f3prios alunos, expostos na EM Jorn Jos\u00e9 Ramos\" width=\"384\" height=\"255\" \/><\/a><figcaption id=\"caption-attachment-746\" class=\"wp-caption-text\">Cartaz feitos pelos pr\u00f3prios alunos, expostos na EM Jorn Jos\u00e9 Ramos<\/figcaption><\/figure>\n<p><span style=\"color: #ff6600;\">\u201cO Cine B acrescenta cultura para n\u00f3s. Minha opini\u00e3o \u00e9 que deveria at\u00e9 ter uma base fixa do Cine B na cidade. Fazer essas exibi\u00e7\u00f5es em todos os bairros e escolas de Embu das Artes, porque toda escola quer ter um projeto como o Cine B, que amplia a cultura do cidad\u00e3o\u201d, disse Donizete<\/span>.<\/p>\n<p>Falando em ensino, para os professores da Escola Estadual Jo\u00e3o Martins, os <span style=\"color: #ff6600;\">empecilhos burocr\u00e1ricos do governo \u00e9 que est\u00e3o dificultando<\/span> o andamento de verdadeiras melhorias para a popula\u00e7\u00e3o. <span style=\"color: #ff6600;\">\u201cH\u00e1 uma preocupa\u00e7\u00e3o reduzida no que diz respeito ao ser humano, ao que ele sonha, deseja e gosta de fazer. Promover atividades nos finais de semana na escola n\u00e3o valem tanto a pena quanto promover atividades inusitadas de segunda a sexta, quando os alunos j\u00e1 est\u00e3o naquele ambiente. Mas a\u00ed n\u00e3o, durante a semana os professores seguem com mat\u00e9rias e provas e quando chega o fim de semana, o aluno que n\u00e3o se identifica com aquele espa\u00e7o n\u00e3o tem tanta vontade assim de ir de novo para a escola. Vivem desanimados\u201d, disse Thiago Lima dos Santos<\/span>, que al\u00e9m de rapper, tamb\u00e9m \u00e9 professor de hist\u00f3ria.<\/p>\n<p>\u201c\u00c9 fundamental mostrar para as pessoas que o espa\u00e7o da escola \u00e9 delas, elas precisam se sentir integradas para promover a mudan\u00e7a e aproveitar aquele ambiente\u201d, disse Aline dos Santos Rocha, professora de primeira a quarta s\u00e9rie da EE Jo\u00e3o Martins.<\/p>\n<figure id=\"attachment_747\" aria-describedby=\"caption-attachment-747\" style=\"width: 384px\" class=\"wp-caption aligncenter\"><a href=\"http:\/\/projetocineb.com.br\/wp-content\/uploads\/2010\/05\/Embu01.jpg\"><img decoding=\"async\" class=\"size-full wp-image-747  \" title=\"Outro cartaz dos alunos\" src=\"http:\/\/projetocineb.com.br\/wp-content\/uploads\/2010\/05\/Embu01.jpg\" alt=\"Outro cartaz dos alunos\" width=\"384\" height=\"255\" \/><\/a><figcaption id=\"caption-attachment-747\" class=\"wp-caption-text\">&quot;A fam\u00edlia n\u00e3o ap\u00f3ia&quot;, diz em outro cartaz dos alunos<\/figcaption><\/figure>\n<p>E quando vemos os espa\u00e7os como o CEU, com investimentos cortados pelo governo estadual, \u00e9 poss\u00edvel perceber como faz falta eventos diferenciados, que ampliem a cultura da popula\u00e7\u00e3o e ofere\u00e7a perspectivas de qualidade de vida.<\/p>\n<p>Por isso, <span style=\"color: #ff6600;\">nessas elei\u00e7\u00f5es, aten\u00e7\u00e3o<\/span> galera!<\/p>\n<figure id=\"attachment_739\" aria-describedby=\"caption-attachment-739\" style=\"width: 384px\" class=\"wp-caption aligncenter\"><a href=\"http:\/\/projetocineb.com.br\/wp-content\/uploads\/2010\/05\/Embu09.jpg\"><img decoding=\"async\" class=\"size-full wp-image-739\" title=\"Eu que vos escrevo, com os professores da EE Jo\u00e3o Martins, Aline dos Santos Rocha, Thiago Lima dos Santos\" src=\"http:\/\/projetocineb.com.br\/wp-content\/uploads\/2010\/05\/Embu09.jpg\" alt=\"\" width=\"384\" height=\"255\" \/><\/a><figcaption id=\"caption-attachment-739\" class=\"wp-caption-text\">Eu que vos escrevo, com os professores da EE Jo\u00e3o Martins, Aline dos Santos Rocha, Thiago Lima dos Santos e S\u00e9rgio Augusto Branco<\/figcaption><\/figure>\n<p style=\"text-align: center;\">\n<h2><span style=\"color: #008000;\">\u201cN\u00c3O SOU BOY\u201d<\/span><\/h2>\n<p>O filme <em><span style=\"color: #ff6600;\">Os 12 trabalhos<\/span><\/em><span style=\"color: #ff6600;\"> apresenta muito bem a brutalidade urbana vivenciada diariamente pelos motoboys<\/span>. Esses profissionais que conectam todos os cantos da cidade, arriscando suas vidas pelo trabalho. A \u00f3tima atua\u00e7\u00e3o de Sidney Santiago e seus companheiros, permite uma viagem de certa forma m\u00e1gica por este universo ca\u00f3tico.<\/p>\n<p>Fazendo rela\u00e7\u00e3o com a educa\u00e7\u00e3o abordada acima, <span style=\"color: #ff6600;\">o personagem Her\u00e1cles \u00e9 motoboy por falta de outros empregos que esteja capacitado, assim como os demais companheiros de profiss\u00e3o<\/span>. Como motoboy \u00e9 preciso apenas saber dirigir uma moto e estar disposto a se aventurar pela selva do tr\u00e2nsito. Mas Her\u00e1cles gosta de desenhar, o que faz muito bem.<\/p>\n<p>Mas por que ele n\u00e3o trabalha com isso? <span style=\"color: #ff6600;\">Talvez porque ningu\u00e9m o avisou que poderia<\/span>.<\/p>\n<p>Talento n\u00e3o existe. Talento \u00e9 algo que brota, que a gente d\u00e1 a oportunidade e ele acontece. Se o Roberto Carlos n\u00e3o tivesse um viol\u00e3o por perto e algu\u00e9m para lhe mostrar como cantar, ele n\u00e3o seria o artista que representa hoje. \u00c9 fundamental que os brasileiro entendam que n\u00e3o \u00e9 s\u00f3 educa\u00e7\u00e3o que nos falta. Falta tamb\u00e9m cultura. Muita cultura. Movimentos como o do grafismo urbano, a m\u00fasica, o cinema, pintura, teatro e a dan\u00e7a precisam ser aproximados dos jovens. Essas oportunidades mudariam destinos, permitiriam aparecer o brilhantismo e genialidade do povo brasileiro. Por isso \u00e9 fundamental essas organiza\u00e7\u00f5es que o Cine B visita nas comunidades. Essas institui\u00e7\u00f5es promovem a mudan\u00e7a que muitas vezes, a burocracia e as brigas pol\u00edticas, como disse o professor Thiago, impedem que o governo seja mais \u00fatil. Mas essas associa\u00e7\u00f5es e cooperativas s\u00f3 funcionam com uni\u00e3o e vontade. \u00c9 preciso ter sabedoria, entender que todas as discuss\u00f5es e horas gastas em planejamento, permitem a\u00e7\u00f5es que fa\u00e7am a comunidade evoluir e tomar for\u00e7as para combater pol\u00edticas descontinudas e, claro, a corrup\u00e7\u00e3o.<\/p>\n<p><span style=\"color: #ff6600;\">O esfor\u00e7o que um habitante empreende em fun\u00e7\u00e3o de sua comunidade, influencia na vida de incont\u00e1veis crian\u00e7as e adolescentes<\/span>. \u00c9 um efeito em cadeia que todos podem experimentar, basta arrega\u00e7ar as mangas e se organizar. Podemos n\u00e3o mudar o mundo com nossas a\u00e7\u00f5es, mas ao menos o bairro que vivemos, podemos mudar.<\/p>\n<h2><span style=\"color: #008000;\">CLICKS<\/span><\/h2>\n<figure id=\"attachment_733\" aria-describedby=\"caption-attachment-733\" style=\"width: 389px\" class=\"wp-caption aligncenter\"><a href=\"http:\/\/projetocineb.com.br\/wp-content\/uploads\/2010\/05\/Embu03.jpg\"><img loading=\"lazy\" decoding=\"async\" class=\"size-full wp-image-733   \" title=\"Acelina Jos\u00e9 de Oliveira da Silve, pela primeira vez assistiu a um filme no cinema, atrav\u00e9s do Cine B. \u201cFiquei muito feliz com esta oportunidade\u201d, disse Acelina. Na foto ela est\u00e1 acompanhada de outra moradora da regi\u00e3o, Maria Edilene\" src=\"http:\/\/projetocineb.com.br\/wp-content\/uploads\/2010\/05\/Embu03.jpg\" alt=\"Acelina Jos\u00e9 de Oliveira da Silve, pela primeira vez assistiu a um filme no cinema, atrav\u00e9s do Cine B. \u201cFiquei muito feliz com esta oportunidade\u201d, disse Acelina. Na foto ela est\u00e1 acompanhada de outra moradora da regi\u00e3o, Maria Edilene\" width=\"389\" height=\"258\" \/><\/a><figcaption id=\"caption-attachment-733\" class=\"wp-caption-text\">Acelina Jos\u00e9 de Oliveira da Silve, pela primeira vez assistiu a um filme no cinema, atrav\u00e9s do Cine B. \u201cFiquei muito feliz com esta oportunidade\u201d, disse Acelina. Na foto ela est\u00e1 acompanhada de outra moradora da regi\u00e3o, Maria Edilene<\/figcaption><\/figure>\n<figure id=\"attachment_735\" aria-describedby=\"caption-attachment-735\" style=\"width: 389px\" class=\"wp-caption aligncenter\"><a href=\"http:\/\/projetocineb.com.br\/wp-content\/uploads\/2010\/05\/Embu04.jpg\"><img loading=\"lazy\" decoding=\"async\" class=\"size-full wp-image-735   \" title=\"Sonia Maria Batista de Brito, veio acompanhada de seu marido Natanael Lima de Brito e as crian\u00e7as Ana Carolina de Carvalho Batista de 5 anos, Lucas Vilhela de Assis, 9, Renato Cassiano Brito de Assis e Juliana Batista de Brito Cassiano\" src=\"http:\/\/projetocineb.com.br\/wp-content\/uploads\/2010\/05\/Embu04.jpg\" alt=\"Sonia Maria Batista de Brito, veio acompanhada de seu marido Natanael Lima de Brito e as crian\u00e7as Ana Carolina de Carvalho Batista de 5 anos, Lucas Vilhela de Assis, 9, Renato Cassiano Brito de Assis e Juliana Batista de Brito Cassiano\" width=\"389\" height=\"258\" \/><\/a><figcaption id=\"caption-attachment-735\" class=\"wp-caption-text\">Sonia Maria Batista de Brito, veio acompanhada de seu marido Natanael Lima de Brito e as crian\u00e7as Ana Carolina de Carvalho Batista de 5 anos, Lucas Vilhela de Assis, 9, Renato Cassiano Brito de Assis e Juliana Batista de Brito Cassiano<\/figcaption><\/figure>\n<figure id=\"attachment_736\" aria-describedby=\"caption-attachment-736\" style=\"width: 384px\" class=\"wp-caption aligncenter\"><a href=\"http:\/\/projetocineb.com.br\/wp-content\/uploads\/2010\/05\/Embu051.jpg\"><img loading=\"lazy\" decoding=\"async\" class=\"size-full wp-image-736  \" title=\"O comerciante da regi\u00e3o, Jos\u00e9 Carlos Souza dos Santos com sua esposa Edivania Mota, o filho Felipe Mota de Almeida Souza e Caio Mota, de 8 anos\" src=\"http:\/\/projetocineb.com.br\/wp-content\/uploads\/2010\/05\/Embu051.jpg\" alt=\"O comerciante da regi\u00e3o, Jos\u00e9 Carlos Souza dos Santos com sua esposa Edivania Mota, o filho Felipe Mota de Almeida Souza e Caio Mota, de 8 anos\" width=\"384\" height=\"255\" \/><\/a><figcaption id=\"caption-attachment-736\" class=\"wp-caption-text\">O comerciante da regi\u00e3o, Jos\u00e9 Carlos Souza dos Santos com sua esposa Edivania Mota, o filho Felipe Mota de Almeida Souza e Caio Mota, de 8 anos<\/figcaption><\/figure>\n<figure id=\"attachment_737\" aria-describedby=\"caption-attachment-737\" style=\"width: 384px\" class=\"wp-caption aligncenter\"><a href=\"http:\/\/projetocineb.com.br\/wp-content\/uploads\/2010\/05\/Embu07.jpg\"><img loading=\"lazy\" decoding=\"async\" class=\"size-full wp-image-737  \" title=\"Na abertura do evento, Cremilda disse que realizou este Cine B porque ela foi em um, noutra comunidade, e que l\u00e1 conheceu um senhor que disse que antes do Cine B, n\u00e3o levava a esposa ao cinema h\u00e1 20 anos\" src=\"http:\/\/projetocineb.com.br\/wp-content\/uploads\/2010\/05\/Embu07.jpg\" alt=\"Na abertura do evento, Cremilda disse que realizou este Cine B porque ela foi em um, noutra comunidade, e que l\u00e1 conheceu um senhor que disse que antes do Cine B, n\u00e3o levava a esposa ao cinema h\u00e1 20 anos\" width=\"384\" height=\"255\" \/><\/a><figcaption id=\"caption-attachment-737\" class=\"wp-caption-text\">Na abertura do evento, Cremilda disse que realizou este Cine B porque ela foi em um, noutra comunidade, e que l\u00e1 conheceu um senhor que disse que antes do Cine B, n\u00e3o levava a esposa ao cinema h\u00e1 20 anos<\/figcaption><\/figure>\n<figure id=\"attachment_738\" aria-describedby=\"caption-attachment-738\" style=\"width: 384px\" class=\"wp-caption aligncenter\"><a href=\"http:\/\/projetocineb.com.br\/wp-content\/uploads\/2010\/05\/Embu08.jpg\"><img loading=\"lazy\" decoding=\"async\" class=\"size-full wp-image-738  \" title=\"Os sortudos da noite que levaram para casa camisetas do Cine B e kits com materiais da exposi\u00e7\u00e3o Corpo Humano\" src=\"http:\/\/projetocineb.com.br\/wp-content\/uploads\/2010\/05\/Embu08.jpg\" alt=\"Os sortudos da noite que levaram para casa camisetas do Cine B e kits com materiais da exposi\u00e7\u00e3o Corpo Humano\" width=\"384\" height=\"255\" \/><\/a><figcaption id=\"caption-attachment-738\" class=\"wp-caption-text\">Os sortudos da noite que levaram para casa camisetas do Cine B e kits com materiais da exposi\u00e7\u00e3o Corpo Humano<\/figcaption><\/figure>\n","protected":false},"excerpt":{"rendered":"<p>Fotos de Vivian Szelpal Embu das Artes teve sua segunda exibi\u00e7\u00e3o gratuita de filmes brasileiros, atrav\u00e9s do Cine B, realizado[&#8230;]<\/p>\n","protected":false},"author":2,"featured_media":0,"comment_status":"open","ping_status":"open","sticky":false,"template":"","format":"standard","meta":[],"categories":[2],"tags":[154,760,894,1062,1121,1132],"_links":{"self":[{"href":"https:\/\/projetocineb.com.br\/index.php?rest_route=\/wp\/v2\/posts\/732"}],"collection":[{"href":"https:\/\/projetocineb.com.br\/index.php?rest_route=\/wp\/v2\/posts"}],"about":[{"href":"https:\/\/projetocineb.com.br\/index.php?rest_route=\/wp\/v2\/types\/post"}],"author":[{"embeddable":true,"href":"https:\/\/projetocineb.com.br\/index.php?rest_route=\/wp\/v2\/users\/2"}],"replies":[{"embeddable":true,"href":"https:\/\/projetocineb.com.br\/index.php?rest_route=%2Fwp%2Fv2%2Fcomments&post=732"}],"version-history":[{"count":0,"href":"https:\/\/projetocineb.com.br\/index.php?rest_route=\/wp\/v2\/posts\/732\/revisions"}],"wp:attachment":[{"href":"https:\/\/projetocineb.com.br\/index.php?rest_route=%2Fwp%2Fv2%2Fmedia&parent=732"}],"wp:term":[{"taxonomy":"category","embeddable":true,"href":"https:\/\/projetocineb.com.br\/index.php?rest_route=%2Fwp%2Fv2%2Fcategories&post=732"},{"taxonomy":"post_tag","embeddable":true,"href":"https:\/\/projetocineb.com.br\/index.php?rest_route=%2Fwp%2Fv2%2Ftags&post=732"}],"curies":[{"name":"wp","href":"https:\/\/api.w.org\/{rel}","templated":true}]}}