{"id":7351,"date":"2015-05-23T22:49:51","date_gmt":"2015-05-24T01:49:51","guid":{"rendered":"http:\/\/projetocineb.com.br\/?p=7351"},"modified":"2015-05-23T22:49:51","modified_gmt":"2015-05-24T01:49:51","slug":"emef-joao-xxiii-lota-sessao-para-ver-curtas-brasileiros","status":"publish","type":"post","link":"https:\/\/projetocineb.com.br\/?p=7351","title":{"rendered":"Emef Jo\u00e3o XXIII lota sess\u00e3o para ver curtas brasileiros"},"content":{"rendered":"<p style=\"text-align: right;\"><strong>Texto e fotos por Carlos Rizzo<\/strong><\/p>\n<p style=\"text-align: center;\"><em>Emef que fica na regi\u00e3o do Butant\u00e3, Zona Oeste, envolveu toda a comunidade escolar para acompanhar seis curtas brasileiros promovido pelo Cine B, na primeira vez que participa do projeto<\/em><em>\u00a0<\/em><\/p>\n<p>Na \u00faltima quinta-feira, 25\/5, o Cine B esteve no Jardim Jo\u00e3o XXIII, no Butant\u00e3, Zona Oeste, na Escola Municipal de Educa\u00e7\u00e3o Fundamental (Emef) Jo\u00e3o XXIII para exibir seis curta-metragens do Selo Cine B da Periferia. A escola, que contou ano passado com o Cine Comunidade (<a href=\"http:\/\/www.cinecomunidade.com.br\" target=\"_blank\">www.cinecomunidade.com.br<\/a>), se preparou para receber o projeto e envolveu professores, alunos, pais, l\u00edderes comunit\u00e1rios e comunidade em geral, transformando a sess\u00e3o do num grande evento de cultura e lazer.<\/p>\n<figure id=\"attachment_7354\" aria-describedby=\"caption-attachment-7354\" style=\"width: 432px\" class=\"wp-caption aligncenter\"><a href=\"http:\/\/projetocineb.com.br\/wp-content\/uploads\/2015\/05\/DSC_0242.jpg\"><img fetchpriority=\"high\" decoding=\"async\" class=\" wp-image-7354   \" title=\"Cr\u00e9ditos: Carlos Eduardo Rizzo\" src=\"http:\/\/projetocineb.com.br\/wp-content\/uploads\/2015\/05\/DSC_0242.jpg\" alt=\"\" width=\"432\" height=\"287\" \/><\/a><figcaption id=\"caption-attachment-7354\" class=\"wp-caption-text\">Mais de 200 pessoas lotaram o p\u00e1tio da escola municipal<\/figcaption><\/figure>\n<p>A abertura da sess\u00e3o contou com uma bel\u00edssima surpresa: o Coro da Emef Jo\u00e3o XXIII, formado por 30 alunos do sexto e nono anos. Comandado pelos professores Fl\u00e1vio Wilson e Ada Marques, o grupo emocionou o p\u00fablico de mais de 200 pessoas que lotou o p\u00e1tio da escola ao interpretar <em>Abra seu cora\u00e7\u00e3o<\/em>, de Fernando Iglesias, <em>Aquarela<\/em>, de Toquinho e <em>O Pato<\/em>, de Toquinho e Vin\u00edcius de Moraes. A \u00faltima m\u00fasica teve uma teatraliza\u00e7\u00e3o in\u00e9dita organizada pelo grupo.<\/p>\n<figure id=\"attachment_7353\" aria-describedby=\"caption-attachment-7353\" style=\"width: 432px\" class=\"wp-caption aligncenter\"><a href=\"http:\/\/projetocineb.com.br\/wp-content\/uploads\/2015\/05\/DSC_0152.jpg\"><img decoding=\"async\" class=\" wp-image-7353   \" title=\"Cr\u00e9ditos: Carlos Eduardo Rizzo\" src=\"http:\/\/projetocineb.com.br\/wp-content\/uploads\/2015\/05\/DSC_0152.jpg\" alt=\"\" width=\"432\" height=\"287\" \/><\/a><figcaption id=\"caption-attachment-7353\" class=\"wp-caption-text\">Coral formado por 30 alunos existe desde 2014<\/figcaption><\/figure>\n<p>Na sequ\u00eancia, o Cine B apresentou os curta-metragens <em>Vendedores Ambulantes \u2013 Gambiarra Ac\u00fastica<\/em>, <em>Procura-se<\/em>, <em>O Xadrez das Cores<\/em>, <em>O Filho da Vizinha<\/em>, <em>O Cubo M\u00e1gico<\/em> e <em>O Troco<\/em>. Todos integram os DVDs 1, 2, 3 e 4 do Selo Cine B do Cinema Brasileiro, que buscar valorizar e divulgar o curta nacional.<\/p>\n<p>O p\u00fablico acompanhou as exibi\u00e7\u00f5es at\u00e9 o final, interagindo e aplaudindo muito cada obra. V\u00e2nia Soares de Lima e J\u00falio Souza Silva, alunos do EJA (Escola de Jovens e Adultos), estavam pela primeira vez numa sess\u00e3o de cinema e gostaram muito do clima. Segundo V\u00e2nia, a comunidade s\u00f3 sai ganhando com esse tipo de iniciativa. \u201cDeveria ter mais\u201d, sentencia. Opini\u00e3o compartilhada pela diretora, Maria Clara Altieri da Silva: \u201cAqui \u00e9 um bairro que n\u00e3o tem op\u00e7\u00e3o. Nossos alunos precisam de um momento de cultura e a parceria pode proporcionar isso. N\u00f3s estamos sempre de portas abertas para receber projetos como o Cine B\u201d.<\/p>\n<figure id=\"attachment_7356\" aria-describedby=\"caption-attachment-7356\" style=\"width: 324px\" class=\"wp-caption aligncenter\"><a href=\"http:\/\/projetocineb.com.br\/wp-content\/uploads\/2015\/05\/DSC_0092.jpg\"><img decoding=\"async\" class=\" wp-image-7356   \" title=\"Cr\u00e9ditos: Carlos Eduardo Rizzo\" src=\"http:\/\/projetocineb.com.br\/wp-content\/uploads\/2015\/05\/DSC_0092.jpg\" alt=\"\" width=\"324\" height=\"487\" \/><\/a><figcaption id=\"caption-attachment-7356\" class=\"wp-caption-text\">V\u00e2nia e J\u00falio, alunos do EJA, pela primeira vez numa sess\u00e3o de cinema<\/figcaption><\/figure>\n<figure id=\"attachment_7367\" aria-describedby=\"caption-attachment-7367\" style=\"width: 432px\" class=\"wp-caption aligncenter\"><a href=\"http:\/\/projetocineb.com.br\/wp-content\/uploads\/2015\/05\/DSC_0251.jpg\"><img loading=\"lazy\" decoding=\"async\" class=\" wp-image-7367   \" title=\"Cr\u00e9ditos: Carlos Eduardo Rizzo\" src=\"http:\/\/projetocineb.com.br\/wp-content\/uploads\/2015\/05\/DSC_0251.jpg\" alt=\"\" width=\"432\" height=\"287\" \/><\/a><figcaption id=\"caption-attachment-7367\" class=\"wp-caption-text\">Maria Clara, diretora da Emef, e Cid\u00e1lio Vieira Santos, coordenador do Cine B<\/figcaption><\/figure>\n<p>Cada curta despertava uma rea\u00e7\u00e3o diferente das pessoas. Marcos Antonio, professor de matem\u00e1tica gostou do curta <em>O Xadrez das Cores<\/em>, que aborda a tem\u00e1tica racista a partir de um olhar de classe social. \u201cEle tem muito ensinamento e uma hist\u00f3ria sobre o preconceito que faz refletir\u201d, comenta. J\u00e1 Tamires Carvalho dos Santos, aluna do sexto ano, integrante do Coral e da equipe de Educomunica\u00e7\u00e3o que cobria o evento para a r\u00e1dio e jornal da escola, preferiu o curta <em>O Troco<\/em>, porque \u201c\u00e9 bastante engra\u00e7ado\u201d.<\/p>\n<figure id=\"attachment_7357\" aria-describedby=\"caption-attachment-7357\" style=\"width: 432px\" class=\"wp-caption aligncenter\"><a href=\"http:\/\/projetocineb.com.br\/wp-content\/uploads\/2015\/05\/DSC_0275.jpg\"><img loading=\"lazy\" decoding=\"async\" class=\" wp-image-7357\" title=\"Cr\u00e9ditos: Carlos Eduardo Rizzo\" src=\"http:\/\/projetocineb.com.br\/wp-content\/uploads\/2015\/05\/DSC_0275.jpg\" alt=\"\" width=\"432\" height=\"287\" \/><\/a><figcaption id=\"caption-attachment-7357\" class=\"wp-caption-text\">Katsuely e Tamires cobriram o evento para a r\u00e1dio e jornal da escola<\/figcaption><\/figure>\n<p>A comunidade do entorno da Emef estava representada pelos alunos da Escola Estadual Jo\u00e3o XXIII, que foram \u00e0 sess\u00e3o acompanhados da professora Maria Vilma Pereira Benfica, e pelos moradores do Residencial Franca, ligados ao Movimento de Moradia da Zona Oeste, que no ano passado contou com uma sess\u00e3o do Cine B. Vanda Maria Dias da Silva, uma das coordenadoras do movimento por mais de 15 anos, adorou reencontrar o Cine B. \u201cAmei os curtas. L\u00e1 (no residencial) nem pude prestar aten\u00e7\u00e3o no filme. Agora gostei de todos\u201d, e complementa: \u201cquero voc\u00eas de volta!\u201d.<\/p>\n<figure id=\"attachment_7358\" aria-describedby=\"caption-attachment-7358\" style=\"width: 432px\" class=\"wp-caption aligncenter\"><a href=\"http:\/\/projetocineb.com.br\/wp-content\/uploads\/2015\/05\/DSC_0055.jpg\"><img loading=\"lazy\" decoding=\"async\" class=\" wp-image-7358   \" title=\"Cr\u00e9ditos: Carlos Eduardo Rizzo\" src=\"http:\/\/projetocineb.com.br\/wp-content\/uploads\/2015\/05\/DSC_0055.jpg\" alt=\"\" width=\"432\" height=\"287\" \/><\/a><figcaption id=\"caption-attachment-7358\" class=\"wp-caption-text\">Professora Vilma, da Escola Estadual Jo\u00e3o XXIII, ao lado de Cid\u00e1lio<\/figcaption><\/figure>\n<figure id=\"attachment_7368\" aria-describedby=\"caption-attachment-7368\" style=\"width: 415px\" class=\"wp-caption aligncenter\"><a href=\"http:\/\/projetocineb.com.br\/wp-content\/uploads\/2015\/05\/DSC_0297.jpg\"><img loading=\"lazy\" decoding=\"async\" class=\" wp-image-7368     \" title=\"Cr\u00e9ditos: Carlos Eduardo Rizzo\" src=\"http:\/\/projetocineb.com.br\/wp-content\/uploads\/2015\/05\/DSC_0297.jpg\" alt=\"\" width=\"415\" height=\"275\" \/><\/a><figcaption id=\"caption-attachment-7368\" class=\"wp-caption-text\">Vanda (segunda a partir da direita) e moradores do Conjunto Franca<\/figcaption><\/figure>\n<p>A sess\u00e3o contou com a presen\u00e7a do idealizador do Cine B, Luiz Cl\u00e1udio Marcolino, ex-deputado estadual e ex-presidente do Sindicato dos Banc\u00e1rios de S\u00e3o Paulo, Osasco e Regi\u00e3o que colaborou no sorteio dos brindes e encerrou as atividades do projeto no dia, agradecendo, em nome do Sindicato dos Banc\u00e1rios, o acolhimento da comunidade: \u201cficamos felizes de ver a comunidade envolvida com o projeto\u201d.<\/p>\n<figure id=\"attachment_7359\" aria-describedby=\"caption-attachment-7359\" style=\"width: 432px\" class=\"wp-caption aligncenter\"><a href=\"http:\/\/projetocineb.com.br\/wp-content\/uploads\/2015\/05\/DSC_0333.jpg\"><img loading=\"lazy\" decoding=\"async\" class=\" wp-image-7359   \" title=\"Cr\u00e9ditos: Carlos Eduardo Rizzo\" src=\"http:\/\/projetocineb.com.br\/wp-content\/uploads\/2015\/05\/DSC_0333.jpg\" alt=\"\" width=\"432\" height=\"287\" \/><\/a><figcaption id=\"caption-attachment-7359\" class=\"wp-caption-text\">Professores da Emef Jo\u00e3o XXIII ao lado de Luiz Cl\u00e1udio Marcolino, idealizador do Cine B<\/figcaption><\/figure>\n<figure id=\"attachment_7369\" aria-describedby=\"caption-attachment-7369\" style=\"width: 435px\" class=\"wp-caption aligncenter\"><a href=\"http:\/\/projetocineb.com.br\/wp-content\/uploads\/2015\/05\/DSC_0285.jpg\"><img loading=\"lazy\" decoding=\"async\" class=\" wp-image-7369     \" title=\"Cr\u00e9ditos: Carlos Eduardo Rizzo\" src=\"http:\/\/projetocineb.com.br\/wp-content\/uploads\/2015\/05\/DSC_0285.jpg\" alt=\"\" width=\"435\" height=\"290\" \/><\/a><figcaption id=\"caption-attachment-7369\" class=\"wp-caption-text\">Sorteio de camisetas para as crian\u00e7as<\/figcaption><\/figure>\n<figure id=\"attachment_7360\" aria-describedby=\"caption-attachment-7360\" style=\"width: 432px\" class=\"wp-caption aligncenter\"><a href=\"http:\/\/projetocineb.com.br\/wp-content\/uploads\/2015\/05\/DSC_0291.jpg\"><img loading=\"lazy\" decoding=\"async\" class=\" wp-image-7360   \" title=\"Cr\u00e9ditos: Carlos Eduardo Rizzo\" src=\"http:\/\/projetocineb.com.br\/wp-content\/uploads\/2015\/05\/DSC_0291.jpg\" alt=\"\" width=\"432\" height=\"287\" \/><\/a><figcaption id=\"caption-attachment-7360\" class=\"wp-caption-text\">Os produtos de beleza org\u00e2nicos da Surya Brasil para quem foi pela primeira vez a uma sess\u00e3o de cinema<\/figcaption><\/figure>\n<figure id=\"attachment_7370\" aria-describedby=\"caption-attachment-7370\" style=\"width: 432px\" class=\"wp-caption aligncenter\"><a href=\"http:\/\/projetocineb.com.br\/wp-content\/uploads\/2015\/05\/DSC_0118.jpg\"><img loading=\"lazy\" decoding=\"async\" class=\" wp-image-7370   \" title=\"Cr\u00e9ditos: Carlos Eduardo Rizzo\" src=\"http:\/\/projetocineb.com.br\/wp-content\/uploads\/2015\/05\/DSC_0118.jpg\" alt=\"\" width=\"432\" height=\"287\" \/><\/a><figcaption id=\"caption-attachment-7370\" class=\"wp-caption-text\">At\u00e9 a pr\u00f3xima sess\u00e3o!<\/figcaption><\/figure>\n<p style=\"text-align: center;\"><a href=\"https:\/\/flic.kr\/s\/aHskc2imrB\" target=\"_blank\">CLIQUE AQUI PARA VER MAIS FOTOS DA SESS\u00c3O<\/a><\/p>\n<p><strong><em>At\u00e9 a pr\u00f3xima sess\u00e3o!<\/em><\/strong><\/p>\n<p>O Cine B \u00e9 um projeto que tem como miss\u00e3o a forma\u00e7\u00e3o de p\u00fablico para o cinema brasileiro. Criado em 2007 pelo Sindicato dos Banc\u00e1rios de S\u00e3o Paulo, Osasco e Regi\u00e3o em parceria com a Brazucah Produ\u00e7\u00f5es, j\u00e1 realizou mais de 350 sess\u00f5es de cinema por toda a cidade de S\u00e3o Paulo, Osasco e Regi\u00e3o, exibindo mais de 60 filmes brasileiros entre longas e curtas-metragens para cerca de 43 mil pessoas. Conta com o apoio de m\u00eddia da edi\u00e7\u00e3o brasileira do Le Monde Diplomatique.<\/p>\n","protected":false},"excerpt":{"rendered":"<p>Texto e fotos por Carlos Rizzo Emef que fica na regi\u00e3o do Butant\u00e3, Zona Oeste, envolveu toda a comunidade escolar[&#8230;]<\/p>\n","protected":false},"author":2,"featured_media":7373,"comment_status":"open","ping_status":"open","sticky":false,"template":"","format":"standard","meta":[],"categories":[2],"tags":[161,237,241,247,263,702,1095],"_links":{"self":[{"href":"https:\/\/projetocineb.com.br\/index.php?rest_route=\/wp\/v2\/posts\/7351"}],"collection":[{"href":"https:\/\/projetocineb.com.br\/index.php?rest_route=\/wp\/v2\/posts"}],"about":[{"href":"https:\/\/projetocineb.com.br\/index.php?rest_route=\/wp\/v2\/types\/post"}],"author":[{"embeddable":true,"href":"https:\/\/projetocineb.com.br\/index.php?rest_route=\/wp\/v2\/users\/2"}],"replies":[{"embeddable":true,"href":"https:\/\/projetocineb.com.br\/index.php?rest_route=%2Fwp%2Fv2%2Fcomments&post=7351"}],"version-history":[{"count":0,"href":"https:\/\/projetocineb.com.br\/index.php?rest_route=\/wp\/v2\/posts\/7351\/revisions"}],"wp:featuredmedia":[{"embeddable":true,"href":"https:\/\/projetocineb.com.br\/index.php?rest_route=\/wp\/v2\/media\/7373"}],"wp:attachment":[{"href":"https:\/\/projetocineb.com.br\/index.php?rest_route=%2Fwp%2Fv2%2Fmedia&parent=7351"}],"wp:term":[{"taxonomy":"category","embeddable":true,"href":"https:\/\/projetocineb.com.br\/index.php?rest_route=%2Fwp%2Fv2%2Fcategories&post=7351"},{"taxonomy":"post_tag","embeddable":true,"href":"https:\/\/projetocineb.com.br\/index.php?rest_route=%2Fwp%2Fv2%2Ftags&post=7351"}],"curies":[{"name":"wp","href":"https:\/\/api.w.org\/{rel}","templated":true}]}}