{"id":7379,"date":"2015-05-25T19:12:01","date_gmt":"2015-05-25T22:12:01","guid":{"rendered":"http:\/\/projetocineb.com.br\/?p=7379"},"modified":"2015-05-25T19:12:01","modified_gmt":"2015-05-25T22:12:01","slug":"cine-b-leva-cinema-brasileiro-ao-extremo-da-zona-sul","status":"publish","type":"post","link":"https:\/\/projetocineb.com.br\/?p=7379","title":{"rendered":"Cine B leva cinema brasileiro ao extremo da Zona Sul"},"content":{"rendered":"<p style=\"text-align: right;\"><strong>Texto por Carlos Rizzo<\/strong><\/p>\n<p style=\"text-align: right;\"><strong>Fotos por Carlos Rizzo e Danilo Ramos<\/strong><\/p>\n<p><em>Barragem \u00e9 um dos bairros mais carentes da cidade de S\u00e3o Paulo. Fica a 60 Km do centro e contou, pela primeira vez, com uma sess\u00e3o do Cine B. Al\u00e9m do filme, a popula\u00e7\u00e3o pode assistir a uma apresenta\u00e7\u00e3o da fanfarra da escola e recebeu a Liga do Bem, formado por estudantes fantasiados que organizam brincadeiras e distribuem doces para as crian\u00e7as.<\/em><\/p>\n<p>Quem acompanha o Cine B imagina que o projeto j\u00e1 rodou boa parte da cidade de S\u00e3o Paulo nesses sete anos. Mas sempre tem um lugar novo que nos surpreende. Dessa vez, a comunidade da Barragem foi protagonista, no \u00faltimo s\u00e1bado, 23 de maio, de um dos momentos mais emocionantes da hist\u00f3ria do projeto.<\/p>\n<figure id=\"attachment_7393\" aria-describedby=\"caption-attachment-7393\" style=\"width: 432px\" class=\"wp-caption aligncenter\"><a href=\"http:\/\/projetocineb.com.br\/wp-content\/uploads\/2015\/05\/IMG_9071.jpg\"><img fetchpriority=\"high\" decoding=\"async\" class=\" wp-image-7393  \" title=\"Cr\u00e9ditos: Danilo Ramos\" src=\"http:\/\/projetocineb.com.br\/wp-content\/uploads\/2015\/05\/IMG_9071.jpg\" alt=\"\" width=\"432\" height=\"288\" \/><\/a><figcaption id=\"caption-attachment-7393\" class=\"wp-caption-text\">(Cr\u00e9ditos: Danilo Ramos) Fila para a sess\u00e3o do CINEB, no bairro da Barragem, extremo da zona sul de SP<\/figcaption><\/figure>\n<p>Localizada no extremo sul da cidade de S\u00e3o Paulo, 15 Km depois de Parelheiros e cerca de 60 Km do centro da cidade, Barragem \u00e9 um bairro pacato, mas com muita defici\u00eancia em infraestrutura. A aus\u00eancia de saneamento b\u00e1sico, asfalto, internet e a dist\u00e2ncia de tudo torna a vida de seus de oito mil habitantes bem dif\u00edcil. Mas seus moradores se unem para enfrentar as dificuldades e a Escola Estadual Prof. Joaquim Alvares Cruz \u00e9 um dos pontos de apoio da comunidade. Est\u00e1 sempre aberta para receber seus moradores e at\u00e9 de outras regi\u00f5es nos finais de semana no projeto Escola da Fam\u00edlia, e acolhe todos que a procuram. Foi assim tamb\u00e9m com o Cine B.<\/p>\n<figure id=\"attachment_7389\" aria-describedby=\"caption-attachment-7389\" style=\"width: 420px\" class=\"wp-caption aligncenter\"><a href=\"http:\/\/projetocineb.com.br\/wp-content\/uploads\/2015\/05\/IMG_9328.jpg\"><img decoding=\"async\" class=\" wp-image-7389 \" title=\"Cr\u00e9ditos: Danilo Ramos\" src=\"http:\/\/projetocineb.com.br\/wp-content\/uploads\/2015\/05\/IMG_9328.jpg\" alt=\"\" width=\"420\" height=\"280\" \/><\/a><figcaption id=\"caption-attachment-7389\" class=\"wp-caption-text\">(cr\u00e9ditos: Danilo Ramos) Moradores se deslocaram at\u00e9 15 Km para ir para sess\u00e3o de cinema do Cine B na escola do Jardim Barragem<\/figcaption><\/figure>\n<p>Tudo come\u00e7ou com uma das mais articuladas moradoras do local, a S\u00f4nia Estela da Silva, conhecida como Fuma\u00e7a entre os banc\u00e1rios e Nega Fu na comunidade em que mora h\u00e1 quase 30 anos. Nega Fu tem uma longa hist\u00f3ria com as lutas sindicais. Foi banc\u00e1ria nos anos 1980 e durante a greve geral de 1983, que lutava pelo fim da ditadura militar e pela redemocratiza\u00e7\u00e3o do pa\u00eds, foi presa pol\u00edtica por mais de 30 dias. Em sua trajet\u00f3ria, foi sindicalista e passou por v\u00e1rios empregos at\u00e9 retornar ao Sindicato. Atualmente Nega Fu \u00e9 funcion\u00e1ria da Regional Sul do Sindicato dos Banc\u00e1rios.<\/p>\n<figure id=\"attachment_7381\" aria-describedby=\"caption-attachment-7381\" style=\"width: 432px\" class=\"wp-caption aligncenter\"><a href=\"http:\/\/projetocineb.com.br\/wp-content\/uploads\/2015\/05\/DSC_0347.jpg\"><img decoding=\"async\" class=\" wp-image-7381   \" title=\"Cr\u00e9ditos: Carlos Eduardo Rizzo\" src=\"http:\/\/projetocineb.com.br\/wp-content\/uploads\/2015\/05\/DSC_0347.jpg\" alt=\"\" width=\"432\" height=\"287\" \/><\/a><figcaption id=\"caption-attachment-7381\" class=\"wp-caption-text\">(Cr\u00e9ditos: Carlos Rizzo) Nega Fu, lideran\u00e7a comunit\u00e1ria e Edna, diretora da escola, unem esfor\u00e7os para levar o melhor para o bairro<\/figcaption><\/figure>\n<p>Foi ela que, em dezembro de 2014, articulou a entrega, na escola, de brinquedos pelos diretores do Sindicato dos Banc\u00e1rios. A a\u00e7\u00e3o deu t\u00e3o certo que a entidade voltou para a Barragem, agora com o cinema. Foi uma noite inesquec\u00edvel para as mais de 250 pessoas que compareceram \u00e0 sess\u00e3o para acompanhar as perip\u00e9cias de Fernando e seus amigos, personagens do filme <em>O Menino no Espelho<\/em> (2013), dirigido por Guilherme Fi\u00faza Zenha, que adaptou a obra de Fernando Sabino para a telona. \u201c\u00c9 de uma import\u00e2ncia muito grande trazer cultura para c\u00e1. [A Barragem] \u00c9 o \u00faltimo bairro da cidade, divisa com Itanha\u00e9m. Estou orgulhosa por acreditarem que a gente existe, por nos prestigiarem\u201d, confessou.<\/p>\n<figure id=\"attachment_7390\" aria-describedby=\"caption-attachment-7390\" style=\"width: 420px\" class=\"wp-caption aligncenter\"><a href=\"http:\/\/projetocineb.com.br\/wp-content\/uploads\/2015\/05\/IMG_9221.jpg\"><img loading=\"lazy\" decoding=\"async\" class=\" wp-image-7390 \" title=\"Cr\u00e9ditos: Danilo Ramos\" src=\"http:\/\/projetocineb.com.br\/wp-content\/uploads\/2015\/05\/IMG_9221.jpg\" alt=\"\" width=\"420\" height=\"280\" \/><\/a><figcaption id=\"caption-attachment-7390\" class=\"wp-caption-text\">(Cr\u00e9ditos: Danilo Ramos) Crian\u00e7as na fila da pipoca<\/figcaption><\/figure>\n<p>Quem tamb\u00e9m estava muito feliz com o projeto era a diretora Edna Cristina da Silva. \u201cEstou sem palavras, n\u00e3o imaginava que o cinema pudesse chegar aqui. \u00c9 um bairro carente, a comunidade s\u00f3 tem a escola, ent\u00e3o aqui tem que ter um significado para eles, tem que ter cultura\u201d, comenta. Edna lembra que a escola mant\u00e9m o ensino fundamental durante o dia e ensino m\u00e9dio \u00e0 noite. Conta com uma fanfarra desde 2007, financiada pelo programa Mais Educa\u00e7\u00e3o do Governo Federal. O grupo tem como regentes Rodrigo Carvalho, conhecido como Big\u00e3o, e Jaqueline Nascimento. Ambos estudaram na escola e hoje est\u00e3o \u00e0 frente do grupo formado por 89 alunos e ex-alunos. Rodrigo explica que a fanfarra \u00e9 a \u00fanica em toda a regi\u00e3o de Parelheiros e \u201csempre se apresenta em eventos locais e nas comemora\u00e7\u00f5es municipais do sete de setembro\u201d. Na abertura da sess\u00e3o, o grupo fez uma apresenta\u00e7\u00e3o com cerca de 40 de seus integrantes.<\/p>\n<figure id=\"attachment_7382\" aria-describedby=\"caption-attachment-7382\" style=\"width: 432px\" class=\"wp-caption aligncenter\"><a href=\"http:\/\/projetocineb.com.br\/wp-content\/uploads\/2015\/05\/DSC_0422.jpg\"><img loading=\"lazy\" decoding=\"async\" class=\" wp-image-7382   \" title=\"Cr\u00e9ditos: Carlos Eduardo Rizzo\" src=\"http:\/\/projetocineb.com.br\/wp-content\/uploads\/2015\/05\/DSC_0422.jpg\" alt=\"\" width=\"432\" height=\"287\" \/><\/a><figcaption id=\"caption-attachment-7382\" class=\"wp-caption-text\">(Cr\u00e9ditos: Carlos Rizzo) Fanfarra, formada por 89 integrantes entre alunos e ex-alunos da escola apresentou suas principais marchas<\/figcaption><\/figure>\n<figure id=\"attachment_7392\" aria-describedby=\"caption-attachment-7392\" style=\"width: 432px\" class=\"wp-caption aligncenter\"><a href=\"http:\/\/projetocineb.com.br\/wp-content\/uploads\/2015\/05\/IMG_9438.jpg\"><img loading=\"lazy\" decoding=\"async\" class=\" wp-image-7392  \" src=\"http:\/\/projetocineb.com.br\/wp-content\/uploads\/2015\/05\/IMG_9438.jpg\" alt=\"\" width=\"432\" height=\"288\" \/><\/a><figcaption id=\"caption-attachment-7392\" class=\"wp-caption-text\">(Cr\u00e9ditos: Danilo Ramos) Grupo de Fanfarra da Escola Estadual Prof. Joaquim Alvares Cruz <\/figcaption><\/figure>\n<p>A comunidade marcou presen\u00e7a no evento. N\u00e3o sobrou cadeira vazia. Muitos vieram de longe, cerca de 10, 15Km, para ver pela primeira vez uma sess\u00e3o de cinema. Sideilde Aparecida Chagas, 34 anos, conhecida como Preta, trouxe os oito filhos. A mais velha, Ketheleyn, 19 anos, ajudava a m\u00e3e a cuidar do mais novo, Ot\u00e1vio Augusto, 7 anos. Preta conta que mora no bairro h\u00e1 11 anos e trabalha em Santo Amaro. \u201cEstou adorando. \u00c9 a primeira vez na vida que eu fa\u00e7o um programa de lazer com todos os meus filhos\u201d, comemora. J\u00e1 Silvia Santos de Oliveira, 48 anos, juntou a fam\u00edlia, 11 pessoas entre filhos, genros e netos, para ir pela primeira vez ao cinema. Sua filha Patricia Santos Calunga, 27 anos, m\u00e3e solteira de Emilly, Gabriel e Ana Beatriz, aprovou a atividade: \u201caqui n\u00e3o tem nada, nem cultura, nem lazer. As crian\u00e7as t\u00eam oportunidade de conhecer o que \u00e9 isso\u201d. J\u00e1 Maria dos Santos Neves, 64 anos conta que na juventude, quando teve oportunidade, nunca foi ao cinema. \u201cAgora, sozinha, n\u00e3o vou mesmo. Minha vizinha, Geja, que me convidou. E estou adorando\u201d.<\/p>\n<figure id=\"attachment_7383\" aria-describedby=\"caption-attachment-7383\" style=\"width: 432px\" class=\"wp-caption aligncenter\"><a href=\"http:\/\/projetocineb.com.br\/wp-content\/uploads\/2015\/05\/DSC_0353.jpg\"><img loading=\"lazy\" decoding=\"async\" class=\" wp-image-7383   \" title=\"Cr\u00e9ditos: Carlos Eduardo Rizo\" src=\"http:\/\/projetocineb.com.br\/wp-content\/uploads\/2015\/05\/DSC_0353.jpg\" alt=\"\" width=\"432\" height=\"287\" \/><\/a><figcaption id=\"caption-attachment-7383\" class=\"wp-caption-text\">(Cr\u00e9ditos: Carlos Rizzo) Sandra e os filhos Gabriel, Emilly e Ana Beatriz (colo). Atr\u00e1s, a m\u00e3e, Silvia, todos pela primeira vez no cinema<\/figcaption><\/figure>\n<p>Para o idealizador do Cine B, o ex-deputado e atual diretor do Sindicato dos Banc\u00e1rios, Luiz Cl\u00e1udio Marcolino que esteve na acompnhado da diretora Fernanda Reis, nesses oito anos o projeto foi testado e aprovado e tem se consolidado cada vez mais na cidade. \u201cAl\u00e9m de levar o cinema nacional, o Cine B integra a comunidade local, juntando escola, igreja e movimentos sociais\u201d, avalia. Para Fernanda, o Cine B tem oferecido filmes que colaboram no processo educativo, mas o que vale a pena \u00e9 ver a \u201calegria, a integra\u00e7\u00e3o das pessoas. Isso \u00e9 o come\u00e7o de tudo para melhorar o mundo\u201d, finaliza.<\/p>\n<figure id=\"attachment_7384\" aria-describedby=\"caption-attachment-7384\" style=\"width: 432px\" class=\"wp-caption aligncenter\"><a href=\"http:\/\/projetocineb.com.br\/wp-content\/uploads\/2015\/05\/DSC_0483.jpg\"><img loading=\"lazy\" decoding=\"async\" class=\" wp-image-7384   \" title=\"Cr\u00e9ditos: Carlos Eduardo Rizzo \" src=\"http:\/\/projetocineb.com.br\/wp-content\/uploads\/2015\/05\/DSC_0483.jpg\" alt=\"\" width=\"432\" height=\"287\" \/><\/a><figcaption id=\"caption-attachment-7384\" class=\"wp-caption-text\">(Cr\u00e9ditos: Carlos Rizzo) Cid\u00e1lio, Nega Fu, Edna, Luiz Cl\u00e1udio e Fernanda<\/figcaption><\/figure>\n<figure id=\"attachment_7385\" aria-describedby=\"caption-attachment-7385\" style=\"width: 432px\" class=\"wp-caption aligncenter\"><a href=\"http:\/\/projetocineb.com.br\/wp-content\/uploads\/2015\/05\/DSC_0339.jpg\"><img loading=\"lazy\" decoding=\"async\" class=\" wp-image-7385   \" title=\"Cr\u00e9ditos: Carlos Eduardo Rizzo\" src=\"http:\/\/projetocineb.com.br\/wp-content\/uploads\/2015\/05\/DSC_0339.jpg\" alt=\"\" width=\"432\" height=\"287\" \/><\/a><figcaption id=\"caption-attachment-7385\" class=\"wp-caption-text\">(Cr\u00e9ditos: Carlos Rizzo) Professores da escolar compareceram \u00e0 sess\u00e3o. Na foto ao lado do cartaz do filme na entrada da escola<\/figcaption><\/figure>\n<p>Ap\u00f3s a sess\u00e3o, quem entrou em cena foi a Liga do Bem, grupo formado por estudantes de hist\u00f3ria de Osasco que se fantasiam de personagens como Chapeuzinho Vermelho e super-her\u00f3is como Batman, Hulk e Homem de Ferro, para brincar com as crian\u00e7as e distribuir doces. Eduardo Ortega conta que o objetivo do grupo, que esteve no evento a convite de Cid\u00e1lio Santos, coordenador do Cine B, \u201c\u00e9 levar apoio emocional e inclus\u00e3o social\u201d, por onde passa. Foi a primeira vez que a Liga esteve numa sess\u00e3o do projeto.<\/p>\n<figure id=\"attachment_7386\" aria-describedby=\"caption-attachment-7386\" style=\"width: 432px\" class=\"wp-caption aligncenter\"><a href=\"http:\/\/projetocineb.com.br\/wp-content\/uploads\/2015\/05\/DSC_0502.jpg\"><img loading=\"lazy\" decoding=\"async\" class=\" wp-image-7386   \" title=\"Cr\u00e9ditos: Carlos Eduardo Rizzo\" src=\"http:\/\/projetocineb.com.br\/wp-content\/uploads\/2015\/05\/DSC_0502.jpg\" alt=\"\" width=\"432\" height=\"287\" \/><\/a><figcaption id=\"caption-attachment-7386\" class=\"wp-caption-text\">(Cr\u00e9ditos: Carlos Rizzo) Liga do Bem, formada por estudantes de hist\u00f3ria de Osasco, levando divers\u00e3o e solidariedade \u00e0s comunidades carentes<\/figcaption><\/figure>\n<figure id=\"attachment_7388\" aria-describedby=\"caption-attachment-7388\" style=\"width: 432px\" class=\"wp-caption aligncenter\"><a href=\"http:\/\/projetocineb.com.br\/wp-content\/uploads\/2015\/05\/IMG_9788.jpg\"><img loading=\"lazy\" decoding=\"async\" class=\" wp-image-7388  \" title=\"Cr\u00e9ditos: Danilo Ramos\" src=\"http:\/\/projetocineb.com.br\/wp-content\/uploads\/2015\/05\/IMG_9788.jpg\" alt=\"\" width=\"432\" height=\"288\" \/><\/a><figcaption id=\"caption-attachment-7388\" class=\"wp-caption-text\">(cr\u00e9ditos: Danilo Ramos) At\u00e9 a pr\u00f3xima sess\u00e3o!<\/figcaption><\/figure>\n<p style=\"text-align: center;\"><a href=\"https:\/\/flic.kr\/s\/aHskc2Vtkq\" target=\"_blank\">CLIQUE AQUI PARA VER MAIS FOTOS DA SESS\u00c3O<\/a><\/p>\n<p>O Cine B \u00e9 um projeto que tem como miss\u00e3o a forma\u00e7\u00e3o de p\u00fablico para o cinema brasileiro. Criado em 2007 pelo Sindicato dos Banc\u00e1rios de S\u00e3o Paulo, Osasco e Regi\u00e3o em parceria com a Brazucah Produ\u00e7\u00f5es, j\u00e1 realizou mais de 350 sess\u00f5es de cinema por toda a cidade de S\u00e3o Paulo, Osasco e Regi\u00e3o, exibindo mais de 60 filmes brasileiros entre longas e curtas-metragens para cerca de 43 mil pessoas. Conta com o apoio de m\u00eddia da edi\u00e7\u00e3o brasileira do Le Monde Diplomatique.<\/p>\n<p><a href=\"http:\/\/www.facebook.com\/cinemabrasileiro\" target=\"_blank\">www.facebook.com\/cinemabrasileiro<\/a><\/p>\n","protected":false},"excerpt":{"rendered":"<p>Texto por Carlos Rizzo Fotos por Carlos Rizzo e Danilo Ramos Barragem \u00e9 um dos bairros mais carentes da cidade[&#8230;]<\/p>\n","protected":false},"author":2,"featured_media":7395,"comment_status":"open","ping_status":"open","sticky":false,"template":"","format":"standard","meta":[],"categories":[2],"tags":[130,234,260,264,279,550,632,869,963,1095],"_links":{"self":[{"href":"https:\/\/projetocineb.com.br\/index.php?rest_route=\/wp\/v2\/posts\/7379"}],"collection":[{"href":"https:\/\/projetocineb.com.br\/index.php?rest_route=\/wp\/v2\/posts"}],"about":[{"href":"https:\/\/projetocineb.com.br\/index.php?rest_route=\/wp\/v2\/types\/post"}],"author":[{"embeddable":true,"href":"https:\/\/projetocineb.com.br\/index.php?rest_route=\/wp\/v2\/users\/2"}],"replies":[{"embeddable":true,"href":"https:\/\/projetocineb.com.br\/index.php?rest_route=%2Fwp%2Fv2%2Fcomments&post=7379"}],"version-history":[{"count":0,"href":"https:\/\/projetocineb.com.br\/index.php?rest_route=\/wp\/v2\/posts\/7379\/revisions"}],"wp:featuredmedia":[{"embeddable":true,"href":"https:\/\/projetocineb.com.br\/index.php?rest_route=\/wp\/v2\/media\/7395"}],"wp:attachment":[{"href":"https:\/\/projetocineb.com.br\/index.php?rest_route=%2Fwp%2Fv2%2Fmedia&parent=7379"}],"wp:term":[{"taxonomy":"category","embeddable":true,"href":"https:\/\/projetocineb.com.br\/index.php?rest_route=%2Fwp%2Fv2%2Fcategories&post=7379"},{"taxonomy":"post_tag","embeddable":true,"href":"https:\/\/projetocineb.com.br\/index.php?rest_route=%2Fwp%2Fv2%2Ftags&post=7379"}],"curies":[{"name":"wp","href":"https:\/\/api.w.org\/{rel}","templated":true}]}}