{"id":7411,"date":"2015-06-02T18:14:07","date_gmt":"2015-06-02T21:14:07","guid":{"rendered":"http:\/\/projetocineb.com.br\/?p=7411"},"modified":"2015-06-02T18:14:07","modified_gmt":"2015-06-02T21:14:07","slug":"vila-arco-iris-lota-sessao-do-cine-b","status":"publish","type":"post","link":"https:\/\/projetocineb.com.br\/?p=7411","title":{"rendered":"Vila Arco-\u00cdris lota sess\u00e3o do Cine B"},"content":{"rendered":"<p style=\"text-align: right;\"><strong>Texto e fotos por Carlos Rizzo<\/strong><\/p>\n<p><em>Em maio o Cine B fez sua estreia em v\u00e1rias comunidades de S\u00e3o Paulo. A mais recente aconteceu no s\u00e1bado, 30, na Vila Arco-\u00cdris, no Graja\u00fa, Zona Sul. E como acontece por onde o Cine B passa, foi um sucesso.<\/em><\/p>\n<p>O frio e a garoa n\u00e3o impediram que cerca de 250 moradores da Vila Arco-\u00cdris lotassem a quadra do Centro para Crian\u00e7a e Adolescente (CCA) Arco-\u00cdris para acompanhar uma sess\u00e3o do Cine B. Foi a primeira vez que o projeto foi at\u00e9 aquela comunidade, que tem uma longa hist\u00f3ria de luta. A Vila e a Associa\u00e7\u00e3o de Moradores da Vila Arco-\u00cdris (AMAI) surgiram em 1984, quando um grupo de mulheres, em sua grande maioria m\u00e3es solteiras, escolheram aquela regi\u00e3o para construir, por meio de mutir\u00e3o, suas moradias, segundo Margarete Rosa dos Santos, atual presidente da entidade. Margarete chegou um pouco depois desse per\u00edodo, em que havia muitos conflitos. \u201cA pol\u00edcia aparecia e tirava todo mundo, mas depois todos voltavam e assim foi at\u00e9 a gente se fixar definitivamente\u201d. Ela conta que nesse per\u00edodo chegou-se ao nome da vila, pois, em meio aos conflitos, nos dias de chuva, sempre aparecia um arco-\u00edris. Que para muitos era um sinal de esperan\u00e7a.<\/p>\n<figure id=\"attachment_7413\" aria-describedby=\"caption-attachment-7413\" style=\"width: 454px\" class=\"wp-caption aligncenter\"><a href=\"http:\/\/projetocineb.com.br\/wp-content\/uploads\/2015\/06\/DSC_0129.jpg\"><img fetchpriority=\"high\" decoding=\"async\" class=\" wp-image-7413    \" title=\"DSC_0129\" src=\"http:\/\/projetocineb.com.br\/wp-content\/uploads\/2015\/06\/DSC_0129.jpg\" alt=\"\" width=\"454\" height=\"301\" \/><\/a><figcaption id=\"caption-attachment-7413\" class=\"wp-caption-text\">Cerca 250 moradores estiveram na sess\u00e3o do Cine B na Vila Arco-\u00cdris<\/figcaption><\/figure>\n<p>Mais de trinta anos depois a comunidade est\u00e1 consolidada e a AMAI hoje atende os moradores por meio de duas creches, tr\u00eas CCAs, cada um atendendo 120 crian\u00e7as, e um Servi\u00e7o de Assist\u00eancia Social \u00e0s Fam\u00edlias (SASF) conveniados com a Prefeitura de S\u00e3o Paulo. Margarete explica que tomou conhecimento do Cine B a partir dos trabalhos que o Sindicato dos Banc\u00e1rios de S\u00e3o Paulo faz na regi\u00e3o.<\/p>\n<p>O Cine B foi um evento bastante comemorado pelos integrantes da associa\u00e7\u00e3o, que chegaram cedo para ajudar a montar toda a estrutura da sess\u00e3o, j\u00e1 que a quadra n\u00e3o contava com ilumina\u00e7\u00e3o. Os moradores tamb\u00e9m foram aparecendo e, em pouco tempo, as cadeiras estavam lotadas sendo necess\u00e1rio improvisar, com as crian\u00e7as sentando no ch\u00e3o. Em cartaz, o filme <em>O Menino no Espelho<\/em> (2013), de Guilherme Fi\u00faza Zenha, que adaptou as aventuras dos personagens criados por Fernando Sabino para a telona.<\/p>\n<figure id=\"attachment_7414\" aria-describedby=\"caption-attachment-7414\" style=\"width: 486px\" class=\"wp-caption aligncenter\"><a href=\"http:\/\/projetocineb.com.br\/wp-content\/uploads\/2015\/06\/DSC_0092.jpg\"><img decoding=\"async\" class=\" wp-image-7414    \" title=\"DSC_0092\" src=\"http:\/\/projetocineb.com.br\/wp-content\/uploads\/2015\/06\/DSC_0092.jpg\" alt=\"\" width=\"486\" height=\"323\" \/><\/a><figcaption id=\"caption-attachment-7414\" class=\"wp-caption-text\">Professor Emerson e alunos de percuss\u00e3o do CCA Arco-\u00cdris<\/figcaption><\/figure>\n<p>Antes da sess\u00e3o, parte do grupo de percuss\u00e3o do CCA, formado pelos alunos que frequentam o contra-turno escolar, fez uma apresenta\u00e7\u00e3o bastante animada. \u201cFoi a estreia dos novos instrumentos doados pelo Rotary Internacional\u201d explica Emerson Soares de Andrade, que j\u00e1 foi aluno do CCA e hoje \u00e9 professor de percuss\u00e3o. Segundo ele, o grupo existe h\u00e1 dois anos e s\u00f3 agora pode contar com agogos, surdos, caixas, caixetas, repiliques para formar um grupo de percuss\u00e3o. \u201cAntes eram poucos instrumentos e adapt\u00e1vamos com caixas e latas\u201d conta. O grupo realmente aqueceu o cora\u00e7\u00e3o dos presentes, j\u00e1 que o frio foi aumentando conforme a noite foi chegando.<\/p>\n<figure id=\"attachment_7415\" aria-describedby=\"caption-attachment-7415\" style=\"width: 486px\" class=\"wp-caption aligncenter\"><a href=\"http:\/\/projetocineb.com.br\/wp-content\/uploads\/2015\/06\/DSC_0090.jpg\"><img decoding=\"async\" class=\" wp-image-7415    \" title=\"DSC_0090\" src=\"http:\/\/projetocineb.com.br\/wp-content\/uploads\/2015\/06\/DSC_0090.jpg\" alt=\"\" width=\"486\" height=\"323\" \/><\/a><figcaption id=\"caption-attachment-7415\" class=\"wp-caption-text\">Francisco A. Felix, Cid\u00e1lio e Margarete na apresenta\u00e7\u00e3o do projeto para a comunidade <\/figcaption><\/figure>\n<p>Na sess\u00e3o muitos viram possibilidade de unir a fam\u00edlia em torno de um \u00f3timo lazer. Antonia Nazirene Leite da Costa, 48 anos, acompanhava pela primeira vez uma sess\u00e3o de cinema. Ela estava com os filhos Robert e Israel, que insistiram muito para que ela os levasse. \u201cFoi a semana inteira pedindo para que eu os trouxesse ao cinema. Estou adorando porque \u00e9 diferente e muito criativo a forma com que a sess\u00e3o \u00e9 feita\u201d, comenta.<\/p>\n<figure id=\"attachment_7417\" aria-describedby=\"caption-attachment-7417\" style=\"width: 486px\" class=\"wp-caption aligncenter\"><a href=\"http:\/\/projetocineb.com.br\/wp-content\/uploads\/2015\/06\/DSC_0045.jpg\"><img loading=\"lazy\" decoding=\"async\" class=\" wp-image-7417    \" title=\"DSC_0045\" src=\"http:\/\/projetocineb.com.br\/wp-content\/uploads\/2015\/06\/DSC_0045.jpg\" alt=\"\" width=\"486\" height=\"323\" \/><\/a><figcaption id=\"caption-attachment-7417\" class=\"wp-caption-text\">Ant\u00f4nia e os filhos Robert e Israel. \u201cEles insistiram muito para vir\u201d<\/figcaption><\/figure>\n<p>J\u00e1 Nilton Francisco dos Santos, 32 anos, estava acompanhado da esposa Maria Efig\u00eania de Souza, 35 anos, da cunhada Maria Vanda de Souza e dos filhos Tiago e Graziely e todos acompanhavam uma sess\u00e3o de cinema pela primeira vez. Nilton explica que nunca fora ao cinema por ser muito caro levar toda a fam\u00edlia. \u201cEst\u00e1 sendo uma grande oportunidade para a minha fam\u00edlia\u201d, explica.<\/p>\n<figure id=\"attachment_7418\" aria-describedby=\"caption-attachment-7418\" style=\"width: 486px\" class=\"wp-caption aligncenter\"><a href=\"http:\/\/projetocineb.com.br\/wp-content\/uploads\/2015\/06\/DSC_0152.jpg\"><img loading=\"lazy\" decoding=\"async\" class=\" wp-image-7418    \" title=\"DSC_0152\" src=\"http:\/\/projetocineb.com.br\/wp-content\/uploads\/2015\/06\/DSC_0152.jpg\" alt=\"\" width=\"486\" height=\"323\" \/><\/a><figcaption id=\"caption-attachment-7418\" class=\"wp-caption-text\">Maria Vanda, Maria Efig\u00eancia, Nilton, Tiago e Graziely, todos pela primeira vez no cinema<\/figcaption><\/figure>\n<p>Ao final da sess\u00e3o, muitos moradores participaram de sorteios de brindes, comandado pelo coordenador do projeto, Cid\u00e1lio Vieira Santos.<\/p>\n<figure id=\"attachment_7419\" aria-describedby=\"caption-attachment-7419\" style=\"width: 454px\" class=\"wp-caption aligncenter\"><a href=\"http:\/\/projetocineb.com.br\/wp-content\/uploads\/2015\/06\/DSC_0122.jpg\"><img loading=\"lazy\" decoding=\"async\" class=\" wp-image-7419    \" title=\"DSC_0122\" src=\"http:\/\/projetocineb.com.br\/wp-content\/uploads\/2015\/06\/DSC_0122.jpg\" alt=\"\" width=\"454\" height=\"301\" \/><\/a><figcaption id=\"caption-attachment-7419\" class=\"wp-caption-text\">Seu Antonio, nosso pipoqueiro entrega um brinde \u00e0 moradora<\/figcaption><\/figure>\n<figure id=\"attachment_7420\" aria-describedby=\"caption-attachment-7420\" style=\"width: 486px\" class=\"wp-caption aligncenter\"><a href=\"http:\/\/projetocineb.com.br\/wp-content\/uploads\/2015\/06\/DSC_0156.jpg\"><img loading=\"lazy\" decoding=\"async\" class=\" wp-image-7420    \" title=\"DSC_0156\" src=\"http:\/\/projetocineb.com.br\/wp-content\/uploads\/2015\/06\/DSC_0156.jpg\" alt=\"\" width=\"486\" height=\"323\" \/><\/a><figcaption id=\"caption-attachment-7420\" class=\"wp-caption-text\">At\u00e9 a pr\u00f3xima sess\u00e3o!<\/figcaption><\/figure>\n<p style=\"text-align: center;\"><a href=\"https:\/\/flic.kr\/s\/aHskd7euqo\" target=\"_blank\">CLIQUE AQUI PARA VER MAIS FOTOS DA SESS\u00c3O<\/a><\/p>\n<p>O Cine B \u00e9 um projeto que tem como miss\u00e3o a forma\u00e7\u00e3o de p\u00fablico para o cinema brasileiro. Criado em 2007 pelo Sindicato dos Banc\u00e1rios de S\u00e3o Paulo, Osasco e Regi\u00e3o em parceria com a Brazucah Produ\u00e7\u00f5es, j\u00e1 realizou mais de 350 sess\u00f5es de cinema por toda a cidade de S\u00e3o Paulo, Osasco e Regi\u00e3o. J\u00e1 foram exibidos mais de 78 longas-metragens e 50 curtas-metragens, al\u00e9m da realiza\u00e7\u00e3o de 23 pr\u00e9-estreias exclusivas para um p\u00fablico de mais de 43 mil pessoas. Conta com o apoio de m\u00eddia da edi\u00e7\u00e3o brasileira do Le Monde Diplomatique.<\/p>\n","protected":false},"excerpt":{"rendered":"<p>Texto e fotos por Carlos Rizzo Em maio o Cine B fez sua estreia em v\u00e1rias comunidades de S\u00e3o Paulo.[&#8230;]<\/p>\n","protected":false},"author":2,"featured_media":7425,"comment_status":"open","ping_status":"open","sticky":false,"template":"","format":"standard","meta":[],"categories":[2],"tags":[252,260,263,577,869,1128,1251],"_links":{"self":[{"href":"https:\/\/projetocineb.com.br\/index.php?rest_route=\/wp\/v2\/posts\/7411"}],"collection":[{"href":"https:\/\/projetocineb.com.br\/index.php?rest_route=\/wp\/v2\/posts"}],"about":[{"href":"https:\/\/projetocineb.com.br\/index.php?rest_route=\/wp\/v2\/types\/post"}],"author":[{"embeddable":true,"href":"https:\/\/projetocineb.com.br\/index.php?rest_route=\/wp\/v2\/users\/2"}],"replies":[{"embeddable":true,"href":"https:\/\/projetocineb.com.br\/index.php?rest_route=%2Fwp%2Fv2%2Fcomments&post=7411"}],"version-history":[{"count":0,"href":"https:\/\/projetocineb.com.br\/index.php?rest_route=\/wp\/v2\/posts\/7411\/revisions"}],"wp:featuredmedia":[{"embeddable":true,"href":"https:\/\/projetocineb.com.br\/index.php?rest_route=\/wp\/v2\/media\/7425"}],"wp:attachment":[{"href":"https:\/\/projetocineb.com.br\/index.php?rest_route=%2Fwp%2Fv2%2Fmedia&parent=7411"}],"wp:term":[{"taxonomy":"category","embeddable":true,"href":"https:\/\/projetocineb.com.br\/index.php?rest_route=%2Fwp%2Fv2%2Fcategories&post=7411"},{"taxonomy":"post_tag","embeddable":true,"href":"https:\/\/projetocineb.com.br\/index.php?rest_route=%2Fwp%2Fv2%2Ftags&post=7411"}],"curies":[{"name":"wp","href":"https:\/\/api.w.org\/{rel}","templated":true}]}}