{"id":7469,"date":"2015-06-19T12:24:31","date_gmt":"2015-06-19T15:24:31","guid":{"rendered":"http:\/\/projetocineb.com.br\/?p=7469"},"modified":"2015-06-19T12:24:31","modified_gmt":"2015-06-19T15:24:31","slug":"nem-todos-os-moradores-tem-a-experiencia-do-cinema","status":"publish","type":"post","link":"https:\/\/projetocineb.com.br\/?p=7469","title":{"rendered":"Cine B chega \u00e0 Bela Vista"},"content":{"rendered":"<p style=\"text-align: right;\"><strong>Texto e fotos por Carlos Rizzo<\/strong><\/p>\n<p style=\"text-align: center;\"><strong>\u201cNem todos os moradores t\u00eam a experi\u00eancia do cinema\u201d<\/strong><\/p>\n<p><em>No \u00faltimo dia 16 de junho, o famoso bairro do Bixiga, regi\u00e3o da Bela Vista, em S\u00e3o Paulo, foi protagonista de um dos mais marcantes momentos do Cine B neste ano. O sal\u00e3o paroquial da igreja Nossa Senhora Achiropita lotou para assistir ao filme <\/em>Rio 2<em>.<\/em><\/p>\n<p>\u201cEmbora estejamos no centro, nem todos os moradores t\u00eam a experi\u00eancia do cinema\u201d, explica padre Paulo S\u00e9rgio Correia, p\u00e1roco da igreja Nossa Senhora Achiropita, que recebeu pela primeira vez uma sess\u00e3o do Cine B no sal\u00e3o paroquial onde acontece uma das mais tradicionais festas populares de S\u00e3o Paulo.<\/p>\n<figure id=\"attachment_7470\" aria-describedby=\"caption-attachment-7470\" style=\"width: 459px\" class=\"wp-caption aligncenter\"><a href=\"http:\/\/projetocineb.com.br\/wp-content\/uploads\/2015\/06\/DSC_0234.jpg\"><img fetchpriority=\"high\" decoding=\"async\" class=\" wp-image-7470     \" title=\"DSC_0234\" src=\"http:\/\/projetocineb.com.br\/wp-content\/uploads\/2015\/06\/DSC_0234.jpg\" alt=\"\" width=\"459\" height=\"305\" \/><\/a><figcaption id=\"caption-attachment-7470\" class=\"wp-caption-text\">O sal\u00e3o paroquial acostumado a grande festas encheu mais uma vez com o Cine B<\/figcaption><\/figure>\n<figure id=\"attachment_7471\" aria-describedby=\"caption-attachment-7471\" style=\"width: 437px\" class=\"wp-caption aligncenter\"><a href=\"http:\/\/projetocineb.com.br\/wp-content\/uploads\/2015\/06\/DSC_0182.jpg\"><img decoding=\"async\" class=\" wp-image-7471     \" title=\"DSC_0182\" src=\"http:\/\/projetocineb.com.br\/wp-content\/uploads\/2015\/06\/DSC_0182.jpg\" alt=\"\" width=\"437\" height=\"291\" \/><\/a><figcaption id=\"caption-attachment-7471\" class=\"wp-caption-text\">A comunidade respondeu \u00e0 mobiliza\u00e7\u00e3o para assistir Rio 2<\/figcaption><\/figure>\n<p>Apesar do Bixiga, ficar ao lado do mais importante corredor econ\u00f4mico e cultural do pa\u00eds, a avenida Paulista, com in\u00fameras salas de cinema, boa parte de seus moradores n\u00e3o t\u00eam acesso a esses equipamentos pelas condi\u00e7\u00f5es econ\u00f4micas e sociais que enfrentam, explica Carmen Mascarenhas, educadora popular de sa\u00fade, conselheira participativa e moradora da regi\u00e3o h\u00e1 30 anos. \u201cO centro oferece todas as oportunidades do mundo, mas infelizmente n\u00e3o \u00e9 para todos. S\u00f3 projetos como o Cine B atendem a demanda por mais cultura em nossa cidade\u201d, completa.<\/p>\n<figure id=\"attachment_7472\" aria-describedby=\"caption-attachment-7472\" style=\"width: 450px\" class=\"wp-caption aligncenter\"><a href=\"http:\/\/projetocineb.com.br\/wp-content\/uploads\/2015\/06\/DSC_0251.jpg\"><img decoding=\"async\" class=\" wp-image-7472      \" title=\"DSC_0251\" src=\"http:\/\/projetocineb.com.br\/wp-content\/uploads\/2015\/06\/DSC_0251.jpg\" alt=\"\" width=\"450\" height=\"299\" \/><\/a><figcaption id=\"caption-attachment-7472\" class=\"wp-caption-text\">Padre Paulo S\u00e9rgio (com microfone) ao lado coordenador do Cine B Cid\u00e1lio Vieira Santos, no in\u00edcio da sess\u00e3o<\/figcaption><\/figure>\n<p>Por isso a popula\u00e7\u00e3o respondeu \u00e0 mobiliza\u00e7\u00e3o feita pelas obras sociais ligadas \u00e0 igreja, como o Centro Educacional Dom Orione (CEDO) e o Movimento de Alfabetiza\u00e7\u00e3o (MOVA), e \u00e0 lideran\u00e7as como Carmen, Cidinha Aguilar, da Associa\u00e7\u00e3o 28 de agosto, ligada ao Sindicato dos Banc\u00e1rios de S\u00e3o Paulo, Osasco e Regi\u00e3o e Eunice Peres de Oliveira, comerciante da regi\u00e3o e ex-diretora do Sindicato. Mais de 400 pessoas compareceram \u00e0 sess\u00e3o do Cine B que apresentou o longa <em>Rio 2<\/em>, anima\u00e7\u00e3o de Carlos Saldanha, grande sucesso nos cinemas, que conta a hist\u00f3ria de Blu e Jade, um casal de araras azuis, e de seus filhos durante uma jornada \u00e0 Floresta Amaz\u00f4nica.<\/p>\n<p>A sess\u00e3o de <em>Rio 2<\/em> integra a programa\u00e7\u00e3o especial da 16\u00aa edi\u00e7\u00e3o do Cinema Petrobras em Movimento, iniciativa que difunde e exibe filmes de longa-metragem da recente produ\u00e7\u00e3o nacional por todo o pa\u00eds. A parceria com o Cine B, vai possibilitar levar o filme a outras sess\u00f5es, durante o m\u00eas de junho.<\/p>\n<figure id=\"attachment_7473\" aria-describedby=\"caption-attachment-7473\" style=\"width: 459px\" class=\"wp-caption aligncenter\"><a href=\"http:\/\/projetocineb.com.br\/wp-content\/uploads\/2015\/06\/DSC_0225.jpg\"><img loading=\"lazy\" decoding=\"async\" class=\" wp-image-7473     \" title=\"DSC_0225\" src=\"http:\/\/projetocineb.com.br\/wp-content\/uploads\/2015\/06\/DSC_0225.jpg\" alt=\"\" width=\"459\" height=\"305\" \/><\/a><figcaption id=\"caption-attachment-7473\" class=\"wp-caption-text\">Carmen, educadora popular: \u201cS\u00f3 projetos como o Cine B atendem a demanda por mais cultura\u201d<\/figcaption><\/figure>\n<figure id=\"attachment_7474\" aria-describedby=\"caption-attachment-7474\" style=\"width: 486px\" class=\"wp-caption aligncenter\"><a href=\"http:\/\/projetocineb.com.br\/wp-content\/uploads\/2015\/06\/DSC_0295.jpg\"><img loading=\"lazy\" decoding=\"async\" class=\" wp-image-7474    \" title=\"DSC_0295\" src=\"http:\/\/projetocineb.com.br\/wp-content\/uploads\/2015\/06\/DSC_0295.jpg\" alt=\"\" width=\"486\" height=\"323\" \/><\/a><figcaption id=\"caption-attachment-7474\" class=\"wp-caption-text\">Cidinha Aguilar e Eunice tamb\u00e9m foram respons\u00e1veis pela mobiliza\u00e7\u00e3o da comunidade<\/figcaption><\/figure>\n<figure id=\"attachment_7475\" aria-describedby=\"caption-attachment-7475\" style=\"width: 466px\" class=\"wp-caption aligncenter\"><a href=\"http:\/\/projetocineb.com.br\/wp-content\/uploads\/2015\/06\/DSC_0318.jpg\"><img loading=\"lazy\" decoding=\"async\" class=\" wp-image-7475     \" title=\"DSC_0318\" src=\"http:\/\/projetocineb.com.br\/wp-content\/uploads\/2015\/06\/DSC_0318.jpg\" alt=\"\" width=\"466\" height=\"310\" \/><\/a><figcaption id=\"caption-attachment-7475\" class=\"wp-caption-text\">O professor Marco Antonio Ordonis e o coordenador pedag\u00f3gico Marco Antonio Maluf, da Escola Estadual Maria Jos\u00e9, que levou seus alunos \u00e0 sess\u00e3o<\/figcaption><\/figure>\n<p>Os moradores puderam acompanhar, ainda, o curta <em>Lado Centro<\/em>, de 24&#8217;50\u201d, feito a partir de um laborat\u00f3rio livre de cria\u00e7\u00e3o organizado pela Clandestino Filmes e Sesc Pompeia em 2013, e que exp\u00f5e os problemas de moradia na cidade de S\u00e3o Paulo a partir da hist\u00f3ria de cinco mulheres moradoras do Bixiga. A equipe que produziu o filme formada por Nana Della Gatta, Eduardo Marchesan, Rodrigo Pivas, Marcio Sanches e Ot\u00e1vio Lino foi quem apresentou o curta para a plateia.<\/p>\n<figure id=\"attachment_7476\" aria-describedby=\"caption-attachment-7476\" style=\"width: 486px\" class=\"wp-caption aligncenter\"><a href=\"http:\/\/projetocineb.com.br\/wp-content\/uploads\/2015\/06\/DSC_0303.jpg\"><img loading=\"lazy\" decoding=\"async\" class=\" wp-image-7476    \" title=\"DSC_0303\" src=\"http:\/\/projetocineb.com.br\/wp-content\/uploads\/2015\/06\/DSC_0303.jpg\" alt=\"\" width=\"486\" height=\"323\" \/><\/a><figcaption id=\"caption-attachment-7476\" class=\"wp-caption-text\">Equipe de produ\u00e7\u00e3o do curta Lado Centro, exibido antes do longa, ao lado de Cid\u00e1lio<\/figcaption><\/figure>\n<p>Al\u00e9m do cinema, os moradores puderam acompanhar, antes da sess\u00e3o, a apresenta\u00e7\u00e3o da camerata de viol\u00f5es Notas de Ouro, formada por adolescentes moradores da regi\u00e3o da Bela Vista que s\u00e3o alunos de m\u00fasica do CEDO. Regido pelo professor Thomaz Sampaio, o grupo tem como objetivo difundir a m\u00fasica instrumental e j\u00e1 se apresentou em diversas cidades do Brasil. O grupo agradou o p\u00fablico com interpreta\u00e7\u00f5es de v\u00e1rios cl\u00e1ssicos do cinema e da m\u00fasica popular brasileira.<\/p>\n<figure id=\"attachment_7477\" aria-describedby=\"caption-attachment-7477\" style=\"width: 486px\" class=\"wp-caption aligncenter\"><a href=\"http:\/\/projetocineb.com.br\/wp-content\/uploads\/2015\/06\/DSC_0263.jpg\"><img loading=\"lazy\" decoding=\"async\" class=\" wp-image-7477    \" title=\"DSC_0263\" src=\"http:\/\/projetocineb.com.br\/wp-content\/uploads\/2015\/06\/DSC_0263.jpg\" alt=\"\" width=\"486\" height=\"323\" \/><\/a><figcaption id=\"caption-attachment-7477\" class=\"wp-caption-text\">Camerata de viol\u00f5es Notas de Ouro, formada por alunos de m\u00fasica do CEDO <\/figcaption><\/figure>\n<p>Maria Aparecida de Ara\u00fajo, 36 anos, diarista e moradora da regi\u00e3o h\u00e1 oito anos, foi uma das presentes na se\u00e7\u00e3o que nunca tinha entrado num cinema antes. Ela conta que estava l\u00e1 porque quer oferecer \u00e0 filha, Dhalila de 6 anos, oportunidades que ela nunca teve. \u201cSempre trabalhei e nunca tive interesse, mas agora, mesmo cansada, eu vou com minha filha \u00e0s atividades gratuitas como essa\u201d.<\/p>\n<figure id=\"attachment_7478\" aria-describedby=\"caption-attachment-7478\" style=\"width: 486px\" class=\"wp-caption aligncenter\"><a href=\"http:\/\/projetocineb.com.br\/wp-content\/uploads\/2015\/06\/DSC_0311.jpg\"><img loading=\"lazy\" decoding=\"async\" class=\" wp-image-7478    \" title=\"DSC_0311\" src=\"http:\/\/projetocineb.com.br\/wp-content\/uploads\/2015\/06\/DSC_0311.jpg\" alt=\"\" width=\"486\" height=\"323\" \/><\/a><figcaption id=\"caption-attachment-7478\" class=\"wp-caption-text\">M\u00e3e e filha pela primeira vez numa sess\u00e3o de cinema<\/figcaption><\/figure>\n<p>Padre Paulo S\u00e9rgio conta que a expectativa da comunidade pela sess\u00e3o pode ser sentida durante a semana que antecedeu \u00e0 exibi\u00e7\u00e3o, e \u201ccom certeza vai repercutir nas atividades do dia a dia que fazemos com as fam\u00edlias, crian\u00e7as e adolescentes\u201d, comemora. A sess\u00e3o contou ainda com apoio e divulga\u00e7\u00e3o do jornal <em>Centro em Foco<\/em>.<\/p>\n<figure id=\"attachment_7479\" aria-describedby=\"caption-attachment-7479\" style=\"width: 500px\" class=\"wp-caption aligncenter\"><a href=\"http:\/\/projetocineb.com.br\/wp-content\/uploads\/2015\/06\/DSC_0196.jpg\"><img loading=\"lazy\" decoding=\"async\" class=\" wp-image-7479     \" title=\"DSC_0196\" src=\"http:\/\/projetocineb.com.br\/wp-content\/uploads\/2015\/06\/DSC_0196.jpg\" alt=\"\" width=\"500\" height=\"332\" \/><\/a><figcaption id=\"caption-attachment-7479\" class=\"wp-caption-text\">A sess\u00e3o teve pipoca de gra\u00e7a, feita pelo Seu Antonio<\/figcaption><\/figure>\n<figure id=\"attachment_7480\" aria-describedby=\"caption-attachment-7480\" style=\"width: 499px\" class=\"wp-caption aligncenter\"><a href=\"http:\/\/projetocineb.com.br\/wp-content\/uploads\/2015\/06\/DSC_0314.jpg\"><img loading=\"lazy\" decoding=\"async\" class=\" wp-image-7480     \" title=\"DSC_0314\" src=\"http:\/\/projetocineb.com.br\/wp-content\/uploads\/2015\/06\/DSC_0314.jpg\" alt=\"\" width=\"499\" height=\"331\" \/><\/a><figcaption id=\"caption-attachment-7480\" class=\"wp-caption-text\">E sorteio das camisetas do projeto<\/figcaption><\/figure>\n<figure id=\"attachment_7481\" aria-describedby=\"caption-attachment-7481\" style=\"width: 486px\" class=\"wp-caption aligncenter\"><a href=\"http:\/\/projetocineb.com.br\/wp-content\/uploads\/2015\/06\/DSC_0313.jpg\"><img loading=\"lazy\" decoding=\"async\" class=\" wp-image-7481    \" title=\"DSC_0313\" src=\"http:\/\/projetocineb.com.br\/wp-content\/uploads\/2015\/06\/DSC_0313.jpg\" alt=\"\" width=\"486\" height=\"323\" \/><\/a><figcaption id=\"caption-attachment-7481\" class=\"wp-caption-text\">Os jovens Daniel Gomes e Monica Fontenele, do CEDO, colaboraram na produ\u00e7\u00e3o do evento<\/figcaption><\/figure>\n<p>Agradecemos, especialmente, ao Crist\u00f3v\u00e3o Gon\u00e7alves Pereira, diretor do CEDO, que nos apresentou ao Padre Paulo S\u00e9rgio e este incr\u00edvel espa\u00e7o. Nosso muito obrigado!<\/p>\n<p style=\"text-align: center;\"><a href=\"https:\/\/flic.kr\/s\/aHskeiR1gs\" target=\"_blank\">CLIQUE AQUI PARA VER MAIS FOTOS DA SESS\u00c3O<\/a><\/p>\n<p>&#8212;<\/p>\n<p>O CINEB \u00e9 um circuito itinerante de cinema realizado pelo Sindicato dos Banc\u00e1rios de S\u00e3o Paulo, Osasco e Regi\u00e3o e pela Brazucah Produ\u00e7\u00f5es. Desde 2007, o j\u00e1 atingiu um p\u00fablico superior a 40 mil espectadores em mais de 350 sess\u00f5es gratuitas realizadas em comunidades e universidades de S\u00e3o Paulo. A iniciativa busca democratizar o acesso ao cinema nacional e divulgar os filmes produzidos no Brasil. J\u00e1 foram exibidos na tela do CINEB mais de 75 longas-metragens e 50 curtas-metragens, al\u00e9m da realiza\u00e7\u00e3o de pr\u00e9-estreias exclusivas<em>.<\/em> Conta com o apoio de m\u00eddia da edi\u00e7\u00e3o brasileira do <em>Le Monde Diplomatique<\/em>.<\/p>\n","protected":false},"excerpt":{"rendered":"<p>Texto e fotos por Carlos Rizzo \u201cNem todos os moradores t\u00eam a experi\u00eancia do cinema\u201d No \u00faltimo dia 16 de[&#8230;]<\/p>\n","protected":false},"author":2,"featured_media":7489,"comment_status":"open","ping_status":"open","sticky":false,"template":"","format":"standard","meta":[],"categories":[2],"tags":[41,131,237,246,263,279,550,966,1063,1132],"_links":{"self":[{"href":"https:\/\/projetocineb.com.br\/index.php?rest_route=\/wp\/v2\/posts\/7469"}],"collection":[{"href":"https:\/\/projetocineb.com.br\/index.php?rest_route=\/wp\/v2\/posts"}],"about":[{"href":"https:\/\/projetocineb.com.br\/index.php?rest_route=\/wp\/v2\/types\/post"}],"author":[{"embeddable":true,"href":"https:\/\/projetocineb.com.br\/index.php?rest_route=\/wp\/v2\/users\/2"}],"replies":[{"embeddable":true,"href":"https:\/\/projetocineb.com.br\/index.php?rest_route=%2Fwp%2Fv2%2Fcomments&post=7469"}],"version-history":[{"count":0,"href":"https:\/\/projetocineb.com.br\/index.php?rest_route=\/wp\/v2\/posts\/7469\/revisions"}],"wp:featuredmedia":[{"embeddable":true,"href":"https:\/\/projetocineb.com.br\/index.php?rest_route=\/wp\/v2\/media\/7489"}],"wp:attachment":[{"href":"https:\/\/projetocineb.com.br\/index.php?rest_route=%2Fwp%2Fv2%2Fmedia&parent=7469"}],"wp:term":[{"taxonomy":"category","embeddable":true,"href":"https:\/\/projetocineb.com.br\/index.php?rest_route=%2Fwp%2Fv2%2Fcategories&post=7469"},{"taxonomy":"post_tag","embeddable":true,"href":"https:\/\/projetocineb.com.br\/index.php?rest_route=%2Fwp%2Fv2%2Ftags&post=7469"}],"curies":[{"name":"wp","href":"https:\/\/api.w.org\/{rel}","templated":true}]}}