{"id":7493,"date":"2015-06-19T12:58:51","date_gmt":"2015-06-19T15:58:51","guid":{"rendered":"http:\/\/projetocineb.com.br\/?p=7493"},"modified":"2015-06-19T12:58:51","modified_gmt":"2015-06-19T15:58:51","slug":"19-de-junho-e-o-dia-do-cinema-brasileiro","status":"publish","type":"post","link":"https:\/\/projetocineb.com.br\/?p=7493","title":{"rendered":"19 de junho \u00e9 o Dia do Cinema Brasileiro"},"content":{"rendered":"<p><strong>HOJE \u00c9 DIA DO CINEMA BRASILEIRO!<\/strong><\/p>\n<p>19 de junho de 1898. O italiano Afonso Segreto regressa ao Brasil depois de uma das suas viagens comerciais e traz na bagagem um equipamento que at\u00e9 ent\u00e3o nunca tinha sido utilizado no pa\u00eds, o cinemat\u00f3grafo. Ao chegar no Rio de Janeiro, ainda a bordo do navio franc\u00eas Br\u00easil, Segreto faz imagens da baia de Guanabara. O registro ficou marcado na hist\u00f3ria como o primeiro filme genuinamente nacional e a data foi oficializada como o Dia do Cinema Brasileiro.<\/p>\n<p>Ap\u00f3s 116 anos, nosso cinema j\u00e1 contou muitas hist\u00f3rias, contribuiu com a forma\u00e7\u00e3o da identidade brasileira, enfrentou a censura dos anos de chumbo, passou por dificuldades econ\u00f4micas e, sobretudo, emocionou e inspirou v\u00e1rias gera\u00e7\u00f5es. Entretanto, tanto tempo depois de Segreto nos apresentar a inven\u00e7\u00e3o dos irm\u00e3os Lumi\u00e9re, muitos brasileiros ainda n\u00e3o t\u00eam acesso aos cinemas do circuito comercial.<\/p>\n<p>Pensando nestas pessoas e tamb\u00e9m em colaborar com a difus\u00e3o do cinema nacional, o Sindicato criou o projeto CineB, em parceria com a produtora Brazucah Filmes, que leva longas e curtas-metragens brasileiros para lugares onde o circuito comercial n\u00e3o chega. As produ\u00e7\u00f5es s\u00e3o exibidas em igrejas, escolas, associa\u00e7\u00f5es de moradores, quadras de esportes e ao ar livre, em pra\u00e7as, campinhos e at\u00e9 debaixo de um viaduto.<\/p>\n<p>Um dia ap\u00f3s a celebra\u00e7\u00e3o do Dia do Cinema Brasileiro, o CineB exibir\u00e1 no s\u00e1bado 20 o longa de anima\u00e7\u00e3o\u00a0<em>Rio 2<\/em>\u00a0e o curta-metragem\u00a0<em>Pajerama na sede do PROCEDU &#8211; Projeto Cultural Educacional Novo Pantanal,\u00a0<\/em>localizada no bairro da Uni\u00e3o Nova, zona leste da capital paulista. A sess\u00e3o tem in\u00edcio \u00e0s 19h e os interessados devem retirar com anteced\u00eancia os convites no local. O PROCEDU fica na Rua 5 de novembro, 713 (pr\u00f3ximo \u00e0 Igreja Matriz Nossa Senhora Aparecida). Celebre e prestigie o cinema brasileiro, este jovem senhor de 116 anos.<\/p>\n","protected":false},"excerpt":{"rendered":"<p>HOJE \u00c9 DIA DO CINEMA BRASILEIRO! 19 de junho de 1898. O italiano Afonso Segreto regressa ao Brasil depois de[&#8230;]<\/p>\n","protected":false},"author":2,"featured_media":7495,"comment_status":"open","ping_status":"open","sticky":false,"template":"","format":"standard","meta":[],"categories":[7],"tags":[],"_links":{"self":[{"href":"https:\/\/projetocineb.com.br\/index.php?rest_route=\/wp\/v2\/posts\/7493"}],"collection":[{"href":"https:\/\/projetocineb.com.br\/index.php?rest_route=\/wp\/v2\/posts"}],"about":[{"href":"https:\/\/projetocineb.com.br\/index.php?rest_route=\/wp\/v2\/types\/post"}],"author":[{"embeddable":true,"href":"https:\/\/projetocineb.com.br\/index.php?rest_route=\/wp\/v2\/users\/2"}],"replies":[{"embeddable":true,"href":"https:\/\/projetocineb.com.br\/index.php?rest_route=%2Fwp%2Fv2%2Fcomments&post=7493"}],"version-history":[{"count":0,"href":"https:\/\/projetocineb.com.br\/index.php?rest_route=\/wp\/v2\/posts\/7493\/revisions"}],"wp:featuredmedia":[{"embeddable":true,"href":"https:\/\/projetocineb.com.br\/index.php?rest_route=\/wp\/v2\/media\/7495"}],"wp:attachment":[{"href":"https:\/\/projetocineb.com.br\/index.php?rest_route=%2Fwp%2Fv2%2Fmedia&parent=7493"}],"wp:term":[{"taxonomy":"category","embeddable":true,"href":"https:\/\/projetocineb.com.br\/index.php?rest_route=%2Fwp%2Fv2%2Fcategories&post=7493"},{"taxonomy":"post_tag","embeddable":true,"href":"https:\/\/projetocineb.com.br\/index.php?rest_route=%2Fwp%2Fv2%2Ftags&post=7493"}],"curies":[{"name":"wp","href":"https:\/\/api.w.org\/{rel}","templated":true}]}}