{"id":7548,"date":"2015-06-26T15:30:24","date_gmt":"2015-06-26T18:30:24","guid":{"rendered":"http:\/\/projetocineb.com.br\/?p=7548"},"modified":"2015-06-26T15:30:24","modified_gmt":"2015-06-26T18:30:24","slug":"jardim-brasilia-prestigia-mais-uma-sessao-do-cine-b","status":"publish","type":"post","link":"https:\/\/projetocineb.com.br\/?p=7548","title":{"rendered":"Jardim Bras\u00edlia prestigia mais uma sess\u00e3o do Cine B"},"content":{"rendered":"<p style=\"text-align: right;\"><strong>Texto e fotos por Carlos Rizzo<\/strong><\/p>\n<p style=\"text-align: center;\"><em>\u00a0<\/em><em>Mais de 200 pessoas lotaram o sal\u00e3o de atividades da ONG Juntos, que fica na Zonal Leste, para assistir a anima\u00e7\u00e3o <\/em>Rio 2.<em> Foi a quinta vez que os moradores da regi\u00e3o receberam o projeto<\/em><\/p>\n<p style=\"text-align: left;\">Os moradores do Jardim Bras\u00edlia, que fica na regi\u00e3o do Aricanduva, Zona Leste de S\u00e3o Paulo, contaram com mais uma sess\u00e3o do Cine B na \u00faltima quinta, 25 de junho. A ONG Jardins Unidos num Trabalho de Obras Sociais, ou simplesmente Juntos, como \u00e9 conhecida, recebeu pela quinta vez o projeto. Agora para acompanhar as ararinhas azuis Blu, Jade e seus filhos numa aventura pela Floresta Amaz\u00f4nica, na anima\u00e7\u00e3o <em>Rio 2<\/em>, produ\u00e7\u00e3o com roteiro e dire\u00e7\u00e3o do brasileiro Carlos Saldanha.<\/p>\n<figure id=\"attachment_7549\" aria-describedby=\"caption-attachment-7549\" style=\"width: 486px\" class=\"wp-caption aligncenter\"><a href=\"http:\/\/projetocineb.com.br\/wp-content\/uploads\/2015\/06\/DSC_0380.jpg\"><img fetchpriority=\"high\" decoding=\"async\" class=\" wp-image-7549    \" title=\"DSC_0380\" src=\"http:\/\/projetocineb.com.br\/wp-content\/uploads\/2015\/06\/DSC_0380.jpg\" alt=\"\" width=\"486\" height=\"323\" \/><\/a><figcaption id=\"caption-attachment-7549\" class=\"wp-caption-text\">Moradores do Jardim Bras\u00edlia marcaram presen\u00e7a na sess\u00e3o do Cine B <\/figcaption><\/figure>\n<p>A sess\u00e3o de <em>Rio 2<\/em> integra a programa\u00e7\u00e3o especial da 16\u00aa edi\u00e7\u00e3o do Cinema Petrobras em Movimento, iniciativa que difunde e exibe filmes de longa-metragem da recente produ\u00e7\u00e3o nacional por todo o pa\u00eds. A parceria com o Cine B, vai possibilitar levar o filme a outras sess\u00f5es, durante o m\u00eas de junho. No Jardim Bras\u00edlia tamb\u00e9m foi exibido o curta-metragem <em>Pajerama<\/em>, que acompanha a ca\u00e7ada de um \u00edndio em meio a acontecimentos estranhos. A anima\u00e7\u00e3o tem roteiro e dire\u00e7\u00e3o de Leonardo Cadaval.<\/p>\n<figure id=\"attachment_7551\" aria-describedby=\"caption-attachment-7551\" style=\"width: 500px\" class=\"wp-caption aligncenter\"><a href=\"http:\/\/projetocineb.com.br\/wp-content\/uploads\/2015\/06\/DSC_0326.jpg\"><img decoding=\"async\" class=\" wp-image-7551     \" title=\"DSC_0326\" src=\"http:\/\/projetocineb.com.br\/wp-content\/uploads\/2015\/06\/DSC_0326.jpg\" alt=\"\" width=\"500\" height=\"332\" \/><\/a><figcaption id=\"caption-attachment-7551\" class=\"wp-caption-text\">Em cartaz a hist\u00f3ria do casal de ararinhas azuis <\/figcaption><\/figure>\n<p>O Cine B \u00e9 sempre bem-vindo, conta Humberto Canavesi, diretor da entidade e um de seus fundadores, h\u00e1 mais de 35 anos. \u201c\u00c9 uma excelente parceria, movimenta a comunidade al\u00e9m de divulgar o cinema nacional. Hoje temos aqui v\u00e1rias pessoas que nunca foram ao cinema, prova de que sempre vem gente nova participar da atividade. \u00c9 uma iniciativa brilhante do Sindicato dos Banc\u00e1rios\u201d, destaca.<\/p>\n<figure id=\"attachment_7552\" aria-describedby=\"caption-attachment-7552\" style=\"width: 500px\" class=\"wp-caption aligncenter\"><a href=\"http:\/\/projetocineb.com.br\/wp-content\/uploads\/2015\/06\/DSC_0333.jpg\"><img decoding=\"async\" class=\" wp-image-7552     \" title=\"DSC_0333\" src=\"http:\/\/projetocineb.com.br\/wp-content\/uploads\/2015\/06\/DSC_0333.jpg\" alt=\"\" width=\"500\" height=\"332\" \/><\/a><figcaption id=\"caption-attachment-7552\" class=\"wp-caption-text\">Vai uma pipoquinha a\u00ed?<\/figcaption><\/figure>\n<p>A entidade conta com atividades para a terceira idade por meio do N\u00facleo de Conviv\u00eancia para o Idoso, em conv\u00eanio com a prefeitura de S\u00e3o Paulo. Mas tamb\u00e9m oferece atividades para crian\u00e7as e adolescentes. Segundo a professora Cibele Moura, o espa\u00e7o \u00e9 um Ponto de Cultura que abre as portas para a pr\u00e1tica da capoeira. Antes da sess\u00e3o, os alunos fizeram uma bonita apresenta\u00e7\u00e3o de maculel\u00ea e capoeira, comandados pelo contra-mestre Pav\u00e3o.<\/p>\n<figure id=\"attachment_7553\" aria-describedby=\"caption-attachment-7553\" style=\"width: 500px\" class=\"wp-caption aligncenter\"><a href=\"http:\/\/projetocineb.com.br\/wp-content\/uploads\/2015\/06\/DSC_0382.jpg\"><img loading=\"lazy\" decoding=\"async\" class=\" wp-image-7553     \" title=\"DSC_0382\" src=\"http:\/\/projetocineb.com.br\/wp-content\/uploads\/2015\/06\/DSC_0382.jpg\" alt=\"\" width=\"500\" height=\"332\" \/><\/a><figcaption id=\"caption-attachment-7553\" class=\"wp-caption-text\">Grupo de Capoeira Mandinga apresenta uma dan\u00e7a de maculel\u00ea<\/figcaption><\/figure>\n<figure id=\"attachment_7554\" aria-describedby=\"caption-attachment-7554\" style=\"width: 486px\" class=\"wp-caption aligncenter\"><a href=\"http:\/\/projetocineb.com.br\/wp-content\/uploads\/2015\/06\/DSC_0410.jpg\"><img loading=\"lazy\" decoding=\"async\" class=\" wp-image-7554    \" title=\"DSC_0410\" src=\"http:\/\/projetocineb.com.br\/wp-content\/uploads\/2015\/06\/DSC_0410.jpg\" alt=\"\" width=\"486\" height=\"323\" \/><\/a><figcaption id=\"caption-attachment-7554\" class=\"wp-caption-text\">E a tradicional capoeira, um show \u00e0 parte<\/figcaption><\/figure>\n<p>Raulina Ara\u00fajo Ruiz, 70 anos, moradora do bairro h\u00e1 mais de 40 anos e frequentadora do espa\u00e7o, conta que foi a primeira vez que p\u00f4s os p\u00e9s numa sess\u00e3o de cinema. \u201cNunca tive interesse, n\u00e3o encontrava tempo para sair, mas confesso que adorei a sess\u00e3o, \u00e9 muito bom\u201d, avalia. J\u00e1 Marina Matias, 68 anos, moradora do bairro h\u00e1 mais de 20 anos, explica que foi a primeira vez a uma sess\u00e3o por vontade pr\u00f3pria. \u201cUma vez, h\u00e1 mais de 50 anos, fui levada ao cinema pela dona da casa que trabalhava, logo que cheguei de Alagoas. Depois n\u00e3o tive mais oportunidade\u201d, relembra.<\/p>\n<figure id=\"attachment_7555\" aria-describedby=\"caption-attachment-7555\" style=\"width: 500px\" class=\"wp-caption aligncenter\"><a href=\"http:\/\/projetocineb.com.br\/wp-content\/uploads\/2015\/06\/DSC_0370.jpg\"><img loading=\"lazy\" decoding=\"async\" class=\" wp-image-7555     \" title=\"DSC_0370\" src=\"http:\/\/projetocineb.com.br\/wp-content\/uploads\/2015\/06\/DSC_0370.jpg\" alt=\"\" width=\"500\" height=\"332\" \/><\/a><figcaption id=\"caption-attachment-7555\" class=\"wp-caption-text\">Marina, Raulina e seu Luiz com os brindes da Surya Brasil<\/figcaption><\/figure>\n<p>Mesmo aqueles que j\u00e1 foram ao cinema aprovaram o projeto. Wildejany Santo da Silva, 38 anos e sua filha Amanda de F\u00e1tima, 10 anos, aluna de capoeira, ficaram at\u00e9 o final da sess\u00e3o para acompanhar os sorteios dos brindes. \u201c\u00c9 a primeira vez que eu participo e estou gostando\u201d, comentou Wildejany. Como acontece em toda a sess\u00e3o, muitos dos presentes, al\u00e9m de prestigiar um filme brasileiro com pipoca de gra\u00e7a, ainda podem levar brindes para casa.<\/p>\n<figure id=\"attachment_7556\" aria-describedby=\"caption-attachment-7556\" style=\"width: 486px\" class=\"wp-caption aligncenter\"><a href=\"http:\/\/projetocineb.com.br\/wp-content\/uploads\/2015\/06\/DSC_0422.jpg\"><img loading=\"lazy\" decoding=\"async\" class=\" wp-image-7556    \" title=\"DSC_0422\" src=\"http:\/\/projetocineb.com.br\/wp-content\/uploads\/2015\/06\/DSC_0422.jpg\" alt=\"\" width=\"486\" height=\"323\" \/><\/a><figcaption id=\"caption-attachment-7556\" class=\"wp-caption-text\">Cid\u00e1lio Vieira Santos, coordenador do Cine B e Humberto Canevasi, diretor da ONG Juntos, sorteando os brindes<\/figcaption><\/figure>\n<figure id=\"attachment_7557\" aria-describedby=\"caption-attachment-7557\" style=\"width: 500px\" class=\"wp-caption aligncenter\"><a href=\"http:\/\/projetocineb.com.br\/wp-content\/uploads\/2015\/06\/DSC_0423.jpg\"><img loading=\"lazy\" decoding=\"async\" class=\" wp-image-7557     \" title=\"DSC_0423\" src=\"http:\/\/projetocineb.com.br\/wp-content\/uploads\/2015\/06\/DSC_0423.jpg\" alt=\"\" width=\"500\" height=\"332\" \/><\/a><figcaption id=\"caption-attachment-7557\" class=\"wp-caption-text\">Brindes para todas as idades<\/figcaption><\/figure>\n<figure id=\"attachment_7559\" aria-describedby=\"caption-attachment-7559\" style=\"width: 486px\" class=\"wp-caption aligncenter\"><a href=\"http:\/\/projetocineb.com.br\/wp-content\/uploads\/2015\/06\/DSC_0429.jpg\"><img loading=\"lazy\" decoding=\"async\" class=\" wp-image-7559    \" title=\"DSC_0429\" src=\"http:\/\/projetocineb.com.br\/wp-content\/uploads\/2015\/06\/DSC_0429.jpg\" alt=\"\" width=\"486\" height=\"274\" \/><\/a><figcaption id=\"caption-attachment-7559\" class=\"wp-caption-text\">At\u00e9 a pr\u00f3xima sess\u00e3o!<\/figcaption><\/figure>\n<p style=\"text-align: center;\"><a href=\"https:\/\/flic.kr\/s\/aHskfgoBdE\" target=\"_blank\">CLIQUE AQUI PARA VER MAIS FOTOS DA SESS\u00c3O<\/a><\/p>\n<p>O CINEB \u00e9 um circuito itinerante de cinema realizado pelo Sindicato dos Banc\u00e1rios de S\u00e3o Paulo, Osasco e Regi\u00e3o e pela Brazucah Produ\u00e7\u00f5es. Desde 2007, o j\u00e1 atingiu um p\u00fablico superior a 40 mil espectadores em mais de 350 sess\u00f5es gratuitas realizadas em comunidades e universidades de S\u00e3o Paulo. A iniciativa busca democratizar o acesso ao cinema nacional e divulgar os filmes produzidos no Brasil. J\u00e1 foram exibidos na tela do CINEB mais de 75 longas-metragens e 50 curtas-metragens, al\u00e9m da realiza\u00e7\u00e3o de pr\u00e9-estreias exclusivas<em>.<\/em> Conta com o apoio de m\u00eddia da edi\u00e7\u00e3o brasileira do <em>Le Monde Diplomatique<\/em>.<\/p>\n","protected":false},"excerpt":{"rendered":"<p>Texto e fotos por Carlos Rizzo \u00a0Mais de 200 pessoas lotaram o sal\u00e3o de atividades da ONG Juntos, que fica[&#8230;]<\/p>\n","protected":false},"author":2,"featured_media":7574,"comment_status":"open","ping_status":"open","sticky":false,"template":"","format":"standard","meta":[],"categories":[2],"tags":[96,177,237,263,279,284,343,673,887,1063],"_links":{"self":[{"href":"https:\/\/projetocineb.com.br\/index.php?rest_route=\/wp\/v2\/posts\/7548"}],"collection":[{"href":"https:\/\/projetocineb.com.br\/index.php?rest_route=\/wp\/v2\/posts"}],"about":[{"href":"https:\/\/projetocineb.com.br\/index.php?rest_route=\/wp\/v2\/types\/post"}],"author":[{"embeddable":true,"href":"https:\/\/projetocineb.com.br\/index.php?rest_route=\/wp\/v2\/users\/2"}],"replies":[{"embeddable":true,"href":"https:\/\/projetocineb.com.br\/index.php?rest_route=%2Fwp%2Fv2%2Fcomments&post=7548"}],"version-history":[{"count":0,"href":"https:\/\/projetocineb.com.br\/index.php?rest_route=\/wp\/v2\/posts\/7548\/revisions"}],"wp:featuredmedia":[{"embeddable":true,"href":"https:\/\/projetocineb.com.br\/index.php?rest_route=\/wp\/v2\/media\/7574"}],"wp:attachment":[{"href":"https:\/\/projetocineb.com.br\/index.php?rest_route=%2Fwp%2Fv2%2Fmedia&parent=7548"}],"wp:term":[{"taxonomy":"category","embeddable":true,"href":"https:\/\/projetocineb.com.br\/index.php?rest_route=%2Fwp%2Fv2%2Fcategories&post=7548"},{"taxonomy":"post_tag","embeddable":true,"href":"https:\/\/projetocineb.com.br\/index.php?rest_route=%2Fwp%2Fv2%2Ftags&post=7548"}],"curies":[{"name":"wp","href":"https:\/\/api.w.org\/{rel}","templated":true}]}}