{"id":7585,"date":"2015-06-29T19:43:23","date_gmt":"2015-06-29T22:43:23","guid":{"rendered":"http:\/\/projetocineb.com.br\/?p=7585"},"modified":"2015-06-29T19:43:23","modified_gmt":"2015-06-29T22:43:23","slug":"cine-b-faz-sessao-em-igreja-do-jardim-fontalis","status":"publish","type":"post","link":"https:\/\/projetocineb.com.br\/?p=7585","title":{"rendered":"Cine B faz sess\u00e3o em igreja do Jardim Fontalis"},"content":{"rendered":"<p style=\"text-align: right;\"><strong>Texto e fotos por Carlos Rizzo<\/strong><\/p>\n<p style=\"text-align: center;\"><em>Igreja Natividade do Senhor, no Jardim Fontalis, na Zona Norte, abriu as portas para uma sess\u00e3o de cinema no dia 27 de junho. O p\u00fablico acompanhou as aventuras das ararinhas azuis na anima\u00e7\u00e3o Rio 2<\/em><em>\u00a0<\/em><\/p>\n<p>Foi a segunda vez nos oito anos de hist\u00f3ria do Cine B que uma sess\u00e3o de cinema aconteceu dentro de uma igreja. Quem abriu as portas e possibilitou esse momento de confraterniza\u00e7\u00e3o dos fi\u00e9is com o cinema brasileiro, no \u00faltimo s\u00e1bado, 27 de junho, foi a Par\u00f3quia Natividade do Senhor, que fica no Jardim Fontalis, na Zona Norte de S\u00e3o Paulo, uma das regi\u00f5es mais carentes da cidade, e local de muitas lutas dos movimentos populares. Na programa\u00e7\u00e3o, a anima\u00e7\u00e3o <em>Rio 2<\/em>, produ\u00e7\u00e3o com roteiro e dire\u00e7\u00e3o do brasileiro Carlos Saldanha que conta a hist\u00f3ria das ararinhas azuis Blu, Jade e seus filhos numa aventura pela Floresta Amaz\u00f4nica.<\/p>\n<figure id=\"attachment_7587\" aria-describedby=\"caption-attachment-7587\" style=\"width: 486px\" class=\"wp-caption aligncenter\"><a href=\"http:\/\/projetocineb.com.br\/wp-content\/uploads\/2015\/06\/DSC_0486.jpg\"><img fetchpriority=\"high\" decoding=\"async\" class=\" wp-image-7587    \" title=\"DSC_0486\" src=\"http:\/\/projetocineb.com.br\/wp-content\/uploads\/2015\/06\/DSC_0486.jpg\" alt=\"\" width=\"486\" height=\"323\" \/><\/a><figcaption id=\"caption-attachment-7587\" class=\"wp-caption-text\">Moradores do Jardim Fontalis acompanharam uma sess\u00e3o na igreja Natividade do Senhor<\/figcaption><\/figure>\n<p>A sess\u00e3o de <em>Rio 2<\/em> integra a programa\u00e7\u00e3o especial da 16\u00aa edi\u00e7\u00e3o do Cinema Petrobras em Movimento, iniciativa que difunde e exibe filmes de longa-metragem da recente produ\u00e7\u00e3o nacional por todo o pa\u00eds. A parceria com o Cine B, possibilitou levar o filme a v\u00e1rias sess\u00f5es durante o m\u00eas de junho. Antes do filme tamb\u00e9m foi exibido o curta-metragem <em>Pajerama<\/em>, sobre a ca\u00e7ada de um \u00edndio em meio a acontecimentos estranhos na floresta. A anima\u00e7\u00e3o tem roteiro e dire\u00e7\u00e3o de Leonardo Cadaval<\/p>\n<figure id=\"attachment_7588\" aria-describedby=\"caption-attachment-7588\" style=\"width: 486px\" class=\"wp-caption aligncenter\"><a href=\"http:\/\/projetocineb.com.br\/wp-content\/uploads\/2015\/06\/DSC_0459.jpg\"><img decoding=\"async\" class=\" wp-image-7588    \" title=\"DSC_0459\" src=\"http:\/\/projetocineb.com.br\/wp-content\/uploads\/2015\/06\/DSC_0459.jpg\" alt=\"\" width=\"486\" height=\"323\" \/><\/a><figcaption id=\"caption-attachment-7588\" class=\"wp-caption-text\">Em cartaz a hist\u00f3ria do casal de ararinhas azuis<\/figcaption><\/figure>\n<figure id=\"attachment_7589\" aria-describedby=\"caption-attachment-7589\" style=\"width: 486px\" class=\"wp-caption aligncenter\"><a href=\"http:\/\/projetocineb.com.br\/wp-content\/uploads\/2015\/06\/DSC_0481.jpg\"><img decoding=\"async\" class=\" wp-image-7589    \" title=\"DSC_0481\" src=\"http:\/\/projetocineb.com.br\/wp-content\/uploads\/2015\/06\/DSC_0481.jpg\" alt=\"\" width=\"486\" height=\"323\" \/><\/a><figcaption id=\"caption-attachment-7589\" class=\"wp-caption-text\">Muitas fam\u00edlias presentes<\/figcaption><\/figure>\n<p>Para o padre argentino Andr\u00e9s Marengo, que est\u00e1 h\u00e1 15 anos \u00e0 frente da par\u00f3quia, a atividade \u00e9 um momento de encontro da comunidade para fazer algo diferente. \u201c\u00c9 uma grande oportunidade para n\u00f3s a parceria com o Cine B, que possibilita trazer cultura para dentro da igreja. \u00c9 uma forma de valorizar o bairro que \u00e9 t\u00e3o carente\u201d, avalia.<\/p>\n<figure id=\"attachment_7591\" aria-describedby=\"caption-attachment-7591\" style=\"width: 486px\" class=\"wp-caption aligncenter\"><a href=\"http:\/\/projetocineb.com.br\/wp-content\/uploads\/2015\/06\/DSC_0462.jpg\"><img loading=\"lazy\" decoding=\"async\" class=\" wp-image-7591    \" title=\"DSC_0462\" src=\"http:\/\/projetocineb.com.br\/wp-content\/uploads\/2015\/06\/DSC_0462.jpg\" alt=\"\" width=\"486\" height=\"323\" \/><\/a><figcaption id=\"caption-attachment-7591\" class=\"wp-caption-text\">Olha a fila! Todos esperando a pipoca, gratuita, do Seu Antonio<\/figcaption><\/figure>\n<figure id=\"attachment_7592\" aria-describedby=\"caption-attachment-7592\" style=\"width: 486px\" class=\"wp-caption aligncenter\"><a href=\"http:\/\/projetocineb.com.br\/wp-content\/uploads\/2015\/06\/DSC_0471.jpg\"><img loading=\"lazy\" decoding=\"async\" class=\" wp-image-7592    \" title=\"DSC_0471\" src=\"http:\/\/projetocineb.com.br\/wp-content\/uploads\/2015\/06\/DSC_0471.jpg\" alt=\"\" width=\"486\" height=\"323\" \/><\/a><figcaption id=\"caption-attachment-7592\" class=\"wp-caption-text\">Cid\u00e1lio Vieira Santos, coordenador do Cine B, distribuindo brindes antes do filme come\u00e7ar<\/figcaption><\/figure>\n<p>Segundo Maria Madalena Figueiredo, coordenadora da pastoral da sa\u00fade e uma das lideran\u00e7as da comunidade, a par\u00f3quia \u00e9 uma grande refer\u00eancia na regi\u00e3o e as pastorais s\u00e3o muito fortes, atuando nas \u00e1reas social, de sa\u00fade, educa\u00e7\u00e3o, crian\u00e7a, idoso e mulheres entre outras. \u201cUm dos nossos maiores problemas, hoje, \u00e9 a documenta\u00e7\u00e3o dos im\u00f3veis. Existem cerca de 30 loteamentos que est\u00e3o em fase de regulariza\u00e7\u00e3o fundi\u00e1ria e a comunidade conta com apoio da igreja nessas a\u00e7\u00f5es\u201d, conta.<\/p>\n<figure id=\"attachment_7593\" aria-describedby=\"caption-attachment-7593\" style=\"width: 486px\" class=\"wp-caption aligncenter\"><a href=\"http:\/\/projetocineb.com.br\/wp-content\/uploads\/2015\/06\/DSC_0511.jpg\"><img loading=\"lazy\" decoding=\"async\" class=\" wp-image-7593    \" title=\"DSC_0511\" src=\"http:\/\/projetocineb.com.br\/wp-content\/uploads\/2015\/06\/DSC_0511.jpg\" alt=\"\" width=\"486\" height=\"323\" \/><\/a><figcaption id=\"caption-attachment-7593\" class=\"wp-caption-text\">Cid\u00e1lio, coordenador do Cine B, padre Andr\u00e9s e Madalena da pastoral da sa\u00fade na abertura da sess\u00e3o<\/figcaption><\/figure>\n<p>A secret\u00e1ria do padre e catequista Loreni da Silva Santos, que d\u00e1 aulas de evangeliza\u00e7\u00e3o para cerca de 500 pessoas, lembra que a regi\u00e3o \u00e9 muito carente de atividades culturais. \u201cN\u00e3o tem nada, por isso o cinema na igreja causou uma grande repercuss\u00e3o. A gente tinha uma igreja pequena, agora \u00e9 um templo grande, que possibilita trazer muitas novidades para c\u00e1\u201d, comenta. De fato, a igreja chama a aten\u00e7\u00e3o pelas suas dimens\u00f5es e pelo fato de ter sido constru\u00edda em menos de cinco anos, \u201ccom a ajuda de toda a comunidade do Jardim Fontalis\u201d, explica Madalena.<\/p>\n<figure id=\"attachment_7596\" aria-describedby=\"caption-attachment-7596\" style=\"width: 461px\" class=\"wp-caption aligncenter\"><a href=\"http:\/\/projetocineb.com.br\/wp-content\/uploads\/2015\/06\/IMG-20150629-WA0000.jpg\"><img loading=\"lazy\" decoding=\"async\" class=\" wp-image-7596  \" title=\"IMG-20150629-WA0000\" src=\"http:\/\/projetocineb.com.br\/wp-content\/uploads\/2015\/06\/IMG-20150629-WA0000.jpg\" alt=\"\" width=\"461\" height=\"307\" \/><\/a><figcaption id=\"caption-attachment-7596\" class=\"wp-caption-text\">Igreja comportou tranquilamente as cerca de 200 pessoas que compareceram \u00e0 sess\u00e3o<\/figcaption><\/figure>\n<p>Dois jornais da regi\u00e3o nos ajudaram a divulgar sobre a sess\u00e3o. Foram eles a Gazeta da Zona Norte e o SPNorte. Confira umas das mat\u00e9rias <a href=\"http:\/\/http:\/\/jornalspnorte.com.br\/jornal-sp-norte-edicao-667-26-de-junho-a-02-de-julho-de-2015\/#9\" target=\"_blank\">por aqui<\/a>. Al\u00e9m dessas publica\u00e7\u00f5es, tivemos a presen\u00e7a do Jornal S\u00e3o Paulo, importante peri\u00f3dico da igreja cat\u00f3lica. A mat\u00e9ria especial sobre nossa sess\u00e3o sair\u00e1 em breve!<\/p>\n<p>Joana Maristela, 44 anos, moradora da regi\u00e3o h\u00e1 mais de 20 anos, estava satisfeita por assistir a uma sess\u00e3o com o marido e os filhos. Ela conta que a \u00fanica vez que foi ao cinema n\u00e3o pode entrar \u201cporque j\u00e1 n\u00e3o havia ingressos no Center Norte\u201d. Jirlaine de Oliveira Santos, 26 anos, moradora do bairro h\u00e1 6 anos, acompanhada das filhas Kauanny, 8 anos e Mikaelly, 6 anos, lembra que sempre \u201cdeixou para depois ir a uma sess\u00e3o de cinema. Mas hoje eu vim e gostei muito do filme, foi uma boa oportunidade, um encontro bonito. Poderia acontecer mais vezes\u201d destaca.<\/p>\n<figure id=\"attachment_7595\" aria-describedby=\"caption-attachment-7595\" style=\"width: 486px\" class=\"wp-caption aligncenter\"><a href=\"http:\/\/projetocineb.com.br\/wp-content\/uploads\/2015\/06\/DSC_0534.jpg\"><img loading=\"lazy\" decoding=\"async\" class=\" wp-image-7595    \" title=\"DSC_0534\" src=\"http:\/\/projetocineb.com.br\/wp-content\/uploads\/2015\/06\/DSC_0534.jpg\" alt=\"\" width=\"486\" height=\"323\" \/><\/a><figcaption id=\"caption-attachment-7595\" class=\"wp-caption-text\">Jirlaine com as filhas Kauanny e Mikaelly: \u201cPoderia acontecer mais vezes\u201d<\/figcaption><\/figure>\n<figure id=\"attachment_7597\" aria-describedby=\"caption-attachment-7597\" style=\"width: 486px\" class=\"wp-caption aligncenter\"><a href=\"http:\/\/projetocineb.com.br\/wp-content\/uploads\/2015\/06\/DSC_0544.jpg\"><img loading=\"lazy\" decoding=\"async\" class=\" wp-image-7597    \" title=\"DSC_0544\" src=\"http:\/\/projetocineb.com.br\/wp-content\/uploads\/2015\/06\/DSC_0544.jpg\" alt=\"\" width=\"486\" height=\"323\" \/><\/a><figcaption id=\"caption-attachment-7597\" class=\"wp-caption-text\">O ex-banc\u00e1rio e atual educador Fl\u00e1vio Pires, ao lado das filhas, levou um brinde para casa<\/figcaption><\/figure>\n<figure id=\"attachment_7598\" aria-describedby=\"caption-attachment-7598\" style=\"width: 486px\" class=\"wp-caption aligncenter\"><a href=\"http:\/\/projetocineb.com.br\/wp-content\/uploads\/2015\/06\/DSC_0554.jpg\"><img loading=\"lazy\" decoding=\"async\" class=\" wp-image-7598    \" title=\"DSC_0554\" src=\"http:\/\/projetocineb.com.br\/wp-content\/uploads\/2015\/06\/DSC_0554.jpg\" alt=\"\" width=\"486\" height=\"323\" \/><\/a><figcaption id=\"caption-attachment-7598\" class=\"wp-caption-text\">Grupo de jovens da igreja marcaram presen\u00e7a na sess\u00e3o<\/figcaption><\/figure>\n<figure id=\"attachment_7599\" aria-describedby=\"caption-attachment-7599\" style=\"width: 486px\" class=\"wp-caption aligncenter\"><a href=\"http:\/\/projetocineb.com.br\/wp-content\/uploads\/2015\/06\/DSC_0546.jpg\"><img loading=\"lazy\" decoding=\"async\" class=\" wp-image-7599    \" title=\"DSC_0546\" src=\"http:\/\/projetocineb.com.br\/wp-content\/uploads\/2015\/06\/DSC_0546.jpg\" alt=\"\" width=\"486\" height=\"323\" \/><\/a><figcaption id=\"caption-attachment-7599\" class=\"wp-caption-text\">At\u00e9 a pr\u00f3xima sess\u00e3o!<\/figcaption><\/figure>\n<p style=\"text-align: center;\"><a href=\"https:\/\/flic.kr\/s\/aHskeK9DZb\" target=\"_blank\">CLIQUE AQUI PARA VER MAIS FOTOS DA SESS\u00c3O<\/a><\/p>\n<p>O CINEB \u00e9 um circuito itinerante de cinema realizado pelo Sindicato dos Banc\u00e1rios de S\u00e3o Paulo, Osasco e Regi\u00e3o e pela Brazucah Produ\u00e7\u00f5es. Desde 2007, o j\u00e1 atingiu um p\u00fablico superior a 40 mil espectadores em mais de 350 sess\u00f5es gratuitas realizadas em comunidades e universidades de S\u00e3o Paulo. A iniciativa busca democratizar o acesso ao cinema nacional e divulgar os filmes produzidos no Brasil. J\u00e1 foram exibidos na tela do CINEB mais de 75 longas-metragens e 50 curtas-metragens, al\u00e9m da realiza\u00e7\u00e3o de pr\u00e9-estreias exclusivas<em>.<\/em> Conta com o apoio de m\u00eddia da edi\u00e7\u00e3o brasileira do <em>Le Monde Diplomatique<\/em>.<\/p>\n","protected":false},"excerpt":{"rendered":"<p>Texto e fotos por Carlos Rizzo Igreja Natividade do Senhor, no Jardim Fontalis, na Zona Norte, abriu as portas para[&#8230;]<\/p>\n","protected":false},"author":2,"featured_media":7600,"comment_status":"open","ping_status":"open","sticky":false,"template":"","format":"standard","meta":[],"categories":[2],"tags":[96,237,252,263,266,279,343,680,1132,1247,1251],"_links":{"self":[{"href":"https:\/\/projetocineb.com.br\/index.php?rest_route=\/wp\/v2\/posts\/7585"}],"collection":[{"href":"https:\/\/projetocineb.com.br\/index.php?rest_route=\/wp\/v2\/posts"}],"about":[{"href":"https:\/\/projetocineb.com.br\/index.php?rest_route=\/wp\/v2\/types\/post"}],"author":[{"embeddable":true,"href":"https:\/\/projetocineb.com.br\/index.php?rest_route=\/wp\/v2\/users\/2"}],"replies":[{"embeddable":true,"href":"https:\/\/projetocineb.com.br\/index.php?rest_route=%2Fwp%2Fv2%2Fcomments&post=7585"}],"version-history":[{"count":0,"href":"https:\/\/projetocineb.com.br\/index.php?rest_route=\/wp\/v2\/posts\/7585\/revisions"}],"wp:featuredmedia":[{"embeddable":true,"href":"https:\/\/projetocineb.com.br\/index.php?rest_route=\/wp\/v2\/media\/7600"}],"wp:attachment":[{"href":"https:\/\/projetocineb.com.br\/index.php?rest_route=%2Fwp%2Fv2%2Fmedia&parent=7585"}],"wp:term":[{"taxonomy":"category","embeddable":true,"href":"https:\/\/projetocineb.com.br\/index.php?rest_route=%2Fwp%2Fv2%2Fcategories&post=7585"},{"taxonomy":"post_tag","embeddable":true,"href":"https:\/\/projetocineb.com.br\/index.php?rest_route=%2Fwp%2Fv2%2Ftags&post=7585"}],"curies":[{"name":"wp","href":"https:\/\/api.w.org\/{rel}","templated":true}]}}