{"id":7624,"date":"2015-07-03T18:18:05","date_gmt":"2015-07-03T21:18:05","guid":{"rendered":"http:\/\/projetocineb.com.br\/?p=7624"},"modified":"2015-07-03T18:18:05","modified_gmt":"2015-07-03T21:18:05","slug":"o-maestro-do-canao-na-cracolandia","status":"publish","type":"post","link":"https:\/\/projetocineb.com.br\/?p=7624","title":{"rendered":"O maestro do Can\u00e3o na Cracol\u00e2ndia"},"content":{"rendered":"<p style=\"text-align: right;\"><strong>Texto por Carlos Rizzo<\/strong><\/p>\n<p style=\"text-align: right;\"><strong>Fotos por Carlos Rizzo e Danilo Ramos<\/strong><\/p>\n<p style=\"text-align: center;\"><em>Parceria entre Cine B e Prefeitura de S\u00e3o Paulo leva filme<\/em> <em>Sabotage \u2013 O maestro do Can\u00e3o para a regi\u00e3o conhecida como Cracol\u00e2ndia, em sess\u00e3o ao ar livre na \u00faltima quinta, 2 de julho<\/em><\/p>\n<p>Mais uma vez o Cine B foi protagonista de um momento hist\u00f3rico na cidade de S\u00e3o Paulo. Em parceria com a Secretaria Municipal de Direitos Humanos e Cidadania, e com os produtores do filme <em>Sabotage \u2013 o maestro do Can\u00e3o<\/em>, o projeto organizou uma sess\u00e3o ao ar livre na \u00faltima quinta-feira, 2\/7, no centro de S\u00e3o Paulo, na regi\u00e3o conhecida como Cracol\u00e2ndia. A atividade foi poss\u00edvel a partir do convite do secret\u00e1rio de Direitos Humanos e Cidadania e ex-senador Eduardo Suplicy, e contou com a participa\u00e7\u00e3o de Sabotinha, filho do artista, do diretor do filme, Ivan 13P, e do produtor Denis Feij\u00e3o. Tamb\u00e9m marcaram presen\u00e7a os diretores executivos da Brazucah Produ\u00e7\u00f5es Cynthia Al\u00e1rio e Marco Ribeiro da Costa, Marcelo Gon\u00e7alves, integrante da executiva do Sindicato dos Banc\u00e1rios de S\u00e3o Paulo, Osasco e Regi\u00e3o e o secret\u00e1rio-adjunto de Direitos Humanos e Cidadania, Rog\u00e9rio Sottili.<\/p>\n<figure id=\"attachment_7645\" aria-describedby=\"caption-attachment-7645\" style=\"width: 486px\" class=\"wp-caption aligncenter\"><a href=\"http:\/\/projetocineb.com.br\/wp-content\/uploads\/2015\/07\/IMG_94082.jpg\"><img fetchpriority=\"high\" decoding=\"async\" class=\" wp-image-7645    \" title=\"IMG_9408\" src=\"http:\/\/projetocineb.com.br\/wp-content\/uploads\/2015\/07\/IMG_94082.jpg\" alt=\"\" width=\"486\" height=\"324\" \/><\/a><figcaption id=\"caption-attachment-7645\" class=\"wp-caption-text\">Centenas de pessoas acompanharam a exibi\u00e7\u00e3o do filme Sabotage na regi\u00e3o conhecida como Cracol\u00e2ndia (cr\u00e9ditos: Danilo Ramos)<\/figcaption><\/figure>\n<p>O document\u00e1rio apresenta a vida e a obra do lend\u00e1rio rapper e ator Mauro Mateus dos Santos, o Sabotage, morador da Zona Sul de S\u00e3o Paulo, que ficou conhecido no pa\u00eds inteiro pela sua singular poesia e pela participa\u00e7\u00e3o nos filmes<em> O invasor<\/em> e <em>Carandiru<\/em>. Com entrevistas de familiares, amigos e artistas que conviveram com Sabotage at\u00e9 sua morte, em 2003, o filme apresenta cenas de arquivo da vida do<em> rapper<\/em>, onde ele fala, de forma aberta e espont\u00e2nea, sobre a inf\u00e2ncia, a desigualdade, o descaso, a solidariedade e sua vida como m\u00fasico e ator.<\/p>\n<figure id=\"attachment_7636\" aria-describedby=\"caption-attachment-7636\" style=\"width: 480px\" class=\"wp-caption aligncenter\"><a href=\"http:\/\/projetocineb.com.br\/wp-content\/uploads\/2015\/07\/IMG_9769.jpg\"><img decoding=\"async\" class=\" wp-image-7636  \" title=\"IMG_9769\" src=\"http:\/\/projetocineb.com.br\/wp-content\/uploads\/2015\/07\/IMG_9769.jpg\" alt=\"\" width=\"480\" height=\"320\" \/><\/a><figcaption id=\"caption-attachment-7636\" class=\"wp-caption-text\">Suplicy e Cid\u00e1lio, ao lado do cartaz do filme (cr\u00e9ditos: Danilo Ramos)<\/figcaption><\/figure>\n<figure id=\"attachment_7639\" aria-describedby=\"caption-attachment-7639\" style=\"width: 480px\" class=\"wp-caption aligncenter\"><a href=\"http:\/\/projetocineb.com.br\/wp-content\/uploads\/2015\/07\/IMG_9642.jpg\"><img decoding=\"async\" class=\" wp-image-7639  \" title=\"IMG_9642\" src=\"http:\/\/projetocineb.com.br\/wp-content\/uploads\/2015\/07\/IMG_9642.jpg\" alt=\"\" width=\"480\" height=\"320\" \/><\/a><figcaption id=\"caption-attachment-7639\" class=\"wp-caption-text\">Suplicy, Secret\u00e1rio de Direitos Humanos e Cidadania de S\u00e3o Paulo na abertura da sess\u00e3o, na alameda Dino Bueno (cr\u00e9ditos: Danilo Ramos)<\/figcaption><\/figure>\n<p>A sess\u00e3o ao ar livre, comandada por Cid\u00e1lio Vieira Santos, coordenador do Cine B, aconteceu na alameda Dino Bueno, pr\u00f3ximo \u00e0 rua Helvetia, na regi\u00e3o da Luz, no centro da capital, onde a prefeitura de S\u00e3o Paulo implantou o programa De Bra\u00e7os Abertos, que tem como principal objetivo o resgate social dos usu\u00e1rios de crack por meio de uma interven\u00e7\u00e3o n\u00e3o violenta, respeitando-os como cidad\u00e3os com direitos, e oferecendo trabalho remunerado, alimenta\u00e7\u00e3o e moradia. E que segundo informa\u00e7\u00f5es do site da prefeitura, diminuiu o n\u00famero de usu\u00e1rios em 80%. \u201cNos oito anos de exist\u00eancia do Cine B, o projeto esteve em diversas regi\u00f5es, levando o cinema brasileiro para pra\u00e7as, ruas, entidades sociais, sal\u00f5es de igreja, debaixo de viaduto, escolas e estacionamentos. Agora, pela primeira vez, chegamos na Luz, e podemos contribuir com o programa De Bra\u00e7os Abertos\u201d, comemora Cid\u00e1lio.<\/p>\n<figure id=\"attachment_7650\" aria-describedby=\"caption-attachment-7650\" style=\"width: 486px\" class=\"wp-caption aligncenter\"><a href=\"http:\/\/projetocineb.com.br\/wp-content\/uploads\/2015\/07\/IMG_8870.jpg\"><img loading=\"lazy\" decoding=\"async\" class=\" wp-image-7650   \" title=\"IMG_8870\" src=\"http:\/\/projetocineb.com.br\/wp-content\/uploads\/2015\/07\/IMG_8870.jpg\" alt=\"\" width=\"486\" height=\"324\" \/><\/a><figcaption id=\"caption-attachment-7650\" class=\"wp-caption-text\">Cidalio Vieira Santos, coordenador do CINEB, fala sobre a iniciativa de levar cinema \u00e0 Cracol\u00e2ndia<\/figcaption><\/figure>\n<p>Centenas de pessoas circulavam pela alameda enquanto o filme era exibido. Mas tamb\u00e9m um p\u00fablico cativo, sentado nas cadeiras, acompanhou o document\u00e1rio do in\u00edcio ao fim. O casal Katia da Silva, e Luciano Aparecido Reis foi um deles. Luciano conta que \u00e9 um dos cerca de 450 benefici\u00e1rios do Projeto de Bra\u00e7os Abertos h\u00e1 um ano e seis meses e participa de todas as atividades culturais organizadas na regi\u00e3o. Eles explicaram que desde que entraram no projeto passaram a morar em um dos hot\u00e9is da regi\u00e3o, conseguiram trabalho e diminu\u00edram o consumo da droga. K\u00e1tia conta que at\u00e9 far\u00e1 um curso de cabeleireiro para mudar definitivamente de vida. \u201cEu agrade\u00e7o a aten\u00e7\u00e3o e o cuidado que est\u00e3o tendo com a gente\u201d, elogia. Sobre o filme, Luciano conta que a iniciativa de passar uma sess\u00e3o na rua \u00e9 \u201cboa porque traz muita gente para se envolver com cultura\u201d. Edson Rodrigues, outro participante do programa ligado no filme lembrou que a hist\u00f3ria de Sabotage \u00e9 muito comum \u00e0s pessoas daquela regi\u00e3o. \u201c\u00c9 uma inspira\u00e7\u00e3o\u201d.<\/p>\n<figure id=\"attachment_7630\" aria-describedby=\"caption-attachment-7630\" style=\"width: 500px\" class=\"wp-caption aligncenter\"><a href=\"http:\/\/projetocineb.com.br\/wp-content\/uploads\/2015\/07\/DSC_0752.jpg\"><img loading=\"lazy\" decoding=\"async\" class=\" wp-image-7630     \" title=\"DSC_0752\" src=\"http:\/\/projetocineb.com.br\/wp-content\/uploads\/2015\/07\/DSC_0752.jpg\" alt=\"\" width=\"500\" height=\"332\" \/><\/a><figcaption id=\"caption-attachment-7630\" class=\"wp-caption-text\">Casal K\u00e1tia da Silva e Luciano Aparecido Reis prestigiaram a pipoca, oferecida em toda a sess\u00e3o do Cine B (cr\u00e9ditos: Carlos Rizzo)<\/figcaption><\/figure>\n<p>Essa foi a aposta da prefeitura ao realizar a sess\u00e3o, explicou o pr\u00f3prio Suplicy. \u201cOs moradores dessa regi\u00e3o precisam conhecer a hist\u00f3ria desse grande artista de S\u00e3o Paulo, exemplo de vida para muita gente at\u00e9 hoje\u201d. Para Maria Angelica Comis, assessora de pol\u00edtica de drogas da Secretaria de Direitos Humanos e Cidadania e coordenadora do Programa De Bra\u00e7os Abertos, a sess\u00e3o de cinema foi uma a\u00e7\u00e3o espetacular, que conversa com a realidade local. \u201cTemos que fazer outras vezes, trazer cultura de maneira que as pessoas possam participar. Temos muitos artistas que com interven\u00e7\u00f5es como essa acabam relembrando suas hist\u00f3rias de vida, seus potenciais\u201d, acredita.<\/p>\n<figure id=\"attachment_7637\" aria-describedby=\"caption-attachment-7637\" style=\"width: 480px\" class=\"wp-caption aligncenter\"><a href=\"http:\/\/projetocineb.com.br\/wp-content\/uploads\/2015\/07\/IMG_8937.jpg\"><img loading=\"lazy\" decoding=\"async\" class=\" wp-image-7637  \" title=\"IMG_8937\" src=\"http:\/\/projetocineb.com.br\/wp-content\/uploads\/2015\/07\/IMG_8937.jpg\" alt=\"\" width=\"480\" height=\"320\" \/><\/a><figcaption id=\"caption-attachment-7637\" class=\"wp-caption-text\">Sabotinha, os produtores do filme, o diretor Ivan 13P, Suplicy, o secret\u00e1rio-adjunto, Rog\u00e9rio Sottili e Cid\u00e1lio (cr\u00e9ditos: Danilo Ramos)<\/figcaption><\/figure>\n<p>J\u00falio Dojcsar, coordenador da Casa Rodante, projeto-piloto art\u00edstico que circula como um atelier m\u00f3vel \u2013 um ve\u00edculo adaptado \u2013 nas ruas da regi\u00e3o, tamb\u00e9m v\u00ea muito potencial. \u201cA cultura est\u00e1 aqui, presente, ela precisa aflorar. Nossa interven\u00e7\u00e3o com literatura, com os lambe-lambes, trazem os caras para perto, mas o cinema tem o poder do debate\u201d, reflete.<\/p>\n<figure id=\"attachment_7631\" aria-describedby=\"caption-attachment-7631\" style=\"width: 500px\" class=\"wp-caption aligncenter\"><a href=\"http:\/\/projetocineb.com.br\/wp-content\/uploads\/2015\/07\/DSC_0765.jpg\"><img loading=\"lazy\" decoding=\"async\" class=\" wp-image-7631     \" title=\"DSC_0765\" src=\"http:\/\/projetocineb.com.br\/wp-content\/uploads\/2015\/07\/DSC_0765.jpg\" alt=\"\" width=\"500\" height=\"332\" \/><\/a><figcaption id=\"caption-attachment-7631\" class=\"wp-caption-text\">Marcelo Gon\u00e7alves, diretor de Cultura do Sindicato dos Banc\u00e1rios de S\u00e3o Paulo, Osasco e Regi\u00e3o, ao lado de Cid\u00e1lio (cr\u00e9ditos: Carlos Rizzo)<\/figcaption><\/figure>\n<p>O diretor Ivan 13P que conheceu Sabotage e registrou muitos momentos da vida do artista comemora a boa recep\u00e7\u00e3o das ruas ao filme. \u201cO Sabota [como ele chama o artista] aprovaria levar o filme para as comunidades, levar a mensagem a esse p\u00fablico\u201d. Ivan elogiou a estrutura oferecida pelo Cine B, \u201c\u00e9 incr\u00edvel, a melhor exibi\u00e7\u00e3o foi l\u00e1 no Can\u00e3o, onde pegamos o depoimento dele [Sabotage]\u201d, lembra. O Cine B realizou, at\u00e9 o momento, tr\u00eas sess\u00f5es do document\u00e1rio, o lan\u00e7amento na avenida Paulista [veja a reportagem aqui], e uma sess\u00e3o ao ar livre no Can\u00e3o [veja aqui]. Ivan adianta que at\u00e9 o final do ano o filme ser\u00e1 lan\u00e7ado em DVD, depois de j\u00e1 ter passado uma temporada nas salas de cinema. \u201cAgora estamos iniciando um circuito internacional, encaixando o filme em festivais\u201d, termina.<\/p>\n<figure id=\"attachment_7632\" aria-describedby=\"caption-attachment-7632\" style=\"width: 500px\" class=\"wp-caption aligncenter\"><a href=\"http:\/\/projetocineb.com.br\/wp-content\/uploads\/2015\/07\/DSC_0882.jpg\"><img loading=\"lazy\" decoding=\"async\" class=\" wp-image-7632     \" title=\"DSC_0882\" src=\"http:\/\/projetocineb.com.br\/wp-content\/uploads\/2015\/07\/DSC_0882.jpg\" alt=\"\" width=\"500\" height=\"332\" \/><\/a><figcaption id=\"caption-attachment-7632\" class=\"wp-caption-text\">Sabotinha ao lado de um dos moradores da regi\u00e3o (cr\u00e9ditos: Carlos Rizzo)<\/figcaption><\/figure>\n<p>Wanderson Rocha Mateus dos Santos, Sabotinha, confessa que \u00e9 uma honra poder acompanhar uma sess\u00e3o ali na Cracol\u00e2ndia. \u201cMeu pai saiu do rap para o cinema e tenho certeza que seu filme vai inspirar muita gente\u201d. Gon\u00e7alves, que tamb\u00e9m \u00e9 Diretor de Cultura do Sindicato dos Banc\u00e1rios comentou que Sabotage tem tudo a ver com a Luz e os moradores de rua. \u201c\u00c9 fundamental participar dessas a\u00e7\u00f5es, olhar para essa popula\u00e7\u00e3o e mostrar alternativas\u201d, avalia.<\/p>\n<figure id=\"attachment_7633\" aria-describedby=\"caption-attachment-7633\" style=\"width: 500px\" class=\"wp-caption aligncenter\"><a href=\"http:\/\/projetocineb.com.br\/wp-content\/uploads\/2015\/07\/DSC_0883.jpg\"><img loading=\"lazy\" decoding=\"async\" class=\" wp-image-7633     \" title=\"DSC_0883\" src=\"http:\/\/projetocineb.com.br\/wp-content\/uploads\/2015\/07\/DSC_0883.jpg\" alt=\"\" width=\"500\" height=\"332\" \/><\/a><figcaption id=\"caption-attachment-7633\" class=\"wp-caption-text\">F\u00e1bio Batista dos Santos improvisou, ao final da sess\u00e3o, um rap em homenagem a Sabotage (cr\u00e9ditos: Carlos Rizzo) <\/figcaption><\/figure>\n<p>De fato, Sabotage liberou o esp\u00edrito rapper de muitos dos presentes, que cantaram junto com o \u00eddolo em v\u00e1rios momentos da exibi\u00e7\u00e3o. Dois artistas, Meia-Noite e F\u00e1bio Bastista dos Santos cantaram em homenagem ao artista. Ao final da sess\u00e3o, Suplicy satisfeito com o resultado da atividade feita para levar cultura e lazer para os moradores da regi\u00e3o, ligou ao prefeito Fernando Haddad elogiando a organiza\u00e7\u00e3o da sess\u00e3o, a presen\u00e7a dos produtores e diretor do filme e a participa\u00e7\u00e3o do Sindicato dos Banc\u00e1rios, que segundo ele foram fundamentais para o sucesso do evento.<\/p>\n<figure id=\"attachment_7640\" aria-describedby=\"caption-attachment-7640\" style=\"width: 540px\" class=\"wp-caption aligncenter\"><a href=\"http:\/\/projetocineb.com.br\/wp-content\/uploads\/2015\/07\/IMG_9311.jpg\"><img loading=\"lazy\" decoding=\"async\" class=\" wp-image-7640  \" title=\"IMG_9311\" src=\"http:\/\/projetocineb.com.br\/wp-content\/uploads\/2015\/07\/IMG_9311.jpg\" alt=\"\" width=\"540\" height=\"360\" \/><\/a><figcaption id=\"caption-attachment-7640\" class=\"wp-caption-text\">Um retrato fiel da Cracol\u00e2ndia, mas com um brilho diferente que a sess\u00e3o de cinema trouxe para o local (cr\u00e9ditos: Danilo Ramos)<\/figcaption><\/figure>\n<p>Al\u00e9m da Secretaria Municipal de Direitos Humanos e Cidadania a exibi\u00e7\u00e3o contou com o apoio da Secretaria Municipal do Desenvolvimento, Trabalho e Empreendedorismo, Secretaria Municipal de Assist\u00eancia e Desenvolvimento Social, Secretaria Municipal de Servi\u00e7os, Secretaria Municipal de Sa\u00fade e Secretaria Municipal de Seguran\u00e7a Urbana. Agradecemos tamb\u00e9m ao apoio da Coordena\u00e7\u00e3o de Promo\u00e7\u00e3o do Direito \u00e0 Cidade,\u00a0que tamb\u00e9m ajudou na organiza\u00e7\u00e3o da exibi\u00e7\u00e3o do filme na regi\u00e3o.<\/p>\n<p style=\"text-align: center;\"><a href=\"https:\/\/flic.kr\/s\/aHskfA6NWE\" target=\"_blank\">CLIQUE AQUI PARA VER\u00a0MAIS FOTOS DA SESS\u00c3O<\/a><\/p>\n<p>O CINEB \u00e9 um circuito itinerante de cinema realizado pelo Sindicato dos Banc\u00e1rios de S\u00e3o Paulo, Osasco e Regi\u00e3o e pela Brazucah Produ\u00e7\u00f5es. Desde 2007, o j\u00e1 atingiu um p\u00fablico superior a 40 mil espectadores em mais de 350 sess\u00f5es gratuitas realizadas em comunidades e universidades de S\u00e3o Paulo. A iniciativa busca democratizar o acesso ao cinema nacional e divulgar os filmes produzidos no Brasil. J\u00e1 foram exibidos na tela do CINEB mais de 75 longas-metragens e 50 curtas-metragens, al\u00e9m da realiza\u00e7\u00e3o de pr\u00e9-estreias exclusivas<em>.<\/em> Conta com o apoio de m\u00eddia da edi\u00e7\u00e3o brasileira do <em>Le Monde Diplomatique<\/em>.<\/p>\n","protected":false},"excerpt":{"rendered":"<p>Texto por Carlos Rizzo Fotos por Carlos Rizzo e Danilo Ramos Parceria entre Cine B e Prefeitura de S\u00e3o Paulo[&#8230;]<\/p>\n","protected":false},"author":2,"featured_media":7647,"comment_status":"open","ping_status":"open","sticky":false,"template":"","format":"standard","meta":[],"categories":[2],"tags":[252,260,266,338,371,413,424,528,613,657,775,962,984,1029,1032,1077,1078,1100],"_links":{"self":[{"href":"https:\/\/projetocineb.com.br\/index.php?rest_route=\/wp\/v2\/posts\/7624"}],"collection":[{"href":"https:\/\/projetocineb.com.br\/index.php?rest_route=\/wp\/v2\/posts"}],"about":[{"href":"https:\/\/projetocineb.com.br\/index.php?rest_route=\/wp\/v2\/types\/post"}],"author":[{"embeddable":true,"href":"https:\/\/projetocineb.com.br\/index.php?rest_route=\/wp\/v2\/users\/2"}],"replies":[{"embeddable":true,"href":"https:\/\/projetocineb.com.br\/index.php?rest_route=%2Fwp%2Fv2%2Fcomments&post=7624"}],"version-history":[{"count":0,"href":"https:\/\/projetocineb.com.br\/index.php?rest_route=\/wp\/v2\/posts\/7624\/revisions"}],"wp:featuredmedia":[{"embeddable":true,"href":"https:\/\/projetocineb.com.br\/index.php?rest_route=\/wp\/v2\/media\/7647"}],"wp:attachment":[{"href":"https:\/\/projetocineb.com.br\/index.php?rest_route=%2Fwp%2Fv2%2Fmedia&parent=7624"}],"wp:term":[{"taxonomy":"category","embeddable":true,"href":"https:\/\/projetocineb.com.br\/index.php?rest_route=%2Fwp%2Fv2%2Fcategories&post=7624"},{"taxonomy":"post_tag","embeddable":true,"href":"https:\/\/projetocineb.com.br\/index.php?rest_route=%2Fwp%2Fv2%2Ftags&post=7624"}],"curies":[{"name":"wp","href":"https:\/\/api.w.org\/{rel}","templated":true}]}}