{"id":7686,"date":"2015-07-20T16:51:22","date_gmt":"2015-07-20T19:51:22","guid":{"rendered":"http:\/\/projetocineb.com.br\/?p=7686"},"modified":"2015-07-20T16:51:22","modified_gmt":"2015-07-20T19:51:22","slug":"cine-b-retorna-em-projeto-de-habitacao-do-butanta","status":"publish","type":"post","link":"https:\/\/projetocineb.com.br\/?p=7686","title":{"rendered":"Cine B retorna em projeto de habita\u00e7\u00e3o do Butant\u00e3"},"content":{"rendered":"<div class=\"mceTemp mceIEcenter\" style=\"text-align: left;\">\n<p style=\"text-align: right;\"><strong>Fotos por <strong>Carla Lima<\/strong> e Carlos Rizzo<br \/>\n<\/strong><\/p>\n<p style=\"text-align: right;\"><strong>Texto por Carlos Rizzo<br \/>\n<\/strong><\/p>\n<p style=\"text-align: center;\"><em>O Cine B retornou no \u00faltimo s\u00e1bado, 18\/7, ao Condom\u00ednio Franca, no Butant\u00e3, Zona Oeste de S\u00e3o Paulo, para apresentar o filme Tain\u00e1 &#8211; A Origem.<br \/>\n<\/em><\/p>\n<figure id=\"attachment_7692\" aria-describedby=\"caption-attachment-7692\" style=\"width: 486px\" class=\"wp-caption aligncenter\"><a href=\"http:\/\/projetocineb.com.br\/wp-content\/uploads\/2015\/07\/DSC_0152-Copia2.jpg\"><img fetchpriority=\"high\" decoding=\"async\" class=\" wp-image-7692  \" title=\"DSC_0152 - Copia\" src=\"http:\/\/projetocineb.com.br\/wp-content\/uploads\/2015\/07\/DSC_0152-Copia2.jpg\" alt=\"\" width=\"486\" height=\"322\" \/><\/a><figcaption id=\"caption-attachment-7692\" class=\"wp-caption-text\">Moradores puderam acompanhar uma sess\u00e3o do Cine B pela segunda vez em um ano<\/figcaption><\/figure>\n<p>O Condom\u00ednio Franca, resultado da organiza\u00e7\u00e3o do movimento de moradia da Zona Oeste, contou, pela segunda vez, com uma sess\u00e3o do Cine B no \u00faltimo s\u00e1bado, dia 18 de julho, quase um ano depois da primeira sess\u00e3o. O espa\u00e7o existe h\u00e1 pouco mais de um ano, mas \u00e9 resultado de 15 anos de luta dos moradores. Dessa vez, o p\u00fablico presente acompanhou as aventuras de <em>Ta\u00edna \u2013 A Origem<\/em>, filme de 2014 dirigido por Rosane Svartman, que conta a hist\u00f3ria de uma indiazinha que enfrenta vil\u00f5es para salvar uma \u00e1rvore sagrada, na Floresta Amaz\u00f4nica. Antes do filme foi projetado o curta-metragem <em>Pajerama<\/em>, sobre a ca\u00e7ada de um \u00edndio em meio a acontecimentos estranhos na floresta. A anima\u00e7\u00e3o tem roteiro e dire\u00e7\u00e3o de Leonardo Cadaval.<\/p>\n<figure id=\"attachment_7697\" aria-describedby=\"caption-attachment-7697\" style=\"width: 486px\" class=\"wp-caption aligncenter\"><a href=\"http:\/\/projetocineb.com.br\/wp-content\/uploads\/2015\/07\/DSC_0088.jpg\"><img decoding=\"async\" class=\" wp-image-7697  \" title=\"DSC_0088\" src=\"http:\/\/projetocineb.com.br\/wp-content\/uploads\/2015\/07\/DSC_0088.jpg\" alt=\"\" width=\"486\" height=\"322\" \/><\/a><figcaption id=\"caption-attachment-7697\" class=\"wp-caption-text\">Tain\u00e1 \u2013 A Origem fez sua estreia no Cine B no \u00faltimo s\u00e1bado no Butant\u00e3<\/figcaption><\/figure>\n<figure id=\"attachment_7698\" aria-describedby=\"caption-attachment-7698\" style=\"width: 500px\" class=\"wp-caption aligncenter\"><img decoding=\"async\" class=\" wp-image-7698     \" title=\"DSC_0101\" src=\"http:\/\/projetocineb.com.br\/wp-content\/uploads\/2015\/07\/DSC_0101.jpg\" alt=\"\" width=\"500\" height=\"332\" \/><figcaption id=\"caption-attachment-7698\" class=\"wp-caption-text\">N\u00e3o podia deixar de faltar a pipoca do Seu Antonio<\/figcaption><\/figure>\n<div class=\"mceTemp mceIEcenter\" style=\"text-align: left;\">O Condom\u00ednio possui 240 apartamentos divididos em 12 torres e foi constru\u00eddo por meio do programa Minha Casa, Minha Vida, do Governo Federal. Segundo Vanda Maria Dias da Silva, que coordenou por muitos anos a luta por moradia, \u201c\u00e9 muito bom contar com a parceria do Sindicato dos Banc\u00e1rios para poder oferecer mais uma vez a sess\u00e3o de cinema para a comunidade\u201d, comemora. Maria do Ros\u00e1rio de Jesus e Silva, mais conhecida como a s\u00edndica Rose, estava orgulhosa com a possibilidade de ter cinema dentro do condom\u00ednio. \u201c\u00c9 maravilhoso receber o projeto em casa. A gente n\u00e3o precisa de mais nada\u201d, confessa.<\/div>\n<div class=\"mceTemp mceIEcenter\" style=\"text-align: left;\">\n<figure id=\"attachment_7700\" aria-describedby=\"caption-attachment-7700\" style=\"width: 500px\" class=\"wp-caption aligncenter\"><a href=\"http:\/\/projetocineb.com.br\/wp-content\/uploads\/2015\/07\/DSC_0199.jpg\"><img loading=\"lazy\" decoding=\"async\" class=\" wp-image-7700     \" title=\"DSC_0199\" src=\"http:\/\/projetocineb.com.br\/wp-content\/uploads\/2015\/07\/DSC_0199.jpg\" alt=\"\" width=\"500\" height=\"332\" \/><\/a><figcaption id=\"caption-attachment-7700\" class=\"wp-caption-text\">Subs\u00edndico e presidente do Conselho de Moradores, Jos\u00e9 Eliomar do Carmo, o coordenador do Cine B, Cid\u00e1lio Vieira Santos e a s\u00edndica Rose<\/figcaption><\/figure>\n<\/div>\n<figure id=\"attachment_7701\" aria-describedby=\"caption-attachment-7701\" style=\"width: 518px\" class=\"wp-caption aligncenter\"><a href=\"http:\/\/projetocineb.com.br\/wp-content\/uploads\/2015\/07\/DSC_0107.jpg\"><img loading=\"lazy\" decoding=\"async\" class=\" wp-image-7701   \" title=\"DSC_0107\" src=\"http:\/\/projetocineb.com.br\/wp-content\/uploads\/2015\/07\/DSC_0107.jpg\" alt=\"\" width=\"518\" height=\"345\" \/><\/a><figcaption id=\"caption-attachment-7701\" class=\"wp-caption-text\">Anderson de Paula Higuchi esteve pela primeira vez numa sess\u00e3o de cinema, acompanhado das filhas Bruna e Julia.<\/figcaption><\/figure>\n<p>A sess\u00e3o aconteceu na \u00e1rea de conviv\u00eancia que forma uma esp\u00e9cie de arena onde foi poss\u00edvel acomodar cerca de 150 pessoas, que acompanharam o filme do in\u00edcio ao fim. Muitos moradores j\u00e1 tinham participado da sess\u00e3o anterior. Era o caso de Gl\u00edcia Ver\u00f4nica Pereira Barros, para quem a sess\u00e3o de cinema \u00e9 uma grande divers\u00e3o, \u201cj\u00e1 que na regi\u00e3o n\u00e3o h\u00e1 espa\u00e7os de cultura para frequentar\u201d. Ela estava acompanhada de Jocimar Ferreira, e das sobrinhas Juliana Ferreira e de Paloma Barros.<\/p>\n<figure id=\"attachment_7707\" aria-describedby=\"caption-attachment-7707\" style=\"width: 480px\" class=\"wp-caption aligncenter\"><a href=\"http:\/\/projetocineb.com.br\/wp-content\/uploads\/2015\/07\/IMG_4563.jpg\"><img loading=\"lazy\" decoding=\"async\" class=\" wp-image-7707\" title=\"IMG_4563\" src=\"http:\/\/projetocineb.com.br\/wp-content\/uploads\/2015\/07\/IMG_4563.jpg\" alt=\"\" width=\"480\" height=\"320\" \/><\/a><figcaption id=\"caption-attachment-7707\" class=\"wp-caption-text\">Depois de conquistar o direito \u00e0 moradia, chegou a vez do direito \u00e0 cultura para os moradores do Condom\u00ednio Franca (cr\u00e9ditos: Carla Lima)<\/figcaption><\/figure>\n<figure id=\"attachment_7709\" aria-describedby=\"caption-attachment-7709\" style=\"width: 486px\" class=\"wp-caption aligncenter\"><a href=\"http:\/\/projetocineb.com.br\/wp-content\/uploads\/2015\/07\/IMG_45691.jpg\"><img loading=\"lazy\" decoding=\"async\" class=\" wp-image-7709  \" title=\"IMG_4569\" src=\"http:\/\/projetocineb.com.br\/wp-content\/uploads\/2015\/07\/IMG_45691.jpg\" alt=\"\" width=\"486\" height=\"324\" \/><\/a><figcaption id=\"caption-attachment-7709\" class=\"wp-caption-text\">Olhos atentos no filme! (cr\u00e9ditos: Carla Lima)<\/figcaption><\/figure>\n<figure id=\"attachment_7703\" aria-describedby=\"caption-attachment-7703\" style=\"width: 480px\" class=\"wp-caption aligncenter\"><a href=\"http:\/\/projetocineb.com.br\/wp-content\/uploads\/2015\/07\/DSC_0172.jpg\"><img loading=\"lazy\" decoding=\"async\" class=\" wp-image-7703 \" title=\"DSC_0172\" src=\"http:\/\/projetocineb.com.br\/wp-content\/uploads\/2015\/07\/DSC_0172.jpg\" alt=\"\" width=\"480\" height=\"318\" \/><\/a><figcaption id=\"caption-attachment-7703\" class=\"wp-caption-text\">As ganhadoras do sorteio de produtos de beleza org\u00e2nicos da Surya<\/figcaption><\/figure>\n<figure id=\"attachment_7704\" aria-describedby=\"caption-attachment-7704\" style=\"width: 480px\" class=\"wp-caption aligncenter\"><a href=\"http:\/\/projetocineb.com.br\/wp-content\/uploads\/2015\/07\/DSC_0279.jpg\"><img loading=\"lazy\" decoding=\"async\" class=\" wp-image-7704 \" title=\"DSC_0279\" src=\"http:\/\/projetocineb.com.br\/wp-content\/uploads\/2015\/07\/DSC_0279.jpg\" alt=\"\" width=\"480\" height=\"327\" \/><\/a><figcaption id=\"caption-attachment-7704\" class=\"wp-caption-text\">As crian\u00e7as foram sorteadas e ganharam camisetas do projeto<\/figcaption><\/figure>\n<figure id=\"attachment_7710\" aria-describedby=\"caption-attachment-7710\" style=\"width: 480px\" class=\"wp-caption aligncenter\"><a href=\"http:\/\/projetocineb.com.br\/wp-content\/uploads\/2015\/07\/IMG_4540.jpg\"><img loading=\"lazy\" decoding=\"async\" class=\" wp-image-7710 \" title=\"IMG_4540\" src=\"http:\/\/projetocineb.com.br\/wp-content\/uploads\/2015\/07\/IMG_4540.jpg\" alt=\"\" width=\"480\" height=\"320\" \/><\/a><figcaption id=\"caption-attachment-7710\" class=\"wp-caption-text\">At\u00e9 a pr\u00f3xima sess\u00e3o! (cr\u00e9ditos: Carla Lima)<\/figcaption><\/figure>\n<p style=\"text-align: center;\"><a href=\"https:\/\/flic.kr\/s\/aHskfYiwZW\" target=\"_blank\">CLIQUE AQUI PARA VER MAIS FOTOS<\/a><\/p>\n<p>O CINEB \u00e9 um circuito itinerante de cinema realizado pelo Sindicato dos Banc\u00e1rios de S\u00e3o Paulo, Osasco e Regi\u00e3o e pela Brazucah Produ\u00e7\u00f5es. Desde 2007, o j\u00e1 atingiu um p\u00fablico superior a 40 mil espectadores em mais de 350 sess\u00f5es gratuitas realizadas em comunidades e universidades de S\u00e3o Paulo. A iniciativa busca democratizar o acesso ao cinema nacional e divulgar os filmes produzidos no Brasil. J\u00e1 foram exibidos na tela do CINEB mais de 75 longas-metragens e 50 curtas-metragens, al\u00e9m da realiza\u00e7\u00e3o de pr\u00e9-estreias exclusivas<em>.<\/em> Conta com o apoio de m\u00eddia da edi\u00e7\u00e3o brasileira do <em>Le Monde Diplomatique<\/em>.<\/p>\n<\/div>\n","protected":false},"excerpt":{"rendered":"<p>Fotos por Carla Lima e Carlos Rizzo Texto por Carlos Rizzo O Cine B retornou no \u00faltimo s\u00e1bado, 18\/7, ao[&#8230;]<\/p>\n","protected":false},"author":2,"featured_media":7717,"comment_status":"open","ping_status":"open","sticky":false,"template":"","format":"standard","meta":[],"categories":[2],"tags":[162,237,252,263,279,284,966,1095,1113,1131,1153],"_links":{"self":[{"href":"https:\/\/projetocineb.com.br\/index.php?rest_route=\/wp\/v2\/posts\/7686"}],"collection":[{"href":"https:\/\/projetocineb.com.br\/index.php?rest_route=\/wp\/v2\/posts"}],"about":[{"href":"https:\/\/projetocineb.com.br\/index.php?rest_route=\/wp\/v2\/types\/post"}],"author":[{"embeddable":true,"href":"https:\/\/projetocineb.com.br\/index.php?rest_route=\/wp\/v2\/users\/2"}],"replies":[{"embeddable":true,"href":"https:\/\/projetocineb.com.br\/index.php?rest_route=%2Fwp%2Fv2%2Fcomments&post=7686"}],"version-history":[{"count":0,"href":"https:\/\/projetocineb.com.br\/index.php?rest_route=\/wp\/v2\/posts\/7686\/revisions"}],"wp:featuredmedia":[{"embeddable":true,"href":"https:\/\/projetocineb.com.br\/index.php?rest_route=\/wp\/v2\/media\/7717"}],"wp:attachment":[{"href":"https:\/\/projetocineb.com.br\/index.php?rest_route=%2Fwp%2Fv2%2Fmedia&parent=7686"}],"wp:term":[{"taxonomy":"category","embeddable":true,"href":"https:\/\/projetocineb.com.br\/index.php?rest_route=%2Fwp%2Fv2%2Fcategories&post=7686"},{"taxonomy":"post_tag","embeddable":true,"href":"https:\/\/projetocineb.com.br\/index.php?rest_route=%2Fwp%2Fv2%2Ftags&post=7686"}],"curies":[{"name":"wp","href":"https:\/\/api.w.org\/{rel}","templated":true}]}}