{"id":7726,"date":"2015-07-27T14:39:56","date_gmt":"2015-07-27T17:39:56","guid":{"rendered":"http:\/\/projetocineb.com.br\/?p=7726"},"modified":"2015-07-27T14:39:56","modified_gmt":"2015-07-27T17:39:56","slug":"jovens-se-organizam-para-levar-o-cine-b-a-brasilandia","status":"publish","type":"post","link":"https:\/\/projetocineb.com.br\/?p=7726","title":{"rendered":"Jovens se organizam para levar o Cine B \u00e0 Brasil\u00e2ndia"},"content":{"rendered":"<p style=\"text-align: right;\"><strong>Fotos e texto por Carlos Rizzo<\/strong><\/p>\n<p style=\"text-align: center;\"><em>Grupo de jovens cat\u00f3licos da Zona Norte foram respons\u00e1veis por levar o Cine B \u00e0 regi\u00e3o da Brasil\u00e2ndia, no dia 24\/7. A comunidade lotou o sal\u00e3o da Igreja de Zinco para acompanhar o filme Tain\u00e1 &#8211; A Origem<\/em><\/p>\n<figure id=\"attachment_7727\" aria-describedby=\"caption-attachment-7727\" style=\"width: 500px\" class=\"wp-caption aligncenter\"><a href=\"http:\/\/projetocineb.com.br\/wp-content\/uploads\/2015\/07\/DSC_0418.jpg\"><img fetchpriority=\"high\" decoding=\"async\" class=\" wp-image-7727     \" title=\"DSC_0418\" src=\"http:\/\/projetocineb.com.br\/wp-content\/uploads\/2015\/07\/DSC_0418.jpg\" alt=\"\" width=\"500\" height=\"332\" \/><\/a><figcaption id=\"caption-attachment-7727\" class=\"wp-caption-text\">Cine B chegou pela segunda vez na regi\u00e3o da Brasil\u00e2ndia<\/figcaption><\/figure>\n<p>A regi\u00e3o da Brasil\u00e2ndia recebeu pela segunda vez uma sess\u00e3o do Cine B em oito anos. Isso porque um grupo de jovens ligados \u00e0 Par\u00f3quia Santo dos Ap\u00f3stolos, mais conhecida como Igreja de Zinco, vem, h\u00e1 alguns anos, buscando formas de levar cultura e entretenimento de qualidade para a comunidade.<\/p>\n<p><em><\/em>O p\u00fablico presente no sal\u00e3o paroquial p\u00f4de acompanhar as aventuras de <em>Ta\u00edna \u2013 A Origem<\/em>, filme de 2014 dirigido por Rosane Svartman, que conta a hist\u00f3ria de uma indiazinha que enfrenta vil\u00f5es para salvar uma \u00e1rvore sagrada, na Floresta Amaz\u00f4nica. Antes do filme foi projetado o curta-metragem <em>Pajerama<\/em>, sobre a ca\u00e7ada de um \u00edndio em meio a acontecimentos estranhos na floresta. A anima\u00e7\u00e3o tem roteiro e dire\u00e7\u00e3o de Leonardo Cadaval.<\/p>\n<figure id=\"attachment_7736\" aria-describedby=\"caption-attachment-7736\" style=\"width: 522px\" class=\"wp-caption aligncenter\"><a href=\"http:\/\/projetocineb.com.br\/wp-content\/uploads\/2015\/07\/DSC08751.jpg\"><img decoding=\"async\" class=\" wp-image-7736\" title=\"DSC08751\" src=\"http:\/\/projetocineb.com.br\/wp-content\/uploads\/2015\/07\/DSC08751.jpg\" alt=\"\" width=\"522\" height=\"392\" \/><\/a><figcaption id=\"caption-attachment-7736\" class=\"wp-caption-text\">Sess\u00e3o do Cinema Petrobras em Movimento em parceria com o CINEB<\/figcaption><\/figure>\n<p>Denominado Capital Jovem em Cristo (CJC), o grupo, formado por cerca de 30 jovens, se encontra todo domingo \u00e0s 8h30 para organizar debates e fazer reflex\u00f5es espirituais. Segundo \u00cdcaro dos Santos, Roberto Carrelli e Marcelo da Silva, tr\u00eas de seus integrantes, o grupo vem, h\u00e1 um tempo, discutindo formas de levar atividades diferentes para os frequentadores da igreja, que re\u00fane moradores das comunidades do P\u00f3, Boi Malhado, Divineia e Almanara. \u201cO cinema foi o escolhido porque muitas pessoas gostam\u201d, explica \u00cdcaro. Ele lembra que \u201cpor ser uma regi\u00e3o carente, poucos t\u00eam acesso a esse tipo de entretenimento\u201d.<\/p>\n<figure id=\"attachment_7728\" aria-describedby=\"caption-attachment-7728\" style=\"width: 500px\" class=\"wp-caption aligncenter\"><a href=\"http:\/\/projetocineb.com.br\/wp-content\/uploads\/2015\/07\/DSC_0438.jpg\"><img decoding=\"async\" class=\" wp-image-7728     \" title=\"DSC_0438\" src=\"http:\/\/projetocineb.com.br\/wp-content\/uploads\/2015\/07\/DSC_0438.jpg\" alt=\"\" width=\"500\" height=\"332\" \/><\/a><figcaption id=\"caption-attachment-7728\" class=\"wp-caption-text\">Denominado Capital Jovem em Cristo (CJC), grupo realiza debates e atividades que re\u00fanem a comunidade para o lazer e entretenimento<\/figcaption><\/figure>\n<figure id=\"attachment_7732\" aria-describedby=\"caption-attachment-7732\" style=\"width: 500px\" class=\"wp-caption aligncenter\"><a href=\"http:\/\/projetocineb.com.br\/wp-content\/uploads\/2015\/07\/DSC_0432.jpg\"><img loading=\"lazy\" decoding=\"async\" class=\" wp-image-7732     \" title=\"DSC_0432\" src=\"http:\/\/projetocineb.com.br\/wp-content\/uploads\/2015\/07\/DSC_0432.jpg\" alt=\"\" width=\"500\" height=\"332\" \/><\/a><figcaption id=\"caption-attachment-7732\" class=\"wp-caption-text\">Paulinho, da CUT Nacional, ao lado do coordenador do Cine B, Cid\u00e1lio Vieira Santos: \u201cfeliz por ver os jovens se mobilizando pela comunidade\u201d<\/figcaption><\/figure>\n<figure id=\"attachment_7731\" aria-describedby=\"caption-attachment-7731\" style=\"width: 500px\" class=\"wp-caption aligncenter\"><a href=\"http:\/\/projetocineb.com.br\/wp-content\/uploads\/2015\/07\/DSC_03271.jpg\"><img loading=\"lazy\" decoding=\"async\" class=\" wp-image-7731     \" title=\"DSC_0327\" src=\"http:\/\/projetocineb.com.br\/wp-content\/uploads\/2015\/07\/DSC_03271.jpg\" alt=\"\" width=\"500\" height=\"332\" \/><\/a><figcaption id=\"caption-attachment-7731\" class=\"wp-caption-text\">Rita de C\u00e1ssia Gouveia, pela primeira vez numa sess\u00e3o de cinema, ao lado da m\u00e3e Maria Zita (\u00e0 direita), da filha Regiane (\u00e0 esquerda) e da sobrinha Jana\u00edna e sobrinho Lucas (colo)<\/figcaption><\/figure>\n<p>Para viabilizar a sess\u00e3o, o grupo contou com a apoio do p\u00e1roco Antonio Leite Barbosa Jr, conhecido como padre Toninho, e do assessor da presid\u00eancia da CUT Nacional e morador da regi\u00e3o, Paulo Souza, o Paulinho, frequentador da igreja. \u201cFico feliz por ver a mobiliza\u00e7\u00e3o desses jovens, que v\u00e3o atr\u00e1s e conseguem muita coisa\u201d, comenta Paulinho. Antes do in\u00edcio da sess\u00e3o, outros jovens da comunidade, que formam o Grupo de Teatro Faces, apresentaram cenas curtas de teatro em jogos de improvisa\u00e7\u00e3o. Formado por 15 jovens, o grupo chega a contar com mais de 30 participantes quando montam grandes encena\u00e7\u00f5es crist\u00e3s como o Musical de Natal, pr\u00f3xima pe\u00e7a a ser encenada.<\/p>\n<figure id=\"attachment_7734\" aria-describedby=\"caption-attachment-7734\" style=\"width: 500px\" class=\"wp-caption aligncenter\"><a href=\"http:\/\/projetocineb.com.br\/wp-content\/uploads\/2015\/07\/DSC_0449.jpg\"><img loading=\"lazy\" decoding=\"async\" class=\" wp-image-7734     \" title=\"DSC_0449\" src=\"http:\/\/projetocineb.com.br\/wp-content\/uploads\/2015\/07\/DSC_0449.jpg\" alt=\"\" width=\"500\" height=\"332\" \/><\/a><figcaption id=\"caption-attachment-7734\" class=\"wp-caption-text\">Padre Toninho (com microfone), que conheceu Pixote, menino de rua que protagonizou um filme brasileiro de grande sucesso internacional nos anos 1980: \u201cO cinema brasileiro \u00e9 um dos melhores do mundo\u201d<\/figcaption><\/figure>\n<figure id=\"attachment_7733\" aria-describedby=\"caption-attachment-7733\" style=\"width: 500px\" class=\"wp-caption aligncenter\"><a href=\"http:\/\/projetocineb.com.br\/wp-content\/uploads\/2015\/07\/DSC_0499.jpg\"><img loading=\"lazy\" decoding=\"async\" class=\" wp-image-7733     \" title=\"DSC_0499\" src=\"http:\/\/projetocineb.com.br\/wp-content\/uploads\/2015\/07\/DSC_0499.jpg\" alt=\"\" width=\"500\" height=\"332\" \/><\/a><figcaption id=\"caption-attachment-7733\" class=\"wp-caption-text\">Camisetas do Cine B sorteadas entre os participantes<\/figcaption><\/figure>\n<p style=\"text-align: center;\"><a href=\"https:\/\/www.flickr.com\/gp\/cinebprojeto\/70FeKF\" target=\"_blank\">CLIQUE AQUI PARA VER MAIS FOTOS<\/a><\/p>\n<p>O CINEB \u00e9 um circuito itinerante de cinema realizado pelo Sindicato dos Banc\u00e1rios de S\u00e3o Paulo, Osasco e Regi\u00e3o e pela Brazucah Produ\u00e7\u00f5es. Desde 2007, o j\u00e1 atingiu um p\u00fablico superior a 50 mil espectadores em mais de 360 sess\u00f5es gratuitas realizadas em comunidades e universidades de S\u00e3o Paulo. A iniciativa busca democratizar o acesso ao cinema nacional e divulgar os filmes produzidos no Brasil. J\u00e1 foram exibidos na tela do CINEB mais de 75 longas-metragens e 50 curtas-metragens, al\u00e9m da realiza\u00e7\u00e3o de pr\u00e9-estreias exclusivas. Conta com o apoio de m\u00eddia da edi\u00e7\u00e3o brasileira do <em>Le Monde Diplomatique<\/em>.<\/p>\n","protected":false},"excerpt":{"rendered":"<p>Fotos e texto por Carlos Rizzo Grupo de jovens cat\u00f3licos da Zona Norte foram respons\u00e1veis por levar o Cine B[&#8230;]<\/p>\n","protected":false},"author":2,"featured_media":7737,"comment_status":"open","ping_status":"open","sticky":false,"template":"","format":"standard","meta":[],"categories":[2],"tags":[150,237,252,263,266,1095,1132,1153],"_links":{"self":[{"href":"https:\/\/projetocineb.com.br\/index.php?rest_route=\/wp\/v2\/posts\/7726"}],"collection":[{"href":"https:\/\/projetocineb.com.br\/index.php?rest_route=\/wp\/v2\/posts"}],"about":[{"href":"https:\/\/projetocineb.com.br\/index.php?rest_route=\/wp\/v2\/types\/post"}],"author":[{"embeddable":true,"href":"https:\/\/projetocineb.com.br\/index.php?rest_route=\/wp\/v2\/users\/2"}],"replies":[{"embeddable":true,"href":"https:\/\/projetocineb.com.br\/index.php?rest_route=%2Fwp%2Fv2%2Fcomments&post=7726"}],"version-history":[{"count":0,"href":"https:\/\/projetocineb.com.br\/index.php?rest_route=\/wp\/v2\/posts\/7726\/revisions"}],"wp:featuredmedia":[{"embeddable":true,"href":"https:\/\/projetocineb.com.br\/index.php?rest_route=\/wp\/v2\/media\/7737"}],"wp:attachment":[{"href":"https:\/\/projetocineb.com.br\/index.php?rest_route=%2Fwp%2Fv2%2Fmedia&parent=7726"}],"wp:term":[{"taxonomy":"category","embeddable":true,"href":"https:\/\/projetocineb.com.br\/index.php?rest_route=%2Fwp%2Fv2%2Fcategories&post=7726"},{"taxonomy":"post_tag","embeddable":true,"href":"https:\/\/projetocineb.com.br\/index.php?rest_route=%2Fwp%2Fv2%2Ftags&post=7726"}],"curies":[{"name":"wp","href":"https:\/\/api.w.org\/{rel}","templated":true}]}}