{"id":7744,"date":"2015-07-27T15:35:05","date_gmt":"2015-07-27T18:35:05","guid":{"rendered":"http:\/\/projetocineb.com.br\/?p=7744"},"modified":"2015-07-27T15:35:05","modified_gmt":"2015-07-27T18:35:05","slug":"cine-b-chega-a-chacara-do-conde-zona-sul","status":"publish","type":"post","link":"https:\/\/projetocineb.com.br\/?p=7744","title":{"rendered":"Cine B chega \u00e0 Ch\u00e1cara do Conde, Zona Sul"},"content":{"rendered":"<p style=\"text-align: right;\"><strong>Texto por Carlos Rizzo<\/strong><\/p>\n<p style=\"text-align: right;\"><strong>Fotos por Carlos Rizzo e Danilo Ramos<\/strong><\/p>\n<p style=\"text-align: center;\"><em>Comunidade da Ch\u00e1cara do Conde recebeu Cine B no dia 25\/7, um dia depois da associa\u00e7\u00e3o de moradores comemorar 23 anos de exist\u00eancia e de luta por moradia. P\u00fablico presente acompanhou uma sess\u00e3o do filme Tain\u00e1 \u2013 A Origem<\/em><\/p>\n<figure id=\"attachment_7745\" aria-describedby=\"caption-attachment-7745\" style=\"width: 504px\" class=\"wp-caption aligncenter\"><a href=\"http:\/\/projetocineb.com.br\/wp-content\/uploads\/2015\/07\/IMG_3836.jpg\"><img fetchpriority=\"high\" decoding=\"async\" class=\" wp-image-7745   \" title=\"IMG_3836\" src=\"http:\/\/projetocineb.com.br\/wp-content\/uploads\/2015\/07\/IMG_3836.jpg\" alt=\"\" width=\"504\" height=\"336\" \/><\/a><figcaption id=\"caption-attachment-7745\" class=\"wp-caption-text\">Associa\u00e7\u00e3o Morar e Preservar comemorou 23 anos um dia antes da sess\u00e3o do Cine B (Foto: Danilo Ramos)<\/figcaption><\/figure>\n<p><em>\u00a0<\/em>A Zona Sul tem recebido muitas sess\u00f5es do Cine B desde seu in\u00edcio, h\u00e1 oito anos. Desta vez, um dos mais duradouros projetos de democratiza\u00e7\u00e3o do cinema brasileiro da cidade de S\u00e3o Paulo chegou \u00e0 Ch\u00e1cara do Conde, ocupa\u00e7\u00e3o que existe e resiste desde o in\u00edcio dos anos 1990, e fica na regi\u00e3o do Graja\u00fa, na Zona Sul de S\u00e3o Paulo.<\/p>\n<figure id=\"attachment_7746\" aria-describedby=\"caption-attachment-7746\" style=\"width: 504px\" class=\"wp-caption aligncenter\"><a href=\"http:\/\/projetocineb.com.br\/wp-content\/uploads\/2015\/07\/IMG_3988.jpg\"><img decoding=\"async\" class=\" wp-image-7746   \" title=\"IMG_3988\" src=\"http:\/\/projetocineb.com.br\/wp-content\/uploads\/2015\/07\/IMG_3988.jpg\" alt=\"\" width=\"504\" height=\"336\" \/><\/a><figcaption id=\"caption-attachment-7746\" class=\"wp-caption-text\">O pequeno sal\u00e3o lotou para acompanhar as aventuras de Tain\u00e1 \u2013 A Origem (foto: Danilo Ramos)<\/figcaption><\/figure>\n<figure id=\"attachment_7747\" aria-describedby=\"caption-attachment-7747\" style=\"width: 504px\" class=\"wp-caption aligncenter\"><a href=\"http:\/\/projetocineb.com.br\/wp-content\/uploads\/2015\/07\/IMG_3936.jpg\"><img decoding=\"async\" class=\" wp-image-7747 \" title=\"IMG_3936\" src=\"http:\/\/projetocineb.com.br\/wp-content\/uploads\/2015\/07\/IMG_3936.jpg\" alt=\"\" width=\"504\" height=\"336\" \/><\/a><figcaption id=\"caption-attachment-7747\" class=\"wp-caption-text\">Quem conhece o nome de um filme brasileiro?, pergunta Cid\u00e1lio Vieira Santos, coordenador do Cine B, ao p\u00fablico presente (foto: Danilo Ramos)<\/figcaption><\/figure>\n<p>A sess\u00e3o aconteceu na Associa\u00e7\u00e3o Morar e Preservar Ch\u00e1cara do Conde, um dia depois da entidade comemorar 23 anos de exist\u00eancia. \u00c0 \u00e9poca de sua funda\u00e7\u00e3o, a entidade reuniu 12 diferentes movimentos sociais de moradia para formar um s\u00f3, com intuito de defender os moradores da regi\u00e3o que ocuparam um terreno que fica em \u00e1rea de prote\u00e7\u00e3o dos mananciais. \u201cHoje o bairro est\u00e1 consolidado, com asfalto, energia el\u00e9trica, coleta de lixo, enfim toda a infraestrutura de um bairro comum\u201d conta M\u00e1rio Luis Balbino, que chegou na ocupa\u00e7\u00e3o quando tinha 24 anos, pai de uma menina rec\u00e9m-nascida. \u201cMas foi uma luta muito grande. A comunidade foi conquistando tudo aos poucos, negociando cada passo com a prefeitura\u201d. Segundo M\u00e1rio, a \u00e1rea ocupada tem mais de 280 mil metros quadrados, sendo que metade dela forma o bairro que conta com cerca de 500 fam\u00edlias, e a outra metade \u00e9 preservada, e forma um parque onde atualmente se encontram dois campos de futebol e uma imensa \u00e1rea verde que guarda uma nascente. O terreno ainda pertence \u00e0 prefeitura, o que faz com que o di\u00e1logo entre moradores e poder p\u00fablico seja permanente.<\/p>\n<figure id=\"attachment_7762\" aria-describedby=\"caption-attachment-7762\" style=\"width: 500px\" class=\"wp-caption aligncenter\"><a href=\"http:\/\/projetocineb.com.br\/wp-content\/uploads\/2015\/07\/DSC_0604.jpg\"><img loading=\"lazy\" decoding=\"async\" class=\" wp-image-7762      \" src=\"http:\/\/projetocineb.com.br\/wp-content\/uploads\/2015\/07\/DSC_0604.jpg\" alt=\"\" width=\"500\" height=\"332\" \/><\/a><figcaption id=\"caption-attachment-7762\" class=\"wp-caption-text\">Cid\u00e1lio e M\u00e1rio Balbino, ex-diretor da associa\u00e7\u00e3o e respons\u00e1vel por levar o Cine B \u00e0 Ch\u00e1cara do Conde (foto: Carlos Rizzo)<\/figcaption><\/figure>\n<p><em><\/em>No sal\u00e3o da pequena associa\u00e7\u00e3o foi poss\u00edvel acomodar 110 cadeiras para as pessoas assistirem ao filme. Antes de seu in\u00edcio, como tem acontecido na maioria das sess\u00f5es neste ano, o Cine B foi palco de uma manifesta\u00e7\u00e3o cultural da comunidade. Dessa vez quem brilhou foi a poetisa Andelina dos Santos Pinheiro, de 78 anos, que fez uma homenagem ao anivers\u00e1rio da funda\u00e7\u00e3o da associa\u00e7\u00e3o. Andelina cedeu, gentilmente, seu poema, manuscrito numa folha de agenda que marcava o dia 21 de mar\u00e7o de 2000, para podermos reproduzi-lo no blogue:<\/p>\n<p><strong>Ch\u00e1cara do Conde<\/strong><\/p>\n<p>Quando aqui cheguei<\/p>\n<p>s\u00f3 mato eu avistei,<\/p>\n<p>eu e minhas amigas<\/p>\n<p>passamos a m\u00e3o na enxada<\/p>\n<p>e mato n\u00f3s capinamos.<\/p>\n<p>E a\u00ed come\u00e7ou nossa luta para<\/p>\n<p>a ch\u00e1cara melhorar.<\/p>\n<p>&nbsp;<\/p>\n<p>Fomos \u00e0 luta,<\/p>\n<p>a nossa ch\u00e1cara<\/p>\n<p>queriam nos tirar!<\/p>\n<p>N\u00f3s batalhamos muito<\/p>\n<p>at\u00e9 que conseguirmos vencer.<\/p>\n<p>&nbsp;<\/p>\n<p>Fomos para a rua<\/p>\n<p>e passeata n\u00f3s fizemos.<\/p>\n<p>N\u00f3s falamos assim:<\/p>\n<p>quer\u00edamos moradia.<\/p>\n<p>&nbsp;<\/p>\n<p>E no ano de 1996,<\/p>\n<p>nosso lote foi sorteado.<\/p>\n<p>Eu consegui o meu,<\/p>\n<p>fiquei muito contente<\/p>\n<p>at\u00e9 chorei de emo\u00e7\u00e3o.<\/p>\n<p>&nbsp;<\/p>\n<p>Agora a Ch\u00e1cara do Conde<\/p>\n<p>est\u00e1 bonita de se viver,<\/p>\n<p>Por isso n\u00f3s temos<\/p>\n<p>muito que agradecer<\/p>\n<p>e comemorar seus 23 anos.<\/p>\n<figure id=\"attachment_7748\" aria-describedby=\"caption-attachment-7748\" style=\"width: 403px\" class=\"wp-caption aligncenter\"><a href=\"http:\/\/projetocineb.com.br\/wp-content\/uploads\/2015\/07\/IMG_4012.jpg\"><img loading=\"lazy\" decoding=\"async\" class=\" wp-image-7748    \" title=\"IMG_4012\" src=\"http:\/\/projetocineb.com.br\/wp-content\/uploads\/2015\/07\/IMG_4012.jpg\" alt=\"\" width=\"403\" height=\"605\" \/><\/a><figcaption id=\"caption-attachment-7748\" class=\"wp-caption-text\">Dona Andelina, 78 anos, moradora h\u00e1 23 anos da Ch\u00e1cara do Conde: poema em homenagem \u00e0 associa\u00e7\u00e3o (foto Danilo Ramos)<\/figcaption><\/figure>\n<figure id=\"attachment_7749\" aria-describedby=\"caption-attachment-7749\" style=\"width: 518px\" class=\"wp-caption aligncenter\"><a href=\"http:\/\/projetocineb.com.br\/wp-content\/uploads\/2015\/07\/IMG_3879.jpg\"><img loading=\"lazy\" decoding=\"async\" class=\" wp-image-7749    \" title=\"IMG_3879\" src=\"http:\/\/projetocineb.com.br\/wp-content\/uploads\/2015\/07\/IMG_3879.jpg\" alt=\"\" width=\"518\" height=\"346\" \/><\/a><figcaption id=\"caption-attachment-7749\" class=\"wp-caption-text\">Sil\u00eancio, o filme come\u00e7ou (foto: Danilo Ramos)<\/figcaption><\/figure>\n<p>Depois da declama\u00e7\u00e3o e da abertura oficial da sess\u00e3o, organizada pelo coordenador do Cine B Cid\u00e1lio Vieira Santos, o p\u00fablico acompanhou mais uma sess\u00e3o do filme <em>Ta\u00edna \u2013 A Origem<\/em>, dirigido por Rosane Svartman, que conta a hist\u00f3ria de uma indiazinha que enfrenta vil\u00f5es para salvar uma \u00e1rvore sagrada, na Floresta Amaz\u00f4nica. Antes do filme, foi projetado o curta-metragem <em>Pajerama<\/em>, sobre a ca\u00e7ada de um \u00edndio em meio a acontecimentos estranhos na floresta. A anima\u00e7\u00e3o tem roteiro e dire\u00e7\u00e3o de Leonardo Cadaval.<em><\/em><\/p>\n<figure id=\"attachment_7750\" aria-describedby=\"caption-attachment-7750\" style=\"width: 504px\" class=\"wp-caption aligncenter\"><a href=\"http:\/\/projetocineb.com.br\/wp-content\/uploads\/2015\/07\/IMG_4130.jpg\"><img loading=\"lazy\" decoding=\"async\" class=\" wp-image-7750   \" title=\"IMG_4130\" src=\"http:\/\/projetocineb.com.br\/wp-content\/uploads\/2015\/07\/IMG_4130.jpg\" alt=\"\" width=\"504\" height=\"336\" \/><\/a><figcaption id=\"caption-attachment-7750\" class=\"wp-caption-text\">Pela primeira vez numa sess\u00e3o de cinema Renata Alves, Maria Santos Teixeira, Regina Correia e Dulcelina de Souza Neves, que explica: \u201cVim por causa das netas e adorei\u201d (foto: Danilo Ramos)<\/figcaption><\/figure>\n<figure id=\"attachment_7751\" aria-describedby=\"caption-attachment-7751\" style=\"width: 504px\" class=\"wp-caption aligncenter\"><a href=\"http:\/\/projetocineb.com.br\/wp-content\/uploads\/2015\/07\/IMG_4159.jpg\"><img loading=\"lazy\" decoding=\"async\" class=\" wp-image-7751   \" title=\"IMG_4159\" src=\"http:\/\/projetocineb.com.br\/wp-content\/uploads\/2015\/07\/IMG_4159.jpg\" alt=\"\" width=\"504\" height=\"336\" \/><\/a><figcaption id=\"caption-attachment-7751\" class=\"wp-caption-text\">Camisetas do Cine B sorteadas entre os participantes (foto: Danilo Ramos)<\/figcaption><\/figure>\n<p style=\"text-align: center;\"><a href=\"https:\/\/www.flickr.com\/gp\/cinebprojeto\/3277A2\" target=\"_blank\">CLIQUE AQUI PARA VER MAIS FOTOS<\/a><\/p>\n<p>O CINEB \u00e9 um circuito itinerante de cinema realizado pelo Sindicato dos Banc\u00e1rios de S\u00e3o Paulo, Osasco e Regi\u00e3o e pela Brazucah Produ\u00e7\u00f5es. Desde 2007, o j\u00e1 atingiu um p\u00fablico superior a 50 mil espectadores em mais de 360 sess\u00f5es gratuitas realizadas em comunidades e universidades de S\u00e3o Paulo. A iniciativa busca democratizar o acesso ao cinema nacional e divulgar os filmes produzidos no Brasil. J\u00e1 foram exibidos na tela do CINEB mais de 75 longas-metragens e 50 curtas-metragens, al\u00e9m da realiza\u00e7\u00e3o de pr\u00e9-estreias exclusivas. Conta com o apoio de m\u00eddia da edi\u00e7\u00e3o brasileira do <em>Le Monde Diplomatique<\/em>.<\/p>\n","protected":false},"excerpt":{"rendered":"<p>Texto por Carlos Rizzo Fotos por Carlos Rizzo e Danilo Ramos Comunidade da Ch\u00e1cara do Conde recebeu Cine B no[&#8230;]<\/p>\n","protected":false},"author":2,"featured_media":7752,"comment_status":"open","ping_status":"open","sticky":false,"template":"","format":"standard","meta":[],"categories":[2],"tags":[237,252,263,266,279,1095,1128,1132,1252],"_links":{"self":[{"href":"https:\/\/projetocineb.com.br\/index.php?rest_route=\/wp\/v2\/posts\/7744"}],"collection":[{"href":"https:\/\/projetocineb.com.br\/index.php?rest_route=\/wp\/v2\/posts"}],"about":[{"href":"https:\/\/projetocineb.com.br\/index.php?rest_route=\/wp\/v2\/types\/post"}],"author":[{"embeddable":true,"href":"https:\/\/projetocineb.com.br\/index.php?rest_route=\/wp\/v2\/users\/2"}],"replies":[{"embeddable":true,"href":"https:\/\/projetocineb.com.br\/index.php?rest_route=%2Fwp%2Fv2%2Fcomments&post=7744"}],"version-history":[{"count":0,"href":"https:\/\/projetocineb.com.br\/index.php?rest_route=\/wp\/v2\/posts\/7744\/revisions"}],"wp:featuredmedia":[{"embeddable":true,"href":"https:\/\/projetocineb.com.br\/index.php?rest_route=\/wp\/v2\/media\/7752"}],"wp:attachment":[{"href":"https:\/\/projetocineb.com.br\/index.php?rest_route=%2Fwp%2Fv2%2Fmedia&parent=7744"}],"wp:term":[{"taxonomy":"category","embeddable":true,"href":"https:\/\/projetocineb.com.br\/index.php?rest_route=%2Fwp%2Fv2%2Fcategories&post=7744"},{"taxonomy":"post_tag","embeddable":true,"href":"https:\/\/projetocineb.com.br\/index.php?rest_route=%2Fwp%2Fv2%2Ftags&post=7744"}],"curies":[{"name":"wp","href":"https:\/\/api.w.org\/{rel}","templated":true}]}}