{"id":7766,"date":"2015-08-07T12:52:24","date_gmt":"2015-08-07T15:52:24","guid":{"rendered":"http:\/\/projetocineb.com.br\/?p=7766"},"modified":"2015-08-07T12:52:24","modified_gmt":"2015-08-07T15:52:24","slug":"cine-b-leva-debate-sobre-imprensa-na-fatec-barueri","status":"publish","type":"post","link":"https:\/\/projetocineb.com.br\/?p=7766","title":{"rendered":"Cine B leva debate sobre imprensa na Fatec Barueri"},"content":{"rendered":"<p style=\"text-align: right;\"><strong>Texto e fotos por Carlos Rizzo<\/strong><\/p>\n<p style=\"text-align: center;\"><em>A Fatec de Barueri contou, pela primeira vez, com uma sess\u00e3o do Cine B. Em cartaz, o filme <\/em>Mercado de Not\u00edcias<em>, do diretor Jorge Furtado. Na sequ\u00eancia, alunos e professores debateram o papel da comunica\u00e7\u00e3o na sociedade<\/em><\/p>\n<figure id=\"attachment_7769\" aria-describedby=\"caption-attachment-7769\" style=\"width: 450px\" class=\"wp-caption aligncenter\"><a href=\"http:\/\/projetocineb.com.br\/wp-content\/uploads\/2015\/08\/DSC_0727.jpg\"><img fetchpriority=\"high\" decoding=\"async\" class=\" wp-image-7769      \" title=\"DSC_0727\" src=\"http:\/\/projetocineb.com.br\/wp-content\/uploads\/2015\/08\/DSC_0727.jpg\" alt=\"\" width=\"450\" height=\"299\" \/><\/a><figcaption id=\"caption-attachment-7769\" class=\"wp-caption-text\">Pela primeira vez alunos da Fatec Barueri acompanharam uma sess\u00e3o do Cine B<\/figcaption><\/figure>\n<p>A semana de recep\u00e7\u00e3o dos calouros da Faculdade de Tecnologia (Fatec) de Barueri \u201cPadre Danilo Jos\u00e9 de Oliveira Ohl\u201d contou com uma novidade pra l\u00e1 de diferente: uma sess\u00e3o de cinema organizada pelo Cine B. Em cartaz, o filme <em>Mercado de Not\u00edcias<\/em>, do ga\u00facho Jorge Furtado, que traz o depoimento de treze jornalistas brasileiros sobre o sentido e a pr\u00e1tica de sua profiss\u00e3o, as mudan\u00e7as na maneira de consumir not\u00edcias, o futuro do jornalismo, e tamb\u00e9m casos recentes da pol\u00edtica brasileira, onde a cobertura da imprensa teve papel de grande destaque. A sess\u00e3o em Barueri integra o Cine Universidade, proposta do Cine B de levar para estudantes e professores universit\u00e1rios filmes que colaboram com a reflex\u00e3o sobre a realidade brasileira.<\/p>\n<figure id=\"attachment_7770\" aria-describedby=\"caption-attachment-7770\" style=\"width: 450px\" class=\"wp-caption aligncenter\"><a href=\"http:\/\/projetocineb.com.br\/wp-content\/uploads\/2015\/08\/DSC_0699.jpg\"><img decoding=\"async\" class=\" wp-image-7770      \" title=\"DSC_0699\" src=\"http:\/\/projetocineb.com.br\/wp-content\/uploads\/2015\/08\/DSC_0699.jpg\" alt=\"\" width=\"450\" height=\"299\" \/><\/a><figcaption id=\"caption-attachment-7770\" class=\"wp-caption-text\">Franciele Gon\u00e7alo e Amanda Moreira, na primeira semana de aula na Fatec: surpresas pela iniciativa<\/figcaption><\/figure>\n<p>A Fatec Barueri, criada em 2009, \u00e9 uma faculdade do Centro Paula Souza, autarquia do Governo do Estado. Atualmente conta com cerca de 1.300 alunos e oferece os cursos de Com\u00e9rcio Exterior, Gest\u00e3o Empresarial, Transporte Terrestre, Eventos e Gest\u00e3o da Tecnologia da Informa\u00e7\u00e3o.<\/p>\n<figure id=\"attachment_7772\" aria-describedby=\"caption-attachment-7772\" style=\"width: 415px\" class=\"wp-caption aligncenter\"><a href=\"http:\/\/projetocineb.com.br\/wp-content\/uploads\/2015\/08\/DSC_0668.jpg\"><img decoding=\"async\" class=\" wp-image-7772    \" title=\"DSC_0668\" src=\"http:\/\/projetocineb.com.br\/wp-content\/uploads\/2015\/08\/DSC_0668.jpg\" alt=\"\" width=\"415\" height=\"301\" \/><\/a><figcaption id=\"caption-attachment-7772\" class=\"wp-caption-text\">A pipoca do Seu Antonio sempre presente numa sess\u00e3o do Cine B<\/figcaption><\/figure>\n<p>Foi a primeira vez que o Cine B foi \u00e0 Fatec Barueri, mas o espa\u00e7o j\u00e1 contou com sess\u00f5es da Rede Brazucah nas Escolas, outro projeto de democratiza\u00e7\u00e3o do cinema brasileiro desenvolvido pela Brazucah Produ\u00e7\u00f5es. Segundo o diretor geral da Fatec Barueri, Evendro Cleber da Silva, a parceria \u00e9 sempre bem-vinda, pois \u201cleva \u00e0 academia forma\u00e7\u00e3o cultural e olhar cr\u00edtico, sempre com participa\u00e7\u00e3o, e envolvendo a comunidade assistida\u201d. E elogia a iniciativa do Sindicato dos Banc\u00e1rios de S\u00e3o Paulo, Osasco e Regi\u00e3o por facilitar o acesso do cinema brasileira \u00e0 popula\u00e7\u00e3o: \u201cfilmes como esse [Mercado de Not\u00edcias] tem muito a contribuir para a reflex\u00e3o sobre o nosso pa\u00eds\u201d.<\/p>\n<figure id=\"attachment_7773\" aria-describedby=\"caption-attachment-7773\" style=\"width: 345px\" class=\"wp-caption aligncenter\"><a href=\"http:\/\/projetocineb.com.br\/wp-content\/uploads\/2015\/08\/DSC_0741.jpg\"><img loading=\"lazy\" decoding=\"async\" class=\" wp-image-7773     \" title=\"DSC_0741\" src=\"http:\/\/projetocineb.com.br\/wp-content\/uploads\/2015\/08\/DSC_0741.jpg\" alt=\"\" width=\"345\" height=\"518\" \/><\/a><figcaption id=\"caption-attachment-7773\" class=\"wp-caption-text\">Cid\u00e1lio Vieira Santos, coordenador do Cine B, e Evandro, diretor da Fatec na abertura da sess\u00e3o<\/figcaption><\/figure>\n<p>Ap\u00f3s o filme, o professor de Comunica\u00e7\u00e3o e Express\u00e3o Edison Abreu Rodrigues comandou um debate onde foram tratados os temas abordados no filme e o papel da comunica\u00e7\u00e3o na vida dos jovens atualmente. \u201cA sess\u00e3o seguida do debate foi extremamente rica. Fiquei lisonjeado por participar. Esse tipo de atividade cabe perfeitamente na proposta pedag\u00f3gica da faculdade, em que o aluno tem que se deparar com o debate. Ali\u00e1s, isso deveria acontecer desde muito cedo na vida do estudante\u201d, avalia.<\/p>\n<figure id=\"attachment_7774\" aria-describedby=\"caption-attachment-7774\" style=\"width: 445px\" class=\"wp-caption aligncenter\"><a href=\"http:\/\/projetocineb.com.br\/wp-content\/uploads\/2015\/08\/DSC_0796.jpg\"><img loading=\"lazy\" decoding=\"async\" class=\" wp-image-7774     \" title=\"DSC_0796\" src=\"http:\/\/projetocineb.com.br\/wp-content\/uploads\/2015\/08\/DSC_0796.jpg\" alt=\"\" width=\"445\" height=\"295\" \/><\/a><figcaption id=\"caption-attachment-7774\" class=\"wp-caption-text\">Professor Edison, Cid\u00e1lio e Evandro comandam o debate ap\u00f3s o filme<\/figcaption><\/figure>\n<figure id=\"attachment_7768\" aria-describedby=\"caption-attachment-7768\" style=\"width: 423px\" class=\"wp-caption aligncenter\"><a href=\"http:\/\/projetocineb.com.br\/wp-content\/uploads\/2015\/08\/Alunos_questionando.jpg\"><img loading=\"lazy\" decoding=\"async\" class=\" wp-image-7768  \" title=\"Alunos_questionando\" src=\"http:\/\/projetocineb.com.br\/wp-content\/uploads\/2015\/08\/Alunos_questionando.jpg\" alt=\"\" width=\"423\" height=\"413\" \/><\/a><figcaption id=\"caption-attachment-7768\" class=\"wp-caption-text\">V\u00e1rios estudantes questionaram e fizeram suas reflex\u00f5es sobre o papel da imprensa, das redes sociais, do consumo da informa\u00e7\u00e3o e a situa\u00e7\u00e3o pol\u00edtica do pa\u00eds<\/figcaption><\/figure>\n<p>Para a banc\u00e1ria Paula Regina Expedito, funcion\u00e1ria do Bradesco em uma ag\u00eancia do Morumbi e aluna do primeiro semestre de Com\u00e9rcio Exterior, o Sindicato est\u00e1 de parab\u00e9ns. \u201cO filme e o debate, tem tudo a ver com a nossa realidade, achei muito interessante\u201d, elogia.<\/p>\n<figure id=\"attachment_7775\" aria-describedby=\"caption-attachment-7775\" style=\"width: 445px\" class=\"wp-caption aligncenter\"><a href=\"http:\/\/projetocineb.com.br\/wp-content\/uploads\/2015\/08\/DSC_0839.jpg\"><img loading=\"lazy\" decoding=\"async\" class=\" wp-image-7775     \" title=\"DSC_0839\" src=\"http:\/\/projetocineb.com.br\/wp-content\/uploads\/2015\/08\/DSC_0839.jpg\" alt=\"\" width=\"445\" height=\"295\" \/><\/a><figcaption id=\"caption-attachment-7775\" class=\"wp-caption-text\">A banc\u00e1ria Paula, \u00e0 direita, foi uma das ganhadoras das camisetas do Cine B<\/figcaption><\/figure>\n<figure id=\"attachment_7786\" aria-describedby=\"caption-attachment-7786\" style=\"width: 445px\" class=\"wp-caption aligncenter\"><a href=\"http:\/\/projetocineb.com.br\/wp-content\/uploads\/2015\/08\/DSC_0844.jpg\"><img loading=\"lazy\" decoding=\"async\" class=\" wp-image-7786     \" title=\"DSC_0844\" src=\"http:\/\/projetocineb.com.br\/wp-content\/uploads\/2015\/08\/DSC_0844.jpg\" alt=\"\" width=\"445\" height=\"295\" \/><\/a><figcaption id=\"caption-attachment-7786\" class=\"wp-caption-text\">Professor Edison, Cid\u00e1lio e Evandro<\/figcaption><\/figure>\n<p style=\"text-align: center;\"><a href=\"https:\/\/www.flickr.com\/gp\/cinebprojeto\/Bu6KX7\" target=\"_blank\">CLIQUE AQUI PARA VER MAIS FOTOS<\/a><\/p>\n<p>O CINEB \u00e9 um circuito itinerante de cinema realizado pelo Sindicato dos Banc\u00e1rios de S\u00e3o Paulo, Osasco e Regi\u00e3o e pela Brazucah Produ\u00e7\u00f5es. Desde 2007, o j\u00e1 atingiu um p\u00fablico superior a 50 mil espectadores em mais de 360 sess\u00f5es gratuitas realizadas em comunidades e universidades de S\u00e3o Paulo. A iniciativa busca democratizar o acesso ao cinema nacional e divulgar os filmes produzidos no Brasil. J\u00e1 foram exibidos na tela do CINEB mais de 75 longas-metragens e 50 curtas-metragens, al\u00e9m da realiza\u00e7\u00e3o de pr\u00e9-estreias exclusivas<em>.<\/em> Conta com o apoio de m\u00eddia da edi\u00e7\u00e3o brasileira do <em>Le Monde Diplomatique<\/em>.<\/p>\n","protected":false},"excerpt":{"rendered":"<p>Texto e fotos por Carlos Rizzo A Fatec de Barueri contou, pela primeira vez, com uma sess\u00e3o do Cine B.[&#8230;]<\/p>\n","protected":false},"author":2,"featured_media":7780,"comment_status":"open","ping_status":"open","sticky":false,"template":"","format":"standard","meta":[],"categories":[2],"tags":[237,252,263,266,516,630,706,707,870,1131,1156,1177],"_links":{"self":[{"href":"https:\/\/projetocineb.com.br\/index.php?rest_route=\/wp\/v2\/posts\/7766"}],"collection":[{"href":"https:\/\/projetocineb.com.br\/index.php?rest_route=\/wp\/v2\/posts"}],"about":[{"href":"https:\/\/projetocineb.com.br\/index.php?rest_route=\/wp\/v2\/types\/post"}],"author":[{"embeddable":true,"href":"https:\/\/projetocineb.com.br\/index.php?rest_route=\/wp\/v2\/users\/2"}],"replies":[{"embeddable":true,"href":"https:\/\/projetocineb.com.br\/index.php?rest_route=%2Fwp%2Fv2%2Fcomments&post=7766"}],"version-history":[{"count":0,"href":"https:\/\/projetocineb.com.br\/index.php?rest_route=\/wp\/v2\/posts\/7766\/revisions"}],"wp:featuredmedia":[{"embeddable":true,"href":"https:\/\/projetocineb.com.br\/index.php?rest_route=\/wp\/v2\/media\/7780"}],"wp:attachment":[{"href":"https:\/\/projetocineb.com.br\/index.php?rest_route=%2Fwp%2Fv2%2Fmedia&parent=7766"}],"wp:term":[{"taxonomy":"category","embeddable":true,"href":"https:\/\/projetocineb.com.br\/index.php?rest_route=%2Fwp%2Fv2%2Fcategories&post=7766"},{"taxonomy":"post_tag","embeddable":true,"href":"https:\/\/projetocineb.com.br\/index.php?rest_route=%2Fwp%2Fv2%2Ftags&post=7766"}],"curies":[{"name":"wp","href":"https:\/\/api.w.org\/{rel}","templated":true}]}}