{"id":7793,"date":"2015-08-11T11:59:30","date_gmt":"2015-08-11T14:59:30","guid":{"rendered":"http:\/\/projetocineb.com.br\/?p=7793"},"modified":"2015-08-11T11:59:30","modified_gmt":"2015-08-11T14:59:30","slug":"irma-dulce-vai-ao-grajau-com-o-cine-b","status":"publish","type":"post","link":"https:\/\/projetocineb.com.br\/?p=7793","title":{"rendered":"Irm\u00e3 Dulce vai ao Graja\u00fa com o Cine B"},"content":{"rendered":"<p style=\"text-align: right;\"><strong>Texto e fotos por Carlos Rizzo<\/strong><\/p>\n<p style=\"text-align: center;\"><em>O filme <\/em>Irm\u00e3 Dulce<em>, que conta a hist\u00f3ria da religiosa brasileira, fez sua estreia no Cine B no \u00faltimo s\u00e1bado, 8\/8, na Par\u00f3quia Nossa Senhora Aparecida, no Parque Graja\u00fa<\/em><\/p>\n<figure id=\"attachment_7794\" aria-describedby=\"caption-attachment-7794\" style=\"width: 445px\" class=\"wp-caption aligncenter\"><a href=\"http:\/\/projetocineb.com.br\/wp-content\/uploads\/2015\/08\/DSC_1004.jpg\"><img fetchpriority=\"high\" decoding=\"async\" class=\" wp-image-7794     \" title=\"DSC_1004\" src=\"http:\/\/projetocineb.com.br\/wp-content\/uploads\/2015\/08\/DSC_1004.jpg\" alt=\"\" width=\"445\" height=\"295\" \/><\/a><figcaption id=\"caption-attachment-7794\" class=\"wp-caption-text\">Pela primeira vez a Par\u00f3quia Nossa Senhora Aparecida, no Parque Graja\u00fa, recebeu uma sess\u00e3o do Cine B<\/figcaption><\/figure>\n<p>Era v\u00e9spera do dia dos Pais e a comunidade da Par\u00f3quia Nossa Senhora Aparecida, comandada pelo padre Francisco Aparecido da Silveira, conhecido como padre Chic\u00e3o, estava organizando o almo\u00e7o de confraterniza\u00e7\u00e3o dessa data especial quando parou os preparativos para acompanhar a estreia, no Cine B, do filme <em>Irm\u00e3 Dulce. <\/em>A sess\u00e3o aconteceu no sal\u00e3o paroquial da Igreja, no \u00faltimo s\u00e1bado, 8 de agosto.<\/p>\n<figure id=\"attachment_7795\" aria-describedby=\"caption-attachment-7795\" style=\"width: 436px\" class=\"wp-caption aligncenter\"><a href=\"http:\/\/projetocineb.com.br\/wp-content\/uploads\/2015\/08\/DSC_1067.jpg\"><img decoding=\"async\" class=\" wp-image-7795     \" title=\"DSC_1067\" src=\"http:\/\/projetocineb.com.br\/wp-content\/uploads\/2015\/08\/DSC_1067.jpg\" alt=\"\" width=\"436\" height=\"295\" \/><\/a><figcaption id=\"caption-attachment-7795\" class=\"wp-caption-text\">Irm\u00e3 Dulce fez sua estreia no Cine B no Parque Graja\u00fa<\/figcaption><\/figure>\n<p>Com dire\u00e7\u00e3o de Vicente Amorim, o filme \u00e9 uma cinebiografia de Irm\u00e3 Dulce, que, em vida, foi chamada de \u201cAnjo bom da Bahia\u201d, indicada ao Nobel da Paz e beatificada pela Igreja. O filme apresenta sua trajet\u00f3ria de vida da d\u00e9cada de 1940 aos anos 1980. O filme mostra como a religiosa cat\u00f3lica enfrentou uma doen\u00e7a respirat\u00f3ria incur\u00e1vel, o machismo, a indiferen\u00e7a de pol\u00edticos e at\u00e9 mesmo os dogmas da Igreja para dedicar sua vida a cuidar dos miser\u00e1veis, deixando um legado que perdura at\u00e9 hoje. Antes do filme foi projetado o curta-metragem <em>Pajerama<\/em>, sobre a ca\u00e7ada de um \u00edndio em meio a acontecimentos estranhos na floresta. A anima\u00e7\u00e3o tem roteiro e dire\u00e7\u00e3o de Leonardo Cadaval.<\/p>\n<figure id=\"attachment_7796\" aria-describedby=\"caption-attachment-7796\" style=\"width: 438px\" class=\"wp-caption aligncenter\"><a href=\"http:\/\/projetocineb.com.br\/wp-content\/uploads\/2015\/08\/DSC_0903.jpg\"><img decoding=\"async\" class=\" wp-image-7796     \" title=\"DSC_0903\" src=\"http:\/\/projetocineb.com.br\/wp-content\/uploads\/2015\/08\/DSC_0903.jpg\" alt=\"\" width=\"438\" height=\"321\" \/><\/a><figcaption id=\"caption-attachment-7796\" class=\"wp-caption-text\">C\u00edcera, Nani, Cida An\u00edbal e Elenir, da ONG Ceprocig, respons\u00e1vel por levar o Cine B \u00e0 par\u00f3quia<\/figcaption><\/figure>\n<p>Foi a primeira vez que Cine B esteve na par\u00f3quia. O contato com o projeto foi feito por Uranide Sacramento Cruz, a Nani, que atua no Centro de Promo\u00e7\u00e3o, Resgate \u00e0 Cidadania Graja\u00fa Paulo VI (Ceprocig), uma ONG que realiza um forte trabalho na \u00e1rea de educa\u00e7\u00e3o, moradia e preven\u00e7\u00e3o \u00e0 sa\u00fade. Nani conta que procurou o Cine B para que a comunidade que frequenta a entidade tamb\u00e9m tenha atividades culturais, pois a regi\u00e3o \u00e9 bastante carente desse tipo de inciativa. \u201cTemos mais de 600 fam\u00edlias cadastradas no Programa Minha Casa, Minha Vida e atendemos 35 crian\u00e7as no contra-turno escolar. Quer\u00edamos mostrar outras a\u00e7\u00f5es para eles\u201d, explica. Nani conta que o maior trabalho do Ceprocig atualmente \u00e9 na preven\u00e7\u00e3o \u00e0s doen\u00e7as sexualmente transmiss\u00edveis (DST) e \u00e0 AIDS: \u201ca cada dois meses fazemos uma grande interven\u00e7\u00e3o no terminal Graja\u00fa, distribuindo informativos e preservativos. Tamb\u00e9m realizamos oficinas nas UBSs da regi\u00e3o e temos parceria com o programa Sa\u00fade da Fam\u00edlia\u201d. Ela conta, ainda, que esse trabalho tem reduzido a incid\u00eancia de gravidez precoce na regi\u00e3o, segundo dados da Secretaria de Sa\u00fade do munic\u00edpio.<\/p>\n<figure id=\"attachment_7797\" aria-describedby=\"caption-attachment-7797\" style=\"width: 450px\" class=\"wp-caption aligncenter\"><a href=\"http:\/\/projetocineb.com.br\/wp-content\/uploads\/2015\/08\/DSC_0916.jpg\"><img loading=\"lazy\" decoding=\"async\" class=\" wp-image-7797      \" title=\"DSC_0916\" src=\"http:\/\/projetocineb.com.br\/wp-content\/uploads\/2015\/08\/DSC_0916.jpg\" alt=\"\" width=\"450\" height=\"299\" \/><\/a><figcaption id=\"caption-attachment-7797\" class=\"wp-caption-text\">Antes da sess\u00e3o, o coordenador do Cine B, Cid\u00e1lio Veira Santos pergunta: quem sabe me dizer o nome de um filme brasileiro?<\/figcaption><\/figure>\n<figure id=\"attachment_7798\" aria-describedby=\"caption-attachment-7798\" style=\"width: 445px\" class=\"wp-caption aligncenter\"><a href=\"http:\/\/projetocineb.com.br\/wp-content\/uploads\/2015\/08\/DSC_0890.jpg\"><img loading=\"lazy\" decoding=\"async\" class=\" wp-image-7798     \" title=\"DSC_0890\" src=\"http:\/\/projetocineb.com.br\/wp-content\/uploads\/2015\/08\/DSC_0890.jpg\" alt=\"\" width=\"445\" height=\"295\" \/><\/a><figcaption id=\"caption-attachment-7798\" class=\"wp-caption-text\">E a pipoca do Seu Antonio, \u00e9 por nossa conta!<\/figcaption><\/figure>\n<p>A par\u00f3quia da igreja foi escolhida para a exibi\u00e7\u00e3o da sess\u00e3o porque o Ceprocig nasceu l\u00e1 h\u00e1 15 anos e mant\u00e9m uma rela\u00e7\u00e3o muito pr\u00f3xima com a comunidade. Nani aproveitou o momento para apresentar as principais conquistas da entidade para o p\u00fablico presente, que lotou o sal\u00e3o paroquial.<\/p>\n<p>Ap\u00f3s a exibi\u00e7\u00e3o do filme, que foi longamente aplaudido pelos presentes, o coordenador do Cine B, Cid\u00e1lio Veira Santos comandou mais um dia de sorteios de camisetas e brindes. Para Francisca Nogueira Ribeiro, 50 anos, que nunca esteve em uma sess\u00e3o de cinema antes, foi uma grata surpresa assistir ao filme da Irm\u00e3 Dulce. \u201cEu frequento a igreja e n\u00e3o pude deixar de vir, cheguei bem cedo\u201d, explicou. J\u00e1 Nilza de Oliveira, 56 anos, outra que por toda a vida n\u00e3o entrou numa sala de cinema aprovou o filme \u201cIrm\u00e3 Dulce tem uma hist\u00f3ria de vida muito bonita, um exemplo para todos\u201d, comentou.<\/p>\n<figure id=\"attachment_7800\" aria-describedby=\"caption-attachment-7800\" style=\"width: 458px\" class=\"wp-caption aligncenter\"><a href=\"http:\/\/projetocineb.com.br\/wp-content\/uploads\/2015\/08\/DSC_1083.jpg\"><img loading=\"lazy\" decoding=\"async\" class=\" wp-image-7800     \" title=\"DSC_1083\" src=\"http:\/\/projetocineb.com.br\/wp-content\/uploads\/2015\/08\/DSC_1083.jpg\" alt=\"\" width=\"458\" height=\"252\" \/><\/a><figcaption id=\"caption-attachment-7800\" class=\"wp-caption-text\">P\u00fablico encontra um jeitinho de assistir ao filme, mesmo com a sess\u00e3o lotada<\/figcaption><\/figure>\n<figure id=\"attachment_7812\" aria-describedby=\"caption-attachment-7812\" style=\"width: 401px\" class=\"wp-caption aligncenter\"><a href=\"http:\/\/projetocineb.com.br\/wp-content\/uploads\/2015\/08\/DSC_1109.jpg\"><img loading=\"lazy\" decoding=\"async\" class=\" wp-image-7812\" title=\"DSC_1109\" src=\"http:\/\/projetocineb.com.br\/wp-content\/uploads\/2015\/08\/DSC_1109.jpg\" alt=\"\" width=\"401\" height=\"388\" \/><\/a><figcaption id=\"caption-attachment-7812\" class=\"wp-caption-text\">Padre Chic\u00e3o, ao lado de Cid\u00e1lio, no encerramento da sess\u00e3o<\/figcaption><\/figure>\n<figure id=\"attachment_7801\" aria-describedby=\"caption-attachment-7801\" style=\"width: 451px\" class=\"wp-caption aligncenter\"><a href=\"http:\/\/projetocineb.com.br\/wp-content\/uploads\/2015\/08\/DSC_0063.jpg\"><img loading=\"lazy\" decoding=\"async\" class=\" wp-image-7801    \" title=\"DSC_0063\" src=\"http:\/\/projetocineb.com.br\/wp-content\/uploads\/2015\/08\/DSC_0063.jpg\" alt=\"\" width=\"451\" height=\"337\" \/><\/a><figcaption id=\"caption-attachment-7801\" class=\"wp-caption-text\">Francisca e Nilza, pela primeira vez numa sess\u00e3o de cinema, e ainda ganharam produtos de beleza org\u00e2nicos da Surya Brasil<\/figcaption><\/figure>\n<p>Estiveram presentes na sess\u00e3o, estudantes de fotografia das Escolas T\u00e9cnicas (ETEC) do Centro Paula Souza, que al\u00e9m de registrarem a atividade para a Par\u00f3quia e para o Ceprocig, est\u00e3o se organizando para levar uma sess\u00e3o do Cine B Universidades para suas respectivas escolas. Marcaram presen\u00e7a na sess\u00e3o, M\u00e1rio Luis Balbino, representando a Associa\u00e7\u00e3o de Moradores Morar e Preservar Vila do Conde, tamb\u00e9m no Graja\u00fa, que recentemente recebeu uma sess\u00e3o do projeto (veja mat\u00e9ria aqui) e o grupo de jovens da Par\u00f3quia, que contribui na organiza\u00e7\u00e3o da atividade. Ainda est\u00e3o previstos mais tr\u00eas sess\u00f5es do filme <em>Irm\u00e3 Dulce <\/em>nos pr\u00f3ximos dias: na Vila Leopoldina, Vila Anast\u00e1cio e Jaguar\u00e9.<\/p>\n<figure id=\"attachment_7802\" aria-describedby=\"caption-attachment-7802\" style=\"width: 430px\" class=\"wp-caption aligncenter\"><a href=\"http:\/\/projetocineb.com.br\/wp-content\/uploads\/2015\/08\/DSC_0050.jpg\"><img loading=\"lazy\" decoding=\"async\" class=\" wp-image-7802      \" title=\"DSC_0050\" src=\"http:\/\/projetocineb.com.br\/wp-content\/uploads\/2015\/08\/DSC_0050.jpg\" alt=\"\" width=\"430\" height=\"288\" \/><\/a><figcaption id=\"caption-attachment-7802\" class=\"wp-caption-text\">As crian\u00e7as presentes tamb\u00e9m levaram brindes para a casa<\/figcaption><\/figure>\n<figure id=\"attachment_7803\" aria-describedby=\"caption-attachment-7803\" style=\"width: 445px\" class=\"wp-caption aligncenter\"><a href=\"http:\/\/projetocineb.com.br\/wp-content\/uploads\/2015\/08\/DSC_0067.jpg\"><img loading=\"lazy\" decoding=\"async\" class=\" wp-image-7803     \" title=\"DSC_0067\" src=\"http:\/\/projetocineb.com.br\/wp-content\/uploads\/2015\/08\/DSC_0067.jpg\" alt=\"\" width=\"445\" height=\"295\" \/><\/a><figcaption id=\"caption-attachment-7803\" class=\"wp-caption-text\">At\u00e9 a pr\u00f3xima sess\u00e3o!<\/figcaption><\/figure>\n<p style=\"text-align: center;\"><a href=\"https:\/\/flic.kr\/s\/aHskhrF9WL\" target=\"_blank\"><strong>CLIQUE AQUI PARA VER MAIS FOTOS<\/strong><\/a><\/p>\n<p>O CINEB \u00e9 um circuito itinerante de cinema realizado pelo Sindicato dos Banc\u00e1rios de S\u00e3o Paulo, Osasco e Regi\u00e3o e pela Brazucah Produ\u00e7\u00f5es. Desde 2007, o j\u00e1 atingiu um p\u00fablico superior a 50 mil espectadores em mais de 360 sess\u00f5es gratuitas realizadas em comunidades e universidades de S\u00e3o Paulo. A iniciativa busca democratizar o acesso ao cinema nacional e divulgar os filmes produzidos no Brasil. J\u00e1 foram exibidos na tela do CINEB mais de 75 longas-metragens e 50 curtas-metragens, al\u00e9m da realiza\u00e7\u00e3o de pr\u00e9-estreias exclusivas<em>.<\/em> Conta com o apoio de m\u00eddia da edi\u00e7\u00e3o brasileira do <em>Le Monde Diplomatique<\/em>.<\/p>\n","protected":false},"excerpt":{"rendered":"<p>Texto e fotos por Carlos Rizzo O filme Irm\u00e3 Dulce, que conta a hist\u00f3ria da religiosa brasileira, fez sua estreia[&#8230;]<\/p>\n","protected":false},"author":2,"featured_media":7806,"comment_status":"open","ping_status":"open","sticky":false,"template":"","format":"standard","meta":[],"categories":[2],"tags":[85,120,237,252,263,266,277,279,468,618,646,941,1132],"_links":{"self":[{"href":"https:\/\/projetocineb.com.br\/index.php?rest_route=\/wp\/v2\/posts\/7793"}],"collection":[{"href":"https:\/\/projetocineb.com.br\/index.php?rest_route=\/wp\/v2\/posts"}],"about":[{"href":"https:\/\/projetocineb.com.br\/index.php?rest_route=\/wp\/v2\/types\/post"}],"author":[{"embeddable":true,"href":"https:\/\/projetocineb.com.br\/index.php?rest_route=\/wp\/v2\/users\/2"}],"replies":[{"embeddable":true,"href":"https:\/\/projetocineb.com.br\/index.php?rest_route=%2Fwp%2Fv2%2Fcomments&post=7793"}],"version-history":[{"count":0,"href":"https:\/\/projetocineb.com.br\/index.php?rest_route=\/wp\/v2\/posts\/7793\/revisions"}],"wp:featuredmedia":[{"embeddable":true,"href":"https:\/\/projetocineb.com.br\/index.php?rest_route=\/wp\/v2\/media\/7806"}],"wp:attachment":[{"href":"https:\/\/projetocineb.com.br\/index.php?rest_route=%2Fwp%2Fv2%2Fmedia&parent=7793"}],"wp:term":[{"taxonomy":"category","embeddable":true,"href":"https:\/\/projetocineb.com.br\/index.php?rest_route=%2Fwp%2Fv2%2Fcategories&post=7793"},{"taxonomy":"post_tag","embeddable":true,"href":"https:\/\/projetocineb.com.br\/index.php?rest_route=%2Fwp%2Fv2%2Ftags&post=7793"}],"curies":[{"name":"wp","href":"https:\/\/api.w.org\/{rel}","templated":true}]}}