{"id":785,"date":"2010-05-21T02:05:35","date_gmt":"2010-05-21T05:05:35","guid":{"rendered":"http:\/\/projetocineb.com.br\/?p=785"},"modified":"2010-05-21T02:05:35","modified_gmt":"2010-05-21T05:05:35","slug":"dia-255-pre-estreia-ato-de-vida","status":"publish","type":"post","link":"https:\/\/projetocineb.com.br\/?p=785","title":{"rendered":"DIA 25\/5 PR\u00c9-ESTR\u00c9IA ATO DE VIDA"},"content":{"rendered":"<p>Nesta <span style=\"color: #ff6600;\">ter\u00e7a-feira (25\/5<\/span>) faremos uma exibi\u00e7\u00e3o do <span style=\"color: #ff6600;\">filme <\/span><em><span style=\"color: #ff6600;\">Ato de Vida,<\/span><\/em><span style=\"color: #ff6600;\"> \u00e0s 14h no Audit\u00f3rio Vermelho da USP Leste<\/span>. O filme conta a hist\u00f3ria de Susana Pacheco, uma mulher que se dedica a filmar partos, com esta sensibilidade toda captura um dos momentos mais belos da vida feminina, trazendo detalhes do nascimento, dos primeiros minutos do beb\u00ea e o instante t\u00e3o desejado, o contato com os pais.<\/p>\n<p><a href=\"http:\/\/www.youtube.com\/watch?v=0g0qDTcd0RQ\" target=\"_blank\">Clique aqui para ver o trailer deste filme!<\/a><\/p>\n<p>Esse evento \u00e9 uma <span style=\"color: #ff6600;\">pr\u00e9-estreia do filme em S\u00e3o Paulo<\/span>. Ap\u00f3s a exibi\u00e7\u00e3o haver\u00e1 <span style=\"color: #ff6600;\">debate com o diretor do filme Juan Zapata, colombiano<\/span> e atualmente morador de Porto Alegre.<\/p>\n<p>Esta exibi\u00e7\u00e3o faz parte do <span style=\"color: #ff6600;\">projeto CineB nas Universidades um circuito alternativo de filmes brasileiros realizado pela Brazucah e Sindicato dos Banc\u00e1rios de S\u00e3o Paulo, Osasco e regi\u00e3o<\/span>.<\/p>\n<h2><span style=\"color: #008000;\">Informa\u00e7\u00f5es:<\/span><\/h2>\n<p><em><strong>Ato de vida<\/strong> &#8211; <\/em>Document\u00e1rio, 56 min<\/p>\n<p><strong>Data<\/strong>: 25\/5 (ter\u00e7a-feira)<\/p>\n<p><strong>Hor\u00e1rio<\/strong>: 14h (pontualmente)<\/p>\n<p><strong>Local<\/strong>: Audit\u00f3rio Vermelho \u2013 USP Leste<\/p>\n<p><span style=\"color: #ff6600;\">Aguardamos a presen\u00e7a de todos!<\/span><\/p>\n<p>Abra\u00e7o!<\/p>\n<p><em>Equipe Brazucah<\/em><\/p>\n","protected":false},"excerpt":{"rendered":"<p>Nesta ter\u00e7a-feira (25\/5) faremos uma exibi\u00e7\u00e3o do filme Ato de Vida, \u00e0s 14h no Audit\u00f3rio Vermelho da USP Leste. O[&#8230;]<\/p>\n","protected":false},"author":2,"featured_media":0,"comment_status":"open","ping_status":"open","sticky":false,"template":"","format":"standard","meta":[],"categories":[10],"tags":[119,154,244,374,711,760,866,1132,1202,1247],"_links":{"self":[{"href":"https:\/\/projetocineb.com.br\/index.php?rest_route=\/wp\/v2\/posts\/785"}],"collection":[{"href":"https:\/\/projetocineb.com.br\/index.php?rest_route=\/wp\/v2\/posts"}],"about":[{"href":"https:\/\/projetocineb.com.br\/index.php?rest_route=\/wp\/v2\/types\/post"}],"author":[{"embeddable":true,"href":"https:\/\/projetocineb.com.br\/index.php?rest_route=\/wp\/v2\/users\/2"}],"replies":[{"embeddable":true,"href":"https:\/\/projetocineb.com.br\/index.php?rest_route=%2Fwp%2Fv2%2Fcomments&post=785"}],"version-history":[{"count":0,"href":"https:\/\/projetocineb.com.br\/index.php?rest_route=\/wp\/v2\/posts\/785\/revisions"}],"wp:attachment":[{"href":"https:\/\/projetocineb.com.br\/index.php?rest_route=%2Fwp%2Fv2%2Fmedia&parent=785"}],"wp:term":[{"taxonomy":"category","embeddable":true,"href":"https:\/\/projetocineb.com.br\/index.php?rest_route=%2Fwp%2Fv2%2Fcategories&post=785"},{"taxonomy":"post_tag","embeddable":true,"href":"https:\/\/projetocineb.com.br\/index.php?rest_route=%2Fwp%2Fv2%2Ftags&post=785"}],"curies":[{"name":"wp","href":"https:\/\/api.w.org\/{rel}","templated":true}]}}