{"id":7858,"date":"2015-08-31T18:57:41","date_gmt":"2015-08-31T21:57:41","guid":{"rendered":"http:\/\/projetocineb.com.br\/?p=7858"},"modified":"2015-08-31T18:57:41","modified_gmt":"2015-08-31T21:57:41","slug":"dia-dos-bancarios-com-cineb-solar","status":"publish","type":"post","link":"https:\/\/projetocineb.com.br\/?p=7858","title":{"rendered":"Dia dos Banc\u00e1rios com CINEB SOLAR"},"content":{"rendered":"<p style=\"text-align: right;\"><strong>Texto por Carlos Rizzo<\/strong><\/p>\n<p style=\"text-align: right;\"><strong>Fotos por Carlos Rizzo e Danilo Ramos<\/strong><\/p>\n<p style=\"text-align: center;\"><em>Em homenagem ao Dia dos Banc\u00e1rios, o CINEB fez uma sess\u00e3o especial na Pra\u00e7a do Patriarca, centro S\u00e3o Paulo, com o CINESOLAR, cinema itinerante que utiliza somente energia solar<\/em><\/p>\n<p>Na \u00faltima sexta-feira, 28 de agosto, os banc\u00e1rios comemoraram o seu dia. Al\u00e9m de um momento de reflex\u00e3o sobre a condi\u00e7\u00e3o da categoria, o Sindicato dos Banc\u00e1rios de S\u00e3o Paulo e Regi\u00e3o levou para a Pra\u00e7a do Patriarca, centro de S\u00e3o Paulo, uma sess\u00e3o especial do CINEB com o CINESOLAR, primeiro cinema itinerante do Brasil que utiliza energia limpa e renov\u00e1vel \u2013 a solar \u2013 para funcionar.<\/p>\n<figure id=\"attachment_7866\" aria-describedby=\"caption-attachment-7866\" style=\"width: 504px\" class=\"wp-caption aligncenter\"><a href=\"http:\/\/projetocineb.com.br\/wp-content\/uploads\/2015\/08\/IMG_6735.jpg\"><img fetchpriority=\"high\" decoding=\"async\" class=\" wp-image-7866\" title=\"IMG_6735\" src=\"http:\/\/projetocineb.com.br\/wp-content\/uploads\/2015\/08\/IMG_6735.jpg\" alt=\"\" width=\"504\" height=\"336\" \/><\/a><figcaption id=\"caption-attachment-7866\" class=\"wp-caption-text\">O furg\u00e3o promove arte e sustentabilidade circulando por cidades de v\u00e1rias regi\u00f5es do pa\u00eds (cr\u00e9ditos: Danilo Ramos)<\/figcaption><\/figure>\n<p>Al\u00e9m da proje\u00e7\u00e3o de filmes, o projeto, da Brazucah Produ\u00e7\u00f5es, produtora respons\u00e1vel pelo CINEB, promove arte e sustentabilidade por meio de oficinas e atividades art\u00edsticas e l\u00fadicas circulando por diversas cidades de v\u00e1rias regi\u00f5es do Pa\u00eds. Na sess\u00e3o da Pra\u00e7a do Patriarca foram apresentados uma s\u00e9rie de curtas metragens com a tem\u00e1tica ambiental, com destaque para os projetos <em>Olhar para Tudo<\/em> sobre a vis\u00e3o que as pessoas t\u00eam sobre o meio ambiente e <em>Circuito Verde <\/em>sele\u00e7\u00e3o de filmes feito pelo Minist\u00e9rio da Cultura, al\u00e9m do curta <em>O troco<\/em>, uma com\u00e9dia de Andr\u00e9 Rolim que encerrou a sess\u00e3o.<\/p>\n<figure id=\"attachment_7865\" aria-describedby=\"caption-attachment-7865\" style=\"width: 500px\" class=\"wp-caption aligncenter\"><a href=\"http:\/\/projetocineb.com.br\/wp-content\/uploads\/2015\/08\/DSC_0409.jpg\"><img decoding=\"async\" class=\" wp-image-7865     \" title=\"DSC_0409\" src=\"http:\/\/projetocineb.com.br\/wp-content\/uploads\/2015\/08\/DSC_0409.jpg\" alt=\"\" width=\"500\" height=\"332\" \/><\/a><figcaption id=\"caption-attachment-7865\" class=\"wp-caption-text\">A sess\u00e3o chamou a aten\u00e7\u00e3o das pessoas que circulavam pela regi\u00e3o central de S\u00e3o Paulo (cr\u00e9ditos: Carlos Rizzo)<\/figcaption><\/figure>\n<p>O CINESOLAR \u00e9 um furg\u00e3o equipado com um sistema de capta\u00e7\u00e3o de energia solar capaz de gerar a pr\u00f3pria energia para alimentar toda sua estrutura de exibi\u00e7\u00e3o, que consiste em um projetor digital, caixas de som e uma mesa de controle. O furg\u00e3o tem uma autonomia de 20 horas de funcionamento e s\u00e3o necess\u00e1rios tr\u00eas dias para carregar as baterias. O curioso \u00e9 que a carga pode ser feita enquanto o ve\u00edculo circula pelas estradas, j\u00e1 que as placas fotovoltaicas est\u00e3o fixadas no teto do furg\u00e3o.<\/p>\n<figure id=\"attachment_7864\" aria-describedby=\"caption-attachment-7864\" style=\"width: 475px\" class=\"wp-caption aligncenter\"><a href=\"http:\/\/projetocineb.com.br\/wp-content\/uploads\/2015\/08\/IMG_6756.jpg\"><img decoding=\"async\" class=\" wp-image-7864 \" title=\"IMG_6756\" src=\"http:\/\/projetocineb.com.br\/wp-content\/uploads\/2015\/08\/IMG_6756.jpg\" alt=\"\" width=\"475\" height=\"317\" \/><\/a><figcaption id=\"caption-attachment-7864\" class=\"wp-caption-text\">A Lua presenteou, com sua beleza, aqueles que ficaram na pra\u00e7a para ver uma sess\u00e3o do CINEB SOLAR (cr\u00e9ditos: Danilo Ramos)<\/figcaption><\/figure>\n<p>Sob a luz do luar, que resplandecia por entre os pr\u00e9dios, a sess\u00e3o do CINEB atraiu trabalhadores e comerciantes do centro, pessoas que circulavam pela cidade e moradores de rua. Muitos diminu\u00edram o ritmo fren\u00e9tico do dia a dia e sentaram nas 100 cadeiras dispon\u00edveis pela produ\u00e7\u00e3o e acompanharam a sess\u00e3o do in\u00edcio ao fim. Foi o caso de Zeliana Santos Severino moradora de Santa Efig\u00eania, que passava pela regi\u00e3o acompanhada do filho, sobrinho e sua irm\u00e3. Assistiu todos os curtas ambientais,\u00a0 que lembraram sua terra natal, a Chapada Diamantina, que fica no interior da Bahia: \u201cse todos fizessem o que mostram os filmes, o mundo seria outro, com mais qualidade de vida e respeito ao meio ambiente\u201d argumenta. Rafaela Andrade, ao lado da filha Isabela, de 10 anos, foi outra que acompanhou a sess\u00e3o do in\u00edcio ao fim. Todo dia ela vem buscar a m\u00e3e, dona de uma das barracas de alimento instalada na Pra\u00e7a. \u201cEsse tipo de iniciativa faz falta no Centro\u201d. Sua filha complementou: \u201cA maioria das pessoas n\u00e3o t\u00eam isso todo dia, \u00e9 uma grande oportunidade, gostei\u201d.<\/p>\n<figure id=\"attachment_7863\" aria-describedby=\"caption-attachment-7863\" style=\"width: 500px\" class=\"wp-caption aligncenter\"><a href=\"http:\/\/projetocineb.com.br\/wp-content\/uploads\/2015\/08\/DSC_0471.jpg\"><img loading=\"lazy\" decoding=\"async\" class=\" wp-image-7863     \" title=\"DSC_0471\" src=\"http:\/\/projetocineb.com.br\/wp-content\/uploads\/2015\/08\/DSC_0471.jpg\" alt=\"\" width=\"500\" height=\"332\" \/><\/a><figcaption id=\"caption-attachment-7863\" class=\"wp-caption-text\">Nem o friozinho do in\u00edcio da noite atrapalhou a sess\u00e3o, que contou com a presen\u00e7a de diversos moradores de rua (cr\u00e9ditos: Carlos Rizzo)<\/figcaption><\/figure>\n<p>Helen F\u00edgaro, coordenadora de Participa\u00e7\u00e3o e Controle Social da Secretaria de Pol\u00edticas das Mulheres, que fica pr\u00f3ximo ao Largo do Patriarca, marcou presen\u00e7a na sess\u00e3o acompanhada de outras funcion\u00e1rias e funcion\u00e1rios da prefeitura de S\u00e3o Paulo. \u201cAcho de extrema import\u00e2ncia a ocupa\u00e7\u00e3o dos espa\u00e7os p\u00fablicos. A sociedade civil precisa estar presente na cidade, no centro, na periferia, dialogando com a popula\u00e7\u00e3o. O Sindicato dos Banc\u00e1rios est\u00e1 de parab\u00e9ns por essa iniciativa e por trazer cultura para a pra\u00e7a\u201d, avalia.<\/p>\n<figure id=\"attachment_7862\" aria-describedby=\"caption-attachment-7862\" style=\"width: 504px\" class=\"wp-caption aligncenter\"><a href=\"http:\/\/projetocineb.com.br\/wp-content\/uploads\/2015\/08\/IMG_6956.jpg\"><img loading=\"lazy\" decoding=\"async\" class=\" wp-image-7862  \" title=\"IMG_6956\" src=\"http:\/\/projetocineb.com.br\/wp-content\/uploads\/2015\/08\/IMG_6956.jpg\" alt=\"\" width=\"504\" height=\"336\" \/><\/a><figcaption id=\"caption-attachment-7862\" class=\"wp-caption-text\">Cynthia Alario, diretora executiva da Brazucah, Cid\u00e1lio Vieira Santos, coordenador do CINEB e Marcelo Gon\u00e7alves, diretor de cultura do Sindicato dos Banc\u00e1rios de S\u00e3o Paulo, Osasco e Regi\u00e3o (cr\u00e9ditos: Danilo Ramos)<\/figcaption><\/figure>\n<p>Para Marcelo Gon\u00e7alves, Diretor de Cultura do Sindicato dos Banc\u00e1rios de S\u00e3o Paulo, Osasco e Regi\u00e3o, comemorar o Dia dos Banc\u00e1rios com uma sess\u00e3o do CINEB \u00e9 uma forma de mostrar para a sociedade que o Sindicato tem uma pauta ampla, que vai al\u00e9m das quest\u00f5es exclusivas da categoria.\u00a0 \u201cO Centro tem que ser ocupado com atividades para o povo e com o povo. Temos muitos moradores de rua, movimentos de moradia pessoas que ficam desassistidas. Trazer cultura, reflex\u00e3o e debate por meio do cinema \u00e9 uma forma de tornar essa regi\u00e3o, onde se concentra a atividade banc\u00e1ria do pa\u00eds, mais viva\u201d, analisa.<\/p>\n<figure id=\"attachment_7861\" aria-describedby=\"caption-attachment-7861\" style=\"width: 504px\" class=\"wp-caption aligncenter\"><a href=\"http:\/\/projetocineb.com.br\/wp-content\/uploads\/2015\/08\/IMG_6826.jpg\"><img loading=\"lazy\" decoding=\"async\" class=\" wp-image-7861   \" title=\"IMG_6826\" src=\"http:\/\/projetocineb.com.br\/wp-content\/uploads\/2015\/08\/IMG_6826.jpg\" alt=\"\" width=\"504\" height=\"336\" \/><\/a><figcaption id=\"caption-attachment-7861\" class=\"wp-caption-text\">N\u00e3o faltou nem a pipoca de gra\u00e7a do Seu Antonio na Pra\u00e7a do Patriarca (cr\u00e9ditos: Danilo Ramos)<\/figcaption><\/figure>\n<p>Sueli Lima, do Movimento Sem Teto de Luta (MSTL) que atua no centro e em v\u00e1rias regi\u00f5es da Grande S\u00e3o Paulo, concorda com Gon\u00e7alves. \u201cPrimeiro, acho muito legal a iniciativa de levar cultura at\u00e9 as pessoas. Muitos que moram aqui, nas ocupa\u00e7\u00f5es, os moradores de rua, n\u00e3o t\u00eam condi\u00e7\u00f5es de frequentar um cinema. Segundo, que fazer isso respeitando o meio ambiente, de forma autossustent\u00e1vel \u00e9 maravilhoso. O CINEB est\u00e1 de parab\u00e9ns\u201d. Cynthia Alario, diretora executiva da Brazucah Produ\u00e7\u00f5es, lembra que \u00e9 a segunda vez que o CINESOLAR acompanha uma sess\u00e3o do CINEB. \u201cComemorar o Dia do Banc\u00e1rio na Pra\u00e7a \u00e9 um diferencial, uma a\u00e7\u00e3o cultural necess\u00e1ria, que reverbera e quebra as resist\u00eancias, tornando o centro mais humano, acess\u00edvel\u201d, explica.<\/p>\n<figure id=\"attachment_7860\" aria-describedby=\"caption-attachment-7860\" style=\"width: 504px\" class=\"wp-caption aligncenter\"><a href=\"http:\/\/projetocineb.com.br\/wp-content\/uploads\/2015\/08\/IMG_7044.jpg\"><img loading=\"lazy\" decoding=\"async\" class=\" wp-image-7860   \" title=\"IMG_7044\" src=\"http:\/\/projetocineb.com.br\/wp-content\/uploads\/2015\/08\/IMG_7044.jpg\" alt=\"\" width=\"504\" height=\"336\" \/><\/a><figcaption id=\"caption-attachment-7860\" class=\"wp-caption-text\">Moradores das ocupa\u00e7\u00f5es do centro tamb\u00e9m prestigiaram a sess\u00e3o do CINE B (cr\u00e9ditos: Danilo Ramos)<\/figcaption><\/figure>\n<p style=\"text-align: left;\">A sess\u00e3o contou com apoio da Subprefeitura da S\u00e9, pela CET, que liberou o acesso \u00e0 \u00e1rea da Pra\u00e7a para montar o CINEB e \u00e0 Guarda Civil Metropolitana, al\u00e9m de contar com a divulga\u00e7\u00e3o dos sites <a href=\"http:\/\/www.planetaosasco.com\/cidades\/15894-dia-do-bancario-e-celebrado-com-sessao-gratis-de-cinema-no-centro-de-sphttp:\/\/\" target=\"_blank\">Planeta Osasco<\/a> e <a href=\"http:\/\/www.redebrasilatual.com.br\/entretenimento\/2015\/08\/dia-do-bancario-e-celebrado-com-sessao-gratis-de-cinema-no-centro-de-sp-741.html\" target=\"_blank\">Rede Brasil Atual<\/a>. A TVT, que apoia o CINEB tamb\u00e9m cobriu a atividade.<\/p>\n<p style=\"text-align: center;\"><a href=\"https:\/\/flic.kr\/s\/aHskjrXp4r\" target=\"_blank\">CLIQUE AQUI PARA VER MAIS FOTOS<\/a><\/p>\n<p>&#8212;<\/p>\n<p>O CINEB \u00e9 um circuito itinerante de cinema realizado pelo Sindicato dos Banc\u00e1rios de S\u00e3o Paulo, Osasco e Regi\u00e3o e pela Brazucah Produ\u00e7\u00f5es. Desde 2007, o j\u00e1 atingiu um p\u00fablico superior a 50 mil espectadores em mais de 360 sess\u00f5es gratuitas realizadas em comunidades e universidades de S\u00e3o Paulo. A iniciativa busca democratizar o acesso ao cinema nacional e divulgar os filmes produzidos no Brasil. J\u00e1 foram exibidos na tela do CINEB mais de 75 longas-metragens e 50 curtas-metragens, al\u00e9m da realiza\u00e7\u00e3o de pr\u00e9-estreias exclusivas<em>.<\/em> Conta com o apoio de m\u00eddia da edi\u00e7\u00e3o brasileira do <em>Le Monde Diplomatique<\/em>.<\/p>\n","protected":false},"excerpt":{"rendered":"<p>Texto por Carlos Rizzo Fotos por Carlos Rizzo e Danilo Ramos Em homenagem ao Dia dos Banc\u00e1rios, o CINEB fez[&#8230;]<\/p>\n","protected":false},"author":2,"featured_media":7859,"comment_status":"open","ping_status":"open","sticky":false,"template":"","format":"standard","meta":[],"categories":[2],"tags":[209,237,263,271,285,287,389,465,1132],"_links":{"self":[{"href":"https:\/\/projetocineb.com.br\/index.php?rest_route=\/wp\/v2\/posts\/7858"}],"collection":[{"href":"https:\/\/projetocineb.com.br\/index.php?rest_route=\/wp\/v2\/posts"}],"about":[{"href":"https:\/\/projetocineb.com.br\/index.php?rest_route=\/wp\/v2\/types\/post"}],"author":[{"embeddable":true,"href":"https:\/\/projetocineb.com.br\/index.php?rest_route=\/wp\/v2\/users\/2"}],"replies":[{"embeddable":true,"href":"https:\/\/projetocineb.com.br\/index.php?rest_route=%2Fwp%2Fv2%2Fcomments&post=7858"}],"version-history":[{"count":0,"href":"https:\/\/projetocineb.com.br\/index.php?rest_route=\/wp\/v2\/posts\/7858\/revisions"}],"wp:featuredmedia":[{"embeddable":true,"href":"https:\/\/projetocineb.com.br\/index.php?rest_route=\/wp\/v2\/media\/7859"}],"wp:attachment":[{"href":"https:\/\/projetocineb.com.br\/index.php?rest_route=%2Fwp%2Fv2%2Fmedia&parent=7858"}],"wp:term":[{"taxonomy":"category","embeddable":true,"href":"https:\/\/projetocineb.com.br\/index.php?rest_route=%2Fwp%2Fv2%2Fcategories&post=7858"},{"taxonomy":"post_tag","embeddable":true,"href":"https:\/\/projetocineb.com.br\/index.php?rest_route=%2Fwp%2Fv2%2Ftags&post=7858"}],"curies":[{"name":"wp","href":"https:\/\/api.w.org\/{rel}","templated":true}]}}