{"id":7872,"date":"2015-09-01T11:22:26","date_gmt":"2015-09-01T14:22:26","guid":{"rendered":"http:\/\/projetocineb.com.br\/?p=7872"},"modified":"2015-09-01T11:22:26","modified_gmt":"2015-09-01T14:22:26","slug":"cineb-retorna-a-lapa-com-irma-dulce","status":"publish","type":"post","link":"https:\/\/projetocineb.com.br\/?p=7872","title":{"rendered":"CINEB retorna \u00e0 Lapa com Irm\u00e3 Dulce"},"content":{"rendered":"<p style=\"text-align: right;\"><strong>Texto e fotos por Carlos Rizzo<\/strong><\/p>\n<p style=\"text-align: center;\"><em>O CINEB j\u00e1 \u00e9 velho conhecido da comunidade da Par\u00f3quia Santo Est\u00eav\u00e3o Rei, que pela quarta vez recebeu uma sess\u00e3o do projeto, agora como filme <\/em>Irm\u00e3 Dulce<\/p>\n<p>O filme <em>Irm\u00e3 Dulce<\/em> tem feito sucesso nas sess\u00f5es do CINEB. Dessa vez, os moradores da Vila Anast\u00e1cio, no bairro da Lapa, tiveram a oportunidade de acompanhar a hist\u00f3ria de uma das mais importantes religiosas do pa\u00eds. A sess\u00e3o aconteceu no sal\u00e3o paroquial da igreja Santo Est\u00eav\u00e3o Rei. O local conta com uma hist\u00f3ria inusitada. Os mais velhos contam que ali ao lado funcionava um cinema do pai do cineasta Z\u00e9 do Caix\u00e3o, que passou os primeiros anos da vida por ali. Hoje o cinema de bairro j\u00e1 n\u00e3o existe. Cedeu lugar a uma empresa e um grande estacionamento. Mas a comunidade agora pode contar com as sess\u00f5es do CINEB.<\/p>\n<figure id=\"attachment_7887\" aria-describedby=\"caption-attachment-7887\" style=\"width: 454px\" class=\"wp-caption aligncenter\"><a href=\"http:\/\/projetocineb.com.br\/wp-content\/uploads\/2015\/09\/2U0A0939.jpg\"><img fetchpriority=\"high\" decoding=\"async\" class=\" wp-image-7887     \" title=\"eventos sociais, anivers\u00c3\u00a1rio, fotografia social, confraterniza\u00c3\u00a7\u00c3\u00a3o, fam\u00c3\u00adlia, comemora\u00c3\u00a7\u00c3\u00a3o, fot\u00c3\u00b3grafo, Nilson Hashizumi, fotografia, S\u00c3\u00a3o Paulo\" src=\"http:\/\/projetocineb.com.br\/wp-content\/uploads\/2015\/09\/2U0A0939.jpg\" alt=\"\" width=\"454\" height=\"302\" \/><\/a><figcaption id=\"caption-attachment-7887\" class=\"wp-caption-text\">Irm\u00e3 Dulce atraiu a aten\u00e7\u00e3o do p\u00fablico. (foto: Wilson Hashizumi)<\/figcaption><\/figure>\n<p>Esta foi a quarta vez que o projeto organizou uma sess\u00e3o de cinema no sal\u00e3o paroquial. Em cartaz o filme <em>Irm\u00e3 Dulce, <\/em>uma cinebiografia da religiosa baiana, que, em vida, foi chamada de \u201cAnjo bom da Bahia\u201d, indicada ao Nobel da Paz e beatificada pela Igreja. O filme apresenta sua trajet\u00f3ria de vida da d\u00e9cada de 1940 aos anos 1980. Dirigido por Vicente Amorim, a obra mostra como a religiosa cat\u00f3lica enfrentou uma doen\u00e7a respirat\u00f3ria incur\u00e1vel, o machismo, a indiferen\u00e7a de pol\u00edticos e at\u00e9 mesmo os dogmas da Igreja para dedicar sua vida a cuidar dos miser\u00e1veis, deixando um legado que perdura at\u00e9 hoje. Em setembro, est\u00e1 programada a \u00faltima das cinco sess\u00f5es do filme <em>Irm\u00e3 Dulce<\/em> no CINEB, dessa vez no Jaguar\u00e9. Antes do filme foi projetado o curta-metragem <em>Pajerama<\/em>, sobre a ca\u00e7ada de um \u00edndio em meio a acontecimentos estranhos na floresta. A anima\u00e7\u00e3o tem roteiro e dire\u00e7\u00e3o de Leonardo Cadaval.<\/p>\n<figure id=\"attachment_7874\" aria-describedby=\"caption-attachment-7874\" style=\"width: 382px\" class=\"wp-caption aligncenter\"><a href=\"http:\/\/projetocineb.com.br\/wp-content\/uploads\/2015\/09\/Montagem_rostos.jpg\"><img decoding=\"async\" class=\" wp-image-7874    \" title=\"Montagem_rostos\" src=\"http:\/\/projetocineb.com.br\/wp-content\/uploads\/2015\/09\/Montagem_rostos.jpg\" alt=\"\" width=\"382\" height=\"382\" \/><\/a><figcaption id=\"caption-attachment-7874\" class=\"wp-caption-text\">A sess\u00e3o contou um p\u00fablico de diferentes gera\u00e7\u00f5es. (foto: Carlos Rizzo)<\/figcaption><\/figure>\n<p>Siderlene Passos de Freitas j\u00e1 assistiu todos os filmes apresentados pelo CINEB na Vila Anast\u00e1cio, e at\u00e9 arrisca falar o nome de alguns deles, como<em> Ver\u00f4nica <\/em>e <em>O Contador de Hist\u00f3ria<\/em>. Ela j\u00e1 foi catequista e hoje integra a Pastoral do D\u00edzimo. Em todas as sess\u00f5es Siderlene colabora com a Produ\u00e7\u00e3o do evento. Ela conta que a comunidade cobra constantemente o retorno do projeto e que recebe moradores de outros bairros como Vila Piau\u00ed e Parque S\u00e3o Domingos.<\/p>\n<figure id=\"attachment_7875\" aria-describedby=\"caption-attachment-7875\" style=\"width: 389px\" class=\"wp-caption aligncenter\"><a href=\"http:\/\/projetocineb.com.br\/wp-content\/uploads\/2015\/09\/DSC_0678.jpg\"><img decoding=\"async\" class=\" wp-image-7875     \" title=\"DSC_0678\" src=\"http:\/\/projetocineb.com.br\/wp-content\/uploads\/2015\/09\/DSC_0678.jpg\" alt=\"\" width=\"389\" height=\"258\" \/><\/a><figcaption id=\"caption-attachment-7875\" class=\"wp-caption-text\">Luis Carlos de Godoi e a filha, Rafaela: clima familiar (foto: Carlos Rizzo)<\/figcaption><\/figure>\n<p>Para o p\u00e1roco Donisete Jos\u00e9 Xavier, poder contar com um projeto como o CINEB \u00e9 uma grande oportunidade cultural para a comunidade. \u201cO bairro \u00e9 formado por uma grande popula\u00e7\u00e3o de idosos que pouco saem de casa. Um evento como esse \u00e9 uma oportunidade de encontrar pessoas e buscar a conviv\u00eancia, que \u00e9 fundamental para uma vida em sociedade. Mas eu chamo a aten\u00e7\u00e3o para o filme Irm\u00e3 Dulce, que conta a hist\u00f3ria de uma pessoa que dedicou sua vida a atender os mais carentes. A sess\u00e3o \u00e9 uma oportunidade para conhecer essa pessoa maravilhosa\u201d, conclui.<\/p>\n<figure id=\"attachment_7888\" aria-describedby=\"caption-attachment-7888\" style=\"width: 454px\" class=\"wp-caption aligncenter\"><a href=\"http:\/\/projetocineb.com.br\/wp-content\/uploads\/2015\/09\/2U0A0933.jpg\"><img loading=\"lazy\" decoding=\"async\" class=\" wp-image-7888    \" title=\"eventos sociais, anivers\u00c3\u00a1rio, fotografia social, confraterniza\u00c3\u00a7\u00c3\u00a3o, fam\u00c3\u00adlia, comemora\u00c3\u00a7\u00c3\u00a3o, fot\u00c3\u00b3grafo, Nilson Hashizumi, fotografia, S\u00c3\u00a3o Paulo\" src=\"http:\/\/projetocineb.com.br\/wp-content\/uploads\/2015\/09\/2U0A0933.jpg\" alt=\"\" width=\"454\" height=\"302\" \/><\/a><figcaption id=\"caption-attachment-7888\" class=\"wp-caption-text\">Cid\u00e1lio Vieira Santos, coordenador do CineB, Padre Donisete Jos\u00e9 Xavier e Maria Rosane, diretora do Sindicato dos Banc\u00e1rios de S\u00e3o Paulo, Osasco e Regi\u00e3o. (foto: Wilson Hashizumi)<\/figcaption><\/figure>\n<p>Para Maria Rosani, secret\u00e1ria de Rela\u00e7\u00f5es Sindicais e Sociais do Sindicato dos Banc\u00e1rios de S\u00e3o Paulo, Osasco e Regi\u00e3o, a entidade v\u00ea a sociedade de forma ampla. \u201cAl\u00e9m de lutarmos pela categoria, \u00e9 um orgulho grande contarmos com um projeto como o CINEB que leva o cinema brasileiro, de qualidade, para diversas comunidades\u201d, explica.<\/p>\n<figure id=\"attachment_7876\" aria-describedby=\"caption-attachment-7876\" style=\"width: 407px\" class=\"wp-caption aligncenter\"><a href=\"http:\/\/projetocineb.com.br\/wp-content\/uploads\/2015\/09\/Jornais_montagem.jpg\"><img loading=\"lazy\" decoding=\"async\" class=\" wp-image-7876  \" title=\"Jornais_montagem\" src=\"http:\/\/projetocineb.com.br\/wp-content\/uploads\/2015\/09\/Jornais_montagem.jpg\" alt=\"\" width=\"407\" height=\"204\" \/><\/a><figcaption id=\"caption-attachment-7876\" class=\"wp-caption-text\">A divulga\u00e7\u00e3o contou com o apoio do Jornal Nosso Bairro e Jornal da Gente (foto: Carlos Rizzo)<\/figcaption><\/figure>\n<p>Apesar das v\u00e1rias sess\u00f5es que aconteceram na Vila Anast\u00e1cio, muitos acompanhavam pela primeira uma sess\u00e3o ali. \u00c9 o caso de Luis Carlos de Godoi e a filha, Rafaela Guedes de Godoi que gostaram muito do clima familiar da sess\u00e3o e aprovaram a pipoca de Seu Antonio. \u201cAgora, sempre que o CINEB retornar, estaremos aqui novamente\u201d, finaliza.<\/p>\n<figure id=\"attachment_7889\" aria-describedby=\"caption-attachment-7889\" style=\"width: 454px\" class=\"wp-caption aligncenter\"><a href=\"http:\/\/projetocineb.com.br\/wp-content\/uploads\/2015\/09\/2U0A1070.jpg\"><img loading=\"lazy\" decoding=\"async\" class=\" wp-image-7889    \" title=\"eventos sociais, anivers\u00c3\u00a1rio, fotografia social, confraterniza\u00c3\u00a7\u00c3\u00a3o, fam\u00c3\u00adlia, comemora\u00c3\u00a7\u00c3\u00a3o, fot\u00c3\u00b3grafo, Nilson Hashizumi, fotografia, S\u00c3\u00a3o Paulo\" src=\"http:\/\/projetocineb.com.br\/wp-content\/uploads\/2015\/09\/2U0A1070.jpg\" alt=\"\" width=\"454\" height=\"302\" \/><\/a><figcaption id=\"caption-attachment-7889\" class=\"wp-caption-text\">Todas as crian\u00e7as que compareceram na sess\u00e3o levaram um brinde para a casa! (foto: Wilson Hashizumi)<\/figcaption><\/figure>\n<p>Quem tamb\u00e9m marcou presen\u00e7a foi Adaucto Durigan, banc\u00e1rio aposentado e lideran\u00e7a comunit\u00e1ria, coordenador do F\u00f3rum Social que h\u00e1 dois anos re\u00fane a sociedade civil e representantes de v\u00e1rias \u00e1reas do poder p\u00fablico para discutir a implanta\u00e7\u00e3o de pol\u00edticas p\u00fablicas para atender a exclus\u00e3o social na regi\u00e3o da Vila Leopoldina. A sess\u00e3o contou com a divulga\u00e7\u00e3o dos jornais Nosso Bairro e Jornal da Gente, que deram destaque para a sess\u00e3o do CINEB.<\/p>\n<figure id=\"attachment_7877\" aria-describedby=\"caption-attachment-7877\" style=\"width: 445px\" class=\"wp-caption aligncenter\"><a href=\"http:\/\/projetocineb.com.br\/wp-content\/uploads\/2015\/09\/DSC_0598.jpg\"><img loading=\"lazy\" decoding=\"async\" class=\" wp-image-7877     \" title=\"DSC_0598\" src=\"http:\/\/projetocineb.com.br\/wp-content\/uploads\/2015\/09\/DSC_0598.jpg\" alt=\"\" width=\"445\" height=\"295\" \/><\/a><figcaption id=\"caption-attachment-7877\" class=\"wp-caption-text\">At\u00e9 a pr\u00f3xima sess\u00e3o! (foto: Carlos Rizzo)<\/figcaption><\/figure>\n<p style=\"text-align: center;\"><a href=\"https:\/\/www.flickr.com\/gp\/cinebprojeto\/97nN4g\" target=\"_blank\">CLIQUE AQUI PARA VER MAIS FOTOS<\/a><\/p>\n<p>&#8212;<\/p>\n<p>O CINEB \u00e9 um circuito itinerante de cinema realizado pelo Sindicato dos Banc\u00e1rios de S\u00e3o Paulo, Osasco e Regi\u00e3o e pela Brazucah Produ\u00e7\u00f5es. Desde 2007, o j\u00e1 atingiu um p\u00fablico superior a 50 mil espectadores em mais de 360 sess\u00f5es gratuitas realizadas em comunidades e universidades de S\u00e3o Paulo. A iniciativa busca democratizar o acesso ao cinema nacional e divulgar os filmes produzidos no Brasil. J\u00e1 foram exibidos na tela do CINEB mais de 75 longas-metragens e 50 curtas-metragens, al\u00e9m da realiza\u00e7\u00e3o de pr\u00e9-estreias exclusivas<em>.<\/em> Conta com o apoio de m\u00eddia da edi\u00e7\u00e3o brasileira do <em>Le Monde Diplomatique<\/em>.<\/p>\n","protected":false},"excerpt":{"rendered":"<p>Texto e fotos por Carlos Rizzo O CINEB j\u00e1 \u00e9 velho conhecido da comunidade da Par\u00f3quia Santo Est\u00eav\u00e3o Rei, que[&#8230;]<\/p>\n","protected":false},"author":2,"featured_media":7873,"comment_status":"open","ping_status":"open","sticky":false,"template":"","format":"standard","meta":[],"categories":[2],"tags":[86,237,252,267,273,646,927,1095,1132,1218],"_links":{"self":[{"href":"https:\/\/projetocineb.com.br\/index.php?rest_route=\/wp\/v2\/posts\/7872"}],"collection":[{"href":"https:\/\/projetocineb.com.br\/index.php?rest_route=\/wp\/v2\/posts"}],"about":[{"href":"https:\/\/projetocineb.com.br\/index.php?rest_route=\/wp\/v2\/types\/post"}],"author":[{"embeddable":true,"href":"https:\/\/projetocineb.com.br\/index.php?rest_route=\/wp\/v2\/users\/2"}],"replies":[{"embeddable":true,"href":"https:\/\/projetocineb.com.br\/index.php?rest_route=%2Fwp%2Fv2%2Fcomments&post=7872"}],"version-history":[{"count":0,"href":"https:\/\/projetocineb.com.br\/index.php?rest_route=\/wp\/v2\/posts\/7872\/revisions"}],"wp:featuredmedia":[{"embeddable":true,"href":"https:\/\/projetocineb.com.br\/index.php?rest_route=\/wp\/v2\/media\/7873"}],"wp:attachment":[{"href":"https:\/\/projetocineb.com.br\/index.php?rest_route=%2Fwp%2Fv2%2Fmedia&parent=7872"}],"wp:term":[{"taxonomy":"category","embeddable":true,"href":"https:\/\/projetocineb.com.br\/index.php?rest_route=%2Fwp%2Fv2%2Fcategories&post=7872"},{"taxonomy":"post_tag","embeddable":true,"href":"https:\/\/projetocineb.com.br\/index.php?rest_route=%2Fwp%2Fv2%2Ftags&post=7872"}],"curies":[{"name":"wp","href":"https:\/\/api.w.org\/{rel}","templated":true}]}}