{"id":790,"date":"2010-05-22T03:32:27","date_gmt":"2010-05-22T06:32:27","guid":{"rendered":"http:\/\/projetocineb.com.br\/?p=790"},"modified":"2010-05-22T03:32:27","modified_gmt":"2010-05-22T06:32:27","slug":"heliopolis","status":"publish","type":"post","link":"https:\/\/projetocineb.com.br\/?p=790","title":{"rendered":"HELI\u00d3POLIS"},"content":{"rendered":"<p><em>Fotos de Vivian Szelpal<\/em><\/p>\n<p>Pela\u00a0 <span style=\"color: #008000;\">primeira\u00a0 vez\u00a0 no\u00a0 bairro\u00a0 de Heli\u00f3polis<\/span> chega\u00a0 o projeto \u00a0Cine B, realizado pelo Sindicato dos Banc\u00e1rios de S\u00e3o Paulo, Osasco e Regi\u00e3o e Brazucah Produ\u00e7\u00f5es. A exibi\u00e7\u00e3o reuniu <span style=\"color: #008000;\">mais de \u00a0300\u00a0 pessoas, lideran\u00e7as\u00a0 locais, artistas\u00a0, estudantes\u00a0 universit\u00e1rios da Faculdade \u00a0S\u00e3o Marcos , e outros moradores da comunidade<\/span>.<\/p>\n<figure id=\"attachment_796\" aria-describedby=\"caption-attachment-796\" style=\"width: 370px\" class=\"wp-caption aligncenter\"><a href=\"http:\/\/projetocineb.com.br\/wp-content\/uploads\/2010\/05\/DSC_0131_01WEB.jpg\"><img fetchpriority=\"high\" decoding=\"async\" class=\"size-full wp-image-796   \" title=\"O espa\u00e7o utilizado pelo Cine B na Heli\u00f3polis, \u00e9 a frente de estabelecimentos comerciais da rua, que cedem o espa\u00e7o para os moradores usarem\" src=\"http:\/\/projetocineb.com.br\/wp-content\/uploads\/2010\/05\/DSC_0131_01WEB.jpg\" alt=\"O espa\u00e7o utilizado pelo Cine B na Heli\u00f3polis, \u00e9 a frente de estabelecimentos comerciais da rua, que cedem o espa\u00e7o para os moradores usarem\" width=\"370\" height=\"240\" \/><\/a><figcaption id=\"caption-attachment-796\" class=\"wp-caption-text\">O espa\u00e7o utilizado pelo Cine B na Heli\u00f3polis, \u00e9 a frente de estabelecimentos comerciais da rua, que cedem o espa\u00e7o para os moradores usarem<\/figcaption><\/figure>\n<p>Na d\u00e9cada de 60, 120 fam\u00edlias come\u00e7aram a ocupar um espa\u00e7o rural, na zona sul de S\u00e3o Paulo. O local era repleto de \u00e1rvores frut\u00edferas e espa\u00e7o de sobra para estas fam\u00edlias viverem. 40 anos depois, o terreno se tornou uma das maiores comunidades da periferia brasileira. <span style=\"color: #008000;\">J\u00e1 foi um lugar com fama de violento<\/span>, sem lei.<\/p>\n<p>Mas agora os ventos que correm por l\u00e1 s\u00e3o outros. A comunidade ainda carece de reestrutura\u00e7\u00f5es para significativa melhora de vida destes imigrantes do norte e nordeste brasileiro. Entretanto,<span style=\"color: #008000;\"> a comunidade \u00e9 unida e organizada, n\u00e3o brinca em servi\u00e7o<\/span>.<\/p>\n<p><span style=\"color: #008000;\">\u201cDesde 1993 estamos com um forte movimento de moradia. J\u00e1 constru\u00edmos mais ou menos 3 mil im\u00f3veis para as fam\u00edlias. Aproximadamente 900 fam\u00edlias ainda se mudar\u00e3o para outros apartamentos, constru\u00eddos com ajuda de verbas p\u00fablicas\u201d, disse Jos\u00e9 Marcelo da Silva, presidente do A\u00e7\u00e3o Comunit\u00e1ria da Heli\u00f3polis<\/span>. Segundo ele, que \u00e9 morador da regi\u00e3o, normalmente a fam\u00edlia \u00e9 retirada da casa que vive e transferida para outro im\u00f3vel, obrigatoriamente localizado na regi\u00e3o. Em 24 meses, a fam\u00edlia recebe 400 reais para o aluguel at\u00e9 que a nova casa fique pronta.<\/p>\n<p>A A\u00e7\u00e3o Comunit\u00e1ria da Heli\u00f3polis trabalha diretamente com as fam\u00edlias, explicando os benef\u00edcios e assistindo essas pessoas na mudan\u00e7a.\u00a0 \u201cVim pra c\u00e1 quando tinha 1 ano, e aos 14 j\u00e1 atuava em busca da melhora de nossa comunidade, eliminando vielas, becos.\u201d, disse Marcelo. <span style=\"color: #008000;\">\u201cEm breve tamb\u00e9m vamos oferecer cursos profissionalizantes, porque nossa preocupa\u00e7\u00e3o \u00e9 oferecer servi\u00e7os aos jovens de 17 a 25 anos. Teremos o apoio do Luiz Cl\u00e1udio Marcolino (presidente do Sindicato dos Banc\u00e1rios) que indicar\u00e1 educadores para trabalhar conosco\u201d, acrescentou Jos\u00e9 Marcelo<\/span>.<\/p>\n<p>Nesta exibi\u00e7\u00e3o do Cine B, <span style=\"color: #008000;\">Alex Minduim veio representando o presidente Luiz Cl\u00e1udio Marcolino<\/span>.<\/p>\n<figure id=\"attachment_791\" aria-describedby=\"caption-attachment-791\" style=\"width: 370px\" class=\"wp-caption aligncenter\"><a href=\"http:\/\/projetocineb.com.br\/wp-content\/uploads\/2010\/05\/DSC_0165_01WEB.jpg\"><img decoding=\"async\" class=\"size-full wp-image-791   \" title=\"Alex Minduim do Sindicato dos Banc\u00e1rios (representando Luiz Cl\u00e1udio Marcolino neste sess\u00e3o, Marcelo e Thomaz\" src=\"http:\/\/projetocineb.com.br\/wp-content\/uploads\/2010\/05\/DSC_0165_01WEB.jpg\" alt=\"Alex Minduim do Sindicato dos Banc\u00e1rios (representando Luiz Cl\u00e1udio Marcolino neste sess\u00e3o, Marcelo e Thomaz\" width=\"370\" height=\"275\" \/><\/a><figcaption id=\"caption-attachment-791\" class=\"wp-caption-text\">Alex Minduim do Sindicato dos Banc\u00e1rios (representando Luiz Cl\u00e1udio Marcolino neste sess\u00e3o, Jos\u00e9 Marcelo da Silva, presidente do A\u00e7\u00e3o Comunit\u00e1ria da Heli\u00f3polis e Tomaz Capobianco da Escola da Cidade<\/figcaption><\/figure>\n<h2><span style=\"color: #008000;\">PAQUIST\u00c3O<\/span><\/h2>\n<p>H\u00e1 alguns anos, <span style=\"color: #008000;\">estudantes da Escola da Cidade<\/span> tomaram conhecimento da situa\u00e7\u00e3o urban\u00edstica que vivia a popula\u00e7\u00e3o de Heli\u00f3polis. Articulados com as lideran\u00e7as locais, <span style=\"color: #008000;\">montaram o projeto arquitet\u00f4nico da sede da Associa\u00e7\u00e3o Paquist\u00e3o Social<\/span>, organiza\u00e7\u00e3o autogestion\u00e1ria que pretende trabalhar a cultura e o esporte na regi\u00e3o.<\/p>\n<figure id=\"attachment_795\" aria-describedby=\"caption-attachment-795\" style=\"width: 370px\" class=\"wp-caption aligncenter\"><a href=\"http:\/\/projetocineb.com.br\/wp-content\/uploads\/2010\/05\/DSC_0102_01WEB.jpg\"><img decoding=\"async\" class=\"size-full wp-image-795   \" title=\"Projeto arquitet\u00f4nico dos alunos da Escola da Cidade apresenta o pr\u00e9dio de 5 andares da Associa\u00e7\u00e3o Paquist\u00e3o Social\" src=\"http:\/\/projetocineb.com.br\/wp-content\/uploads\/2010\/05\/DSC_0102_01WEB.jpg\" alt=\"Projeto arquitet\u00f4nico dos alunos da Escola da Cidade apresenta o pr\u00e9dio de 5 andares da Associa\u00e7\u00e3o Paquist\u00e3o Social\" width=\"370\" height=\"356\" \/><\/a><figcaption id=\"caption-attachment-795\" class=\"wp-caption-text\">Projeto arquitet\u00f4nico dos alunos da Escola da Cidade apresenta o pr\u00e9dio de 5 andares da Associa\u00e7\u00e3o Paquist\u00e3o Social<\/figcaption><\/figure>\n<p><span style=\"color: #008000;\">\u201cEla foi fundada pelo meu marido e outros moradores, mas depois que meu marido faleceu, h\u00e1 dois anos, a associa\u00e7\u00e3o ficou um tempo parada. Agora estamos retomando as atividades, queremos mostrar para a comunidade que h\u00e1 espa\u00e7os que podem ser utilizados em benef\u00edcio de todos\u201d, disse Noelia Maria de Jesus, presidente da Associa\u00e7\u00e3o Paquist\u00e3o Social<\/span>.<\/p>\n<p>O universit\u00e1rio Tomaz Capobianco, que esteve presente na sess\u00e3o do Cine B em Heli\u00f3polis, \u00e9 um dos alunos da Escola da Cidade que elaborou o projeto arquitet\u00f4nico da sede do Paquist\u00e3o Social. Eles conheceram a comunidade atrav\u00e9s do trabalho de um <a href=\"http:\/\/guia.folha.com.br\/exposicoes\/ult10048u629477.shtml\">espanhol<\/a> sobre ocupa\u00e7\u00f5es ef\u00eameras de espa\u00e7os, como pessoas numa tarde fazendo churrasco na laje, e no dia seguinte o lugar est\u00e1 vazio ou servindo apenas como dep\u00f3sito. Ficaram impressionados com a organiza\u00e7\u00e3o da comunidade e a for\u00e7a das lideran\u00e7as locais, como Marcelo e Noelia, ent\u00e3o resolveram arrega\u00e7ar as mangas.<\/p>\n<p><span style=\"color: #008000;\">\u201cO terreno foi oferecido pela prefeitura para a comunidade utilizar, ent\u00e3o montamos um projeto de uma sede, do jeito que os habitantes daqui queriam. Eles imaginavam o que gostariam de ver acontecendo no pr\u00e9dio, e n\u00f3s planejamos\u201d, disse Tomaz<\/span>. \u201cInclusive a constru\u00e7\u00e3o ser\u00e1 feita atrav\u00e9s de mutir\u00e3o entre os moradores\u201d, acrescenta.<\/p>\n<figure id=\"attachment_793\" aria-describedby=\"caption-attachment-793\" style=\"width: 370px\" class=\"wp-caption aligncenter\"><a href=\"http:\/\/projetocineb.com.br\/wp-content\/uploads\/2010\/05\/DSC_0103_01WEB.jpg\"><img loading=\"lazy\" decoding=\"async\" class=\"size-full wp-image-793   \" title=\"Desenho do projeto arquitet\u00f4nico mostra o espa\u00e7o de exibi\u00e7\u00e3o de filmes na sede da Paquist\u00e3o Social\" src=\"http:\/\/projetocineb.com.br\/wp-content\/uploads\/2010\/05\/DSC_0103_01WEB.jpg\" alt=\"Desenho do projeto arquitet\u00f4nico mostra o espa\u00e7o de exibi\u00e7\u00e3o de filmes na sede da Paquist\u00e3o Social\" width=\"370\" height=\"557\" \/><\/a><figcaption id=\"caption-attachment-793\" class=\"wp-caption-text\">Desenho do projeto arquitet\u00f4nico mostra o espa\u00e7o de exibi\u00e7\u00e3o de filmes na sede da Paquist\u00e3o Social<\/figcaption><\/figure>\n<p>O projeto, apenas aguarda a confirma\u00e7\u00e3o da Prefeitura como dona do terreno, para que possam receber o investimento conseguido atrav\u00e9s do projeto Mais Cultura, do Governo Federal, para a constru\u00e7\u00e3o do espa\u00e7o e compra de equipamentos. Quando pronto ser\u00e1 utilizado para oferecer cursos profissionalizantes, aulas, apresenta\u00e7\u00f5es e reuni\u00f5es do bairro.<\/p>\n<p><span style=\"color: #008000;\">\u201cO Luiz Cl\u00e1udio Marcolino chegou aqui, viu tudo isso e disse que a gente podia trazer o Cine B para c\u00e1, ent\u00e3o resolvemos fazer esta primeira exibi\u00e7\u00e3o\u201d, disse Jos\u00e9 Marcelo da Silva<\/span>, presidente do A\u00e7\u00e3o Comunit\u00e1ria da Heli\u00f3polis.<\/p>\n<p>\u201cA pedido do Marcelo e Noelia, viemos e queremos voltar porque a comunidade da Heli\u00f3polis est\u00e1 realmente de parab\u00e9ns em uni\u00e3o e participa\u00e7\u00e3o\u201d, disse Cid\u00e1lio Vieira Santos, da Brazucah Produ\u00e7\u00f5es, na abertura de hoje do Cine B, realizado na Heli\u00f3polis pelo Sindicato dos Banc\u00e1rios de S\u00e3o Paulo, Osasco e Regi\u00e3o e Brazucah Produ\u00e7\u00f5es.<\/p>\n<p><span style=\"color: #008000;\">Agradecemos aos vizinhos do espa\u00e7o que acontecer a sess\u00e3o: o pessoal do bar e da lan house, que ajudaram de v\u00e1rias formas, desde assistindo a exibi\u00e7\u00e3o, assim como na organiza\u00e7\u00e3o do evento, al\u00e9m do fechamento da rua, o que tornou esta sess\u00e3o do Cine B, m\u00e1gica.<\/span><\/p>\n<p><span style=\"font-family: Calibri; font-size: small;\"> <\/span><\/p>\n<figure id=\"attachment_792\" aria-describedby=\"caption-attachment-792\" style=\"width: 370px\" class=\"wp-caption aligncenter\"><a href=\"http:\/\/projetocineb.com.br\/wp-content\/uploads\/2010\/05\/DSC_0161_01WEB.jpg\"><img loading=\"lazy\" decoding=\"async\" class=\"size-full wp-image-792   \" title=\"Os moradores fecharam a rua e muitos vizinhos ficaram em frente de casa assistindo aos filmes e comendo uma pipoquinha\" src=\"http:\/\/projetocineb.com.br\/wp-content\/uploads\/2010\/05\/DSC_0161_01WEB.jpg\" alt=\"Os moradores fecharam a rua e muitos vizinhos ficaram em frente de casa assistindo aos filmes e comendo uma pipoquinha\" width=\"370\" height=\"245\" \/><\/a><figcaption id=\"caption-attachment-792\" class=\"wp-caption-text\">Os moradores fecharam a rua e muitos vizinhos ficaram em frente de casa assistindo aos filmes e comendo uma pipoquinha<\/figcaption><\/figure>\n<h2><span style=\"color: #008000;\">CACHORRO LOUCO<\/span><\/h2>\n<p>E hoje tinha na exibi\u00e7\u00e3o um motoboy presente. Emerson Oliveira Antunes, cara de jovem, mas pai de tr\u00eas filhos. H\u00e1 10 anos se aventura no cotidiano selvagem do tr\u00e2nsito numa moto. Mas pelo visto, o que mais pesa em seu trabalho apesar do perigo, \u00e9 a discrimina\u00e7\u00e3o. <span style=\"color: #008000;\">\u201cEu valorizo muito a nossa profiss\u00e3o, apesar de saber que fa\u00e7o isso por falta de op\u00e7\u00e3o. O sal\u00e1rio \u00e9 bom, mas as pessoas s\u00e3o mal educadas conosco, n\u00e3o \u00e9 f\u00e1cil\u201d, disse Emerson<\/span>.<\/p>\n<figure id=\"attachment_794\" aria-describedby=\"caption-attachment-794\" style=\"width: 370px\" class=\"wp-caption aligncenter\"><a href=\"http:\/\/projetocineb.com.br\/wp-content\/uploads\/2010\/05\/DSC_0168_01WEB.jpg\"><img loading=\"lazy\" decoding=\"async\" class=\"size-full wp-image-794   \" title=\"&quot;O mais dif\u00edcil em nossa profiss\u00e3o \u00e9 o preconceito&quot;, disse o motoboy Emerson\" src=\"http:\/\/projetocineb.com.br\/wp-content\/uploads\/2010\/05\/DSC_0168_01WEB.jpg\" alt=\"&quot;O mais dif\u00edcil em nossa profiss\u00e3o \u00e9 o preconceito&quot;, disse o motoboy Emerson\" width=\"370\" height=\"678\" \/><\/a><figcaption id=\"caption-attachment-794\" class=\"wp-caption-text\">&quot;O mais dif\u00edcil em nossa profiss\u00e3o \u00e9 o preconceito&quot;, disse o motoboy Emerson, que no final ganhou brindes do Cine B, em reconhecimento de sua classe trabalhadora<\/figcaption><\/figure>\n<p>\u201cAs pessoas nem olham nos olhos deles. Eles s\u00e3o chamados de cachorro louco, est\u00e3o sempre com pressa, agitados, resolvendo o assunto dos outros\u201d, disse a esposa de Emerson, Lucineide Souza da Silva. Ela perdeu o irm\u00e3o recentemente num acidente de moto.\u00a0\u201cEle estava trabalhando para a Votorantim, um carro bateu na traseira dele, aqui na Rodovia Anchieta. Ficou completamente desfigurado, no vel\u00f3rio usamos maquilagem, colocamos cabelo. Foi horr\u00edvel, ele tinha apenas 25 anos\u201d, disse Lucineide.<\/p>\n<p>E n\u00e3o fica com medo do marido continuar a trabalhar assim? <span style=\"color: #008000;\">\u201cJ\u00e1 cheguei a pedir a separa\u00e7\u00e3o que n\u00e3o ag\u00fcento. Todo dia insisto pra sair, mas eles acostumam, esquecem o perigo. Por isso fui fazer faculdade e agora daqui alguns meses abro meu sal\u00e3o. J\u00e1 disse que ele vai me ajudar e estudar, ele \u00e9 muito inteligente\u201d, disse Lucineide<\/span>.<\/p>\n<p>\u201cA gente sempre pesa o lado financeiro. Sem muita forma\u00e7\u00e3o, onde vamos conseguir um emprego que pague todas as nossas contas?\u201d, disse o motoboy Emerson.<\/p>\n<p>Em <em>Os 12 trabalhos<\/em>, o personagem Her\u00e1cles vive o primeiro dia como motoboy. No filme, <span style=\"color: #008000;\">o tr\u00e2nsito \u00e9 perigoso, mas a discrimina\u00e7\u00e3o \u00e9 mais chocante<\/span>. S\u00f3 que um dia a fatalidade chega.<\/p>\n<h2><span style=\"color: #008000;\">CLICKS<\/span><\/h2>\n<figure id=\"attachment_797\" aria-describedby=\"caption-attachment-797\" style=\"width: 370px\" class=\"wp-caption aligncenter\"><a href=\"http:\/\/projetocineb.com.br\/wp-content\/uploads\/2010\/05\/DSC_0134_01WEB.jpg\"><img loading=\"lazy\" decoding=\"async\" class=\"size-full wp-image-797   \" title=\"Apesar de jovens, s\u00e3o j\u00e1 atuam na comunidade. Fazem o atendimento de manh\u00e3 e de tarde da A\u00e7\u00e3o Comunit\u00e1ria da Heli\u00f3polis, Thabata Ketley da Silva, de 13 anos e Renata Lopes dos Santos, de 17. \u201cQueremos mudar a nossa vida e da comunidade\u201d, disse Thabata. Na foto elas aparecem com Noelia e Roberto\" src=\"http:\/\/projetocineb.com.br\/wp-content\/uploads\/2010\/05\/DSC_0134_01WEB.jpg\" alt=\"Apesar de jovens, s\u00e3o j\u00e1 atuam na comunidade. Fazem o atendimento de manh\u00e3 e de tarde da A\u00e7\u00e3o Comunit\u00e1ria da Heli\u00f3polis, Thabata Ketley da Silva, de 13 anos e Renata Lopes dos Santos, de 17. \u201cQueremos mudar a nossa vida e da comunidade\u201d, disse Thabata. Na foto elas aparecem com Noelia e Roberto\" width=\"370\" height=\"231\" \/><\/a><figcaption id=\"caption-attachment-797\" class=\"wp-caption-text\">\u201cQueremos mudar a nossa vida e da comunidade\u201d, disse Thabata Ketley da Silva, de 13 anos e Renata Lopes dos Santos, de 17, ambas com camiseta do Cine B. Na foto elas aparecem com Noelia Maria de Jesus, presidente da Associa\u00e7\u00e3o Paquist\u00e3o Social e Roberto Vitor da Silva<\/figcaption><\/figure>\n<figure id=\"attachment_798\" aria-describedby=\"caption-attachment-798\" style=\"width: 370px\" class=\"wp-caption aligncenter\">o<a href=\"http:\/\/projetocineb.com.br\/wp-content\/uploads\/2010\/05\/DSC_0105_01WEB.jpg\"><img loading=\"lazy\" decoding=\"async\" class=\"size-full wp-image-798   \" title=\"Marcelo Illiceto e sua noiva Luciana Cintra, com a sobrinha Lucineide Souza da Silva, \u00cdtali da Silva Antunes de 2 anos e Igor Kevin dos Reis Antunes, de 11\" src=\"http:\/\/projetocineb.com.br\/wp-content\/uploads\/2010\/05\/DSC_0105_01WEB.jpg\" alt=\"Marcelo Illiceto e sua noiva Luciana Cintra, com a sobrinha Lucineide Souza da Silva, \u00cdtali da Silva Antunes de 2 anos e Igor Kevin dos Reis Antunes, de 11\" width=\"370\" height=\"240\" \/><\/a><figcaption id=\"caption-attachment-798\" class=\"wp-caption-text\">Marcelo Illiceto e sua noiva Luciana Cintra, com a sobrinha Lucineide Souza da Silva (esposa do Emerson motoboy), \u00cdtalo da Silva Antunes de 2 anos e Igor Kevin dos Reis Antunes, de 11<\/figcaption><\/figure>\n<figure id=\"attachment_807\" aria-describedby=\"caption-attachment-807\" style=\"width: 378px\" class=\"wp-caption aligncenter\"><a href=\"http:\/\/projetocineb.com.br\/wp-content\/uploads\/2010\/05\/DSC_0124_01WEB.jpg\"><img loading=\"lazy\" decoding=\"async\" class=\"size-full wp-image-807  \" title=\"300 pessoas estiveram presentes repondendo pesquisas e concorrendo a brindes, al\u00e9m de assistir a filmes brasileiro e comer pipoca feita na hora\" src=\"http:\/\/projetocineb.com.br\/wp-content\/uploads\/2010\/05\/DSC_0124_01WEB.jpg\" alt=\"300 pessoas estiveram presentes repondendo pesquisas e concorrendo a brindes, al\u00e9m de assistir a filmes brasileiro e comer pipoca feita na hora\" width=\"378\" height=\"253\" \/><\/a><figcaption id=\"caption-attachment-807\" class=\"wp-caption-text\">300 pessoas estiveram presentes repondendo pesquisas e concorrendo a brindes, al\u00e9m de assistir a filmes brasileiro e comer pipoca feita na hora<\/figcaption><\/figure>\n<figure id=\"attachment_808\" aria-describedby=\"caption-attachment-808\" style=\"width: 378px\" class=\"wp-caption aligncenter\"><a href=\"http:\/\/projetocineb.com.br\/wp-content\/uploads\/2010\/05\/DSC_0113_01WEB.jpg\"><img loading=\"lazy\" decoding=\"async\" class=\"size-full wp-image-808  \" title=\"J\u00e1 imaginou um cinema vir parar na frente de sua casa?\" src=\"http:\/\/projetocineb.com.br\/wp-content\/uploads\/2010\/05\/DSC_0113_01WEB.jpg\" alt=\"J\u00e1 imaginou um cinema vir parar na frente de sua casa?\" width=\"378\" height=\"276\" \/><\/a><figcaption id=\"caption-attachment-808\" class=\"wp-caption-text\">J\u00e1 imaginou um cinema vir parar na frente de sua casa?<\/figcaption><\/figure>\n<figure id=\"attachment_815\" aria-describedby=\"caption-attachment-815\" style=\"width: 378px\" class=\"wp-caption aligncenter\"><a href=\"http:\/\/projetocineb.com.br\/wp-content\/uploads\/2010\/05\/DSC_0114_01web.jpg\"><img loading=\"lazy\" decoding=\"async\" class=\"size-full wp-image-815\" title=\"Francisco Maria da Silva, que pela primeira vez foi ao cinema e, bem, o cinema veio parar na frente da casa dela pela primeira vez. \u00ca Cine B, s\u00f3 voc\u00ea... Na foto, com Cid\u00e1lio Vieira Santos, da Brazucah Produ\u00e7\u00f5es\" src=\"http:\/\/projetocineb.com.br\/wp-content\/uploads\/2010\/05\/DSC_0114_01web.jpg\" alt=\"\" width=\"378\" height=\"240\" \/><\/a><figcaption id=\"caption-attachment-815\" class=\"wp-caption-text\">Francisco Maria da Silva, que pela primeira vez foi ao cinema e, bem, o cinema veio parar na frente da casa dela pela primeira vez. \u00ca Cine B, s\u00f3 voc\u00ea... Na foto, com Cid\u00e1lio Vieira Santos, da Brazucah Produ\u00e7\u00f5es e os filhos g\u00eameos Matheus e Lucas<\/figcaption><\/figure>\n<p style=\"text-align: center;\">\n<figure id=\"attachment_800\" aria-describedby=\"caption-attachment-800\" style=\"width: 378px\" class=\"wp-caption aligncenter\"><a href=\"http:\/\/projetocineb.com.br\/wp-content\/uploads\/2010\/05\/DSC_0122_01WEB.jpg\"><img loading=\"lazy\" decoding=\"async\" class=\"size-full wp-image-800  \" title=\"\u201cTamb\u00e9m \u00e9 minha primeira vez num cinema\u201d, disse Francisca C\u00e9lia Braz, com sua filha Ana Beatriz Braz de 11 anos\" src=\"http:\/\/projetocineb.com.br\/wp-content\/uploads\/2010\/05\/DSC_0122_01WEB.jpg\" alt=\"\u201cTamb\u00e9m \u00e9 minha primeira vez num cinema\u201d, disse Francisca C\u00e9lia Braz, com sua filha Ana Beatriz Braz de 11 anos\" width=\"378\" height=\"314\" \/><\/a><figcaption id=\"caption-attachment-800\" class=\"wp-caption-text\">\u201cTamb\u00e9m \u00e9 minha primeira vez num cinema\u201d, disse Francisca C\u00e9lia Braz, com sua filha Ana Beatriz Braz de 11 anos<\/figcaption><\/figure>\n<figure id=\"attachment_801\" aria-describedby=\"caption-attachment-801\" style=\"width: 378px\" class=\"wp-caption aligncenter\"><a href=\"http:\/\/projetocineb.com.br\/wp-content\/uploads\/2010\/05\/DSC_0125_01WEB.jpg\"><img loading=\"lazy\" decoding=\"async\" class=\"size-full wp-image-801  \" title=\"Os \u201cquase casados\u201d, Jaqueline Souza e Franscisco Silva Lima\" src=\"http:\/\/projetocineb.com.br\/wp-content\/uploads\/2010\/05\/DSC_0125_01WEB.jpg\" alt=\"Os \u201cquase casados\u201d, Jaqueline Souza e Franscisco Silva Lima\" width=\"378\" height=\"329\" \/><\/a><figcaption id=\"caption-attachment-801\" class=\"wp-caption-text\">Os \u201cquase casados\u201d, Jaqueline Souza e Franscisco Silva Lima<\/figcaption><\/figure>\n<figure id=\"attachment_805\" aria-describedby=\"caption-attachment-805\" style=\"width: 378px\" class=\"wp-caption aligncenter\"><a href=\"http:\/\/projetocineb.com.br\/wp-content\/uploads\/2010\/05\/DSC_0180_01WEB.jpg\"><img loading=\"lazy\" decoding=\"async\" class=\"size-full wp-image-805  \" title=\"Donizete Bonfim e Get\u00falio Borges, atores e facilitadores do Cine Favela. Eles est\u00e3o com um programa infantil que j\u00e1 consegui dois pontos de audi\u00eancia, na TV Aberta, canal 9, quarta 16h e segunda 8h:30min, \u00e9 o Esta\u00e7\u00e3o Alegria. Acesse: www.programaestacaoalegria.blogspot.com\" src=\"http:\/\/projetocineb.com.br\/wp-content\/uploads\/2010\/05\/DSC_0180_01WEB.jpg\" alt=\"Donizete Bonfim e Get\u00falio Borges, atores e facilitadores do Cine Favela. Eles est\u00e3o com um programa infantil que j\u00e1 consegui dois pontos de audi\u00eancia, na TV Aberta, canal 9, quarta 16h e segunda 8h:30min, \u00e9 o Esta\u00e7\u00e3o Alegria. Acesse: www.programaestacaoalegria.blogspot.com\" width=\"378\" height=\"283\" \/><\/a><figcaption id=\"caption-attachment-805\" class=\"wp-caption-text\">Donizete Bonfim e Get\u00falio Borges, atores e facilitadores do Cine Favela. Eles est\u00e3o com um programa infantil que j\u00e1 consegui dois pontos de audi\u00eancia, na TV Aberta, canal 9, quarta 16h e segunda 8h:30min, \u00e9 o Esta\u00e7\u00e3o Alegria. Acesse: www.programaestacaoalegria.blogspot.com<\/figcaption><\/figure>\n<figure id=\"attachment_802\" aria-describedby=\"caption-attachment-802\" style=\"width: 378px\" class=\"wp-caption aligncenter\"><a href=\"http:\/\/projetocineb.com.br\/wp-content\/uploads\/2010\/05\/DSC_0126_01WEB.jpg\"><img loading=\"lazy\" decoding=\"async\" class=\"size-full wp-image-802  \" title=\"Maria Rita de Oliveira, Sandra Aparecida Augusto da Silva e Noelia Maria de Jesus, da organiza\u00e7\u00e3o da Associa\u00e7\u00e3o Paquist\u00e3o Social\" src=\"http:\/\/projetocineb.com.br\/wp-content\/uploads\/2010\/05\/DSC_0126_01WEB.jpg\" alt=\"Maria Rita de Oliveira, Sandra Aparecida Augusto da Silva e Noelia Maria de Jesus, da organiza\u00e7\u00e3o da Associa\u00e7\u00e3o Paquist\u00e3o Social\" width=\"378\" height=\"242\" \/><\/a><figcaption id=\"caption-attachment-802\" class=\"wp-caption-text\">Maria Rita de Oliveira, Sandra Aparecida Augusto da Silva e Noelia Maria de Jesus, da organiza\u00e7\u00e3o da Associa\u00e7\u00e3o Paquist\u00e3o Social<\/figcaption><\/figure>\n<figure id=\"attachment_803\" aria-describedby=\"caption-attachment-803\" style=\"width: 378px\" class=\"wp-caption aligncenter\"><\/p>\n<div class=\"mceTemp mceIEcenter\">\n<dl id=\"attachment_804\" class=\"wp-caption aligncenter\" style=\"width: 388px;\">\n<dt class=\"wp-caption-dt\"><a href=\"http:\/\/projetocineb.com.br\/wp-content\/uploads\/2010\/05\/DSC_0135_01WEB.jpg\"><img loading=\"lazy\" decoding=\"async\" class=\"size-full wp-image-804  \" title=\"Gislaine dos Santos Ferreira e dona Tereza Oliveira da Silva\" src=\"http:\/\/projetocineb.com.br\/wp-content\/uploads\/2010\/05\/DSC_0135_01WEB.jpg\" alt=\"Gislaine dos Santos Ferreira e dona Tereza Oliveira da Silva\" width=\"378\" height=\"323\" \/><\/a><figcaption id=\"caption-attachment-803\" class=\"wp-caption-text\">Gislaine dos Santos Ferreira e dona Tereza Oliveira da Silva<\/figcaption><\/figure>\n<p><a href=\"http:\/\/projetocineb.com.br\/wp-content\/uploads\/2010\/05\/DSC_0132_01WEB.jpg\"><img loading=\"lazy\" decoding=\"async\" class=\"size-full wp-image-803  \" title=\"Rosileide Pereira Fran\u00e7a com seu neto Pablo Andreas de 5 anos, dona Maria Cavanti da Silva que foi pela primeira vez num cinem, e os pais de Pablo, Luiz Ricardo Fran\u00e7a e Joelma Melissa Fran\u00e7a\" src=\"http:\/\/projetocineb.com.br\/wp-content\/uploads\/2010\/05\/DSC_0132_01WEB.jpg\" alt=\"Rosileide Pereira Fran\u00e7a com seu neto Pablo Andreas de 5 anos, dona Maria Cavanti da Silva que foi pela primeira vez num cinem, e os pais de Pablo, Luiz Ricardo Fran\u00e7a e Joelma Melissa Fran\u00e7a\" width=\"378\" height=\"227\" \/><\/a><\/p>\n<\/dt>\n<dd class=\"wp-caption-dd\">Rosileide Pereira Fran\u00e7a com seu neto Pablo Andreas de 5 anos, dona Maria Cavanti da Silva que foi pela primeira vez num cinema, e os pais de Pablo, Luiz Ricardo Fran\u00e7a e Joelma Melissa Fran\u00e7a<\/dd>\n<\/dl>\n<\/div>\n<figure id=\"attachment_806\" aria-describedby=\"caption-attachment-806\" style=\"width: 378px\" class=\"wp-caption aligncenter\"><a href=\"http:\/\/projetocineb.com.br\/wp-content\/uploads\/2010\/05\/DSC_0178_01WEB.jpg\"><img loading=\"lazy\" decoding=\"async\" class=\"size-full wp-image-806  \" title=\"Camisetas do Cine B, livros do Corpo Humano e calend\u00e1rios do Sindicato foram sorteados para o p\u00fablico\" src=\"http:\/\/projetocineb.com.br\/wp-content\/uploads\/2010\/05\/DSC_0178_01WEB.jpg\" alt=\"Camisetas do Cine B, livros do Corpo Humano e calend\u00e1rios do Sindicato foram sorteados para o p\u00fablico\" width=\"378\" height=\"241\" \/><\/a><figcaption id=\"caption-attachment-806\" class=\"wp-caption-text\">Camisetas do Cine B, livros do Corpo Humano e calend\u00e1rios do Sindicato foram sorteados para o p\u00fablico<\/figcaption><\/figure>\n","protected":false},"excerpt":{"rendered":"<p>Fotos de Vivian Szelpal Pela\u00a0 primeira\u00a0 vez\u00a0 no\u00a0 bairro\u00a0 de Heli\u00f3polis chega\u00a0 o projeto \u00a0Cine B, realizado pelo Sindicato dos[&#8230;]<\/p>\n","protected":false},"author":2,"featured_media":0,"comment_status":"open","ping_status":"open","sticky":false,"template":"","format":"standard","meta":[],"categories":[2],"tags":[154,242,248,266,269,597,760,824,894,1132,1251],"_links":{"self":[{"href":"https:\/\/projetocineb.com.br\/index.php?rest_route=\/wp\/v2\/posts\/790"}],"collection":[{"href":"https:\/\/projetocineb.com.br\/index.php?rest_route=\/wp\/v2\/posts"}],"about":[{"href":"https:\/\/projetocineb.com.br\/index.php?rest_route=\/wp\/v2\/types\/post"}],"author":[{"embeddable":true,"href":"https:\/\/projetocineb.com.br\/index.php?rest_route=\/wp\/v2\/users\/2"}],"replies":[{"embeddable":true,"href":"https:\/\/projetocineb.com.br\/index.php?rest_route=%2Fwp%2Fv2%2Fcomments&post=790"}],"version-history":[{"count":0,"href":"https:\/\/projetocineb.com.br\/index.php?rest_route=\/wp\/v2\/posts\/790\/revisions"}],"wp:attachment":[{"href":"https:\/\/projetocineb.com.br\/index.php?rest_route=%2Fwp%2Fv2%2Fmedia&parent=790"}],"wp:term":[{"taxonomy":"category","embeddable":true,"href":"https:\/\/projetocineb.com.br\/index.php?rest_route=%2Fwp%2Fv2%2Fcategories&post=790"},{"taxonomy":"post_tag","embeddable":true,"href":"https:\/\/projetocineb.com.br\/index.php?rest_route=%2Fwp%2Fv2%2Ftags&post=790"}],"curies":[{"name":"wp","href":"https:\/\/api.w.org\/{rel}","templated":true}]}}