{"id":7904,"date":"2015-09-18T17:47:40","date_gmt":"2015-09-18T20:47:40","guid":{"rendered":"http:\/\/projetocineb.com.br\/?p=7904"},"modified":"2015-09-18T17:47:40","modified_gmt":"2015-09-18T20:47:40","slug":"sessao-no-jaguare-lota-para-ver-irma-dulce","status":"publish","type":"post","link":"https:\/\/projetocineb.com.br\/?p=7904","title":{"rendered":"Sess\u00e3o no Jaguar\u00e9 lota para ver Irm\u00e3 Dulce"},"content":{"rendered":"<p style=\"text-align: right;\"><strong>Texto por Carlos Rizzo<\/strong><\/p>\n<p style=\"text-align: right;\"><strong>Fotos por Carlos Rizzo e Danilo Ramos<\/strong><\/p>\n<p style=\"text-align: center;\"><em>A \u00faltima sess\u00e3o do filme Irm\u00e3 Dulce no CINEB, que aconteceu na quinta-feira, dia 17 de setembro, reuniu mais de 200 pessoas no sal\u00e3o paroquial da Igreja S\u00e3o Jos\u00e9 do Jaguar\u00e9. Local foi um dos primeiros espa\u00e7os a receber o projeto do Sindicato dos Banc\u00e1rios de S\u00e3o Paulo, Osasco e Regi\u00e3o, e contou com a divulga\u00e7\u00e3o da Rede Vida<\/em><\/p>\n<p>Foram quatro exibi\u00e7\u00f5es do filme <em>Irm\u00e3 Dulce<\/em> no CINEB que emocionaram as quase mil pessoas que compareceram \u00e0s sess\u00f5es entre os meses de agosto e setembro. A \u00faltima delas ocorreu quinta-feira, 17 de setembro, no sal\u00e3o paroquial da igreja S\u00e3o Jos\u00e9 do Jaguar\u00e9, na Zona Oeste. O espa\u00e7o tem uma longa hist\u00f3ria com o CINEB, pois foi l\u00e1 que aconteceu uma das primeiras sess\u00f5es do projeto, em 2007. Desde ent\u00e3o, foram outras oito sess\u00f5es, sempre com um grande p\u00fablico. E n\u00e3o foi diferente dessa vez.<\/p>\n<figure id=\"attachment_7923\" aria-describedby=\"caption-attachment-7923\" style=\"width: 432px\" class=\"wp-caption aligncenter\"><a href=\"http:\/\/projetocineb.com.br\/wp-content\/uploads\/2015\/09\/IMG_8367.jpg\"><img fetchpriority=\"high\" decoding=\"async\" class=\" wp-image-7923   \" title=\"CIne B - Jaguar\u00c3\u00a1 - proje\u00c3\u00a7ao do filme &quot; Irma Dulce&quot;\" src=\"http:\/\/projetocineb.com.br\/wp-content\/uploads\/2015\/09\/IMG_8367.jpg\" alt=\"\" width=\"432\" height=\"288\" \/><\/a><figcaption id=\"caption-attachment-7923\" class=\"wp-caption-text\">Todos preparados para mais uma sess\u00e3o do filme &quot;Irm\u00e3 Dulce&quot; (foto: Danilo Ramos)<\/figcaption><\/figure>\n<figure id=\"attachment_7924\" aria-describedby=\"caption-attachment-7924\" style=\"width: 454px\" class=\"wp-caption aligncenter\"><a href=\"http:\/\/projetocineb.com.br\/wp-content\/uploads\/2015\/09\/IMG_8423.jpg\"><img decoding=\"async\" class=\" wp-image-7924    \" title=\"CIne B - Jaguar\u00c3\u00a1 - proje\u00c3\u00a7ao do filme &quot; Irma Dulce&quot;\" src=\"http:\/\/projetocineb.com.br\/wp-content\/uploads\/2015\/09\/IMG_8423.jpg\" alt=\"\" width=\"454\" height=\"302\" \/><\/a><figcaption id=\"caption-attachment-7924\" class=\"wp-caption-text\">Antes de a sess\u00e3o come\u00e7ar, a pipoca foi estourada (foto: Danilo Ramos)<\/figcaption><\/figure>\n<p>Mais de 200 pessoas, entre alunos de tr\u00eas escolas da regi\u00e3o e moradores da comunidade ocuparam todas as cadeiras dispon\u00edveis no grande sal\u00e3o paroquial para acompanhar a cinebiografia da religiosa baiana, que, em vida, foi chamada de \u201cAnjo bom da Bahia\u201d, indicada ao Nobel da Paz e beatificada pela Igreja. O filme <em>Irm\u00e3 Dulce<\/em> apresenta sua trajet\u00f3ria de vida da d\u00e9cada de 1940 aos anos 1980. Dirigido por Vicente Amorim, a obra mostra como a religiosa cat\u00f3lica enfrentou uma doen\u00e7a respirat\u00f3ria incur\u00e1vel, o machismo, a indiferen\u00e7a de pol\u00edticos e at\u00e9 mesmo os dogmas da Igreja para dedicar sua vida a cuidar dos miser\u00e1veis, deixando um legado que perdura at\u00e9 hoje.<\/p>\n<figure id=\"attachment_7905\" aria-describedby=\"caption-attachment-7905\" style=\"width: 425px\" class=\"wp-caption aligncenter\"><a href=\"http:\/\/projetocineb.com.br\/wp-content\/uploads\/2015\/09\/Montagem-Rede-Vida.jpg\"><img decoding=\"async\" class=\" wp-image-7905\" title=\"Montagem Rede Vida\" src=\"http:\/\/projetocineb.com.br\/wp-content\/uploads\/2015\/09\/Montagem-Rede-Vida.jpg\" alt=\"\" width=\"425\" height=\"283\" \/><\/a><figcaption id=\"caption-attachment-7905\" class=\"wp-caption-text\">Divulga\u00e7\u00e3o da sess\u00e3o contou com a cobertura da Rede Vida, canal de televis\u00e3o cat\u00f3lico (foto: Carlos Rizzo)<\/figcaption><\/figure>\n<p style=\"text-align: center;\"><em>Veja a mat\u00e9ria clicando <a href=\"http:\/\/http:\/\/redevida.com.br\/programa\/jctv\/paroquia-exibira-filme-sobre-vida-de-irma-dulce-em-sao-paulo.html\" target=\"_blank\">aqui<\/a><br \/>\n<\/em><\/p>\n<p>Tr\u00eas escolas marcaram presen\u00e7a: as estaduais (EE) Maria Eug\u00eania e Professor Architiclino Santos e a Escola Municipal (EM) Marechal Esperidi\u00e3o Rosas. Lucimar Terneiro Azambuja, professora de Hist\u00f3ria da EE Maria Eug\u00eania conta que h\u00e1 quatro anos os alunos v\u00eam para as sess\u00f5es do CINEB que, para ela, \u00e9 um \u201cfant\u00e1stico incentivo \u00e0 comunidade para participar de uma atividade diferente que tem a ver com cultura. Eu percebo, como professora, que a comunidade que vive aqui n\u00e3o sai do bairro, ent\u00e3o trazer o cinema para c\u00e1 oferece uma nova perspectiva\u201d, avalia.<\/p>\n<figure id=\"attachment_7926\" aria-describedby=\"caption-attachment-7926\" style=\"width: 432px\" class=\"wp-caption aligncenter\"><a href=\"http:\/\/projetocineb.com.br\/wp-content\/uploads\/2015\/09\/IMG_8523.jpg\"><img loading=\"lazy\" decoding=\"async\" class=\" wp-image-7926   \" title=\"CIne B - Jaguar\u00c3\u00a1 - proje\u00c3\u00a7ao do filme &quot; Irma Dulce&quot;\" src=\"http:\/\/projetocineb.com.br\/wp-content\/uploads\/2015\/09\/IMG_8523.jpg\" alt=\"\" width=\"432\" height=\"288\" \/><\/a><figcaption id=\"caption-attachment-7926\" class=\"wp-caption-text\">CINEB com sala lotada (foto: Danilo Ramos)<\/figcaption><\/figure>\n<p>Outro que tamb\u00e9m elogia o trabalho do CINEB \u00e9 o professor readaptado de geografia Jamir Odovaldo Calaresi Jr. da EM Espiridi\u00e3o Rosas. \u201cN\u00f3s participamos das sess\u00f5es desde o in\u00edcio, h\u00e1 quase dez anos. N\u00e3o perdemos uma vez sequer. Estamos em um grupo de professores que acompanham os alunos do EJA [Educa\u00e7\u00e3o de Jovens e Adultos], [O CINEB] \u00e9 fundamental para esse pessoal, \u00e9 uma das poucas oportunidades de vivenciar o cinema\u201d, explica.<\/p>\n<figure id=\"attachment_7906\" aria-describedby=\"caption-attachment-7906\" style=\"width: 445px\" class=\"wp-caption aligncenter\"><a href=\"http:\/\/projetocineb.com.br\/wp-content\/uploads\/2015\/09\/DSC_0906.jpg\"><img loading=\"lazy\" decoding=\"async\" class=\" wp-image-7906     \" title=\"DSC_0906\" src=\"http:\/\/projetocineb.com.br\/wp-content\/uploads\/2015\/09\/DSC_0906.jpg\" alt=\"\" width=\"445\" height=\"295\" \/><\/a><figcaption id=\"caption-attachment-7906\" class=\"wp-caption-text\">Professores da EM Esperidi\u00e3o Rosas. Alunos e professores participaram de todas as sess\u00f5es do CINEB exibidas na par\u00f3quia S\u00e3o Jos\u00e9 do Jaguar\u00e9 (foto: Carlos Rizzo)<\/figcaption><\/figure>\n<figure id=\"attachment_7907\" aria-describedby=\"caption-attachment-7907\" style=\"width: 445px\" class=\"wp-caption aligncenter\"><a href=\"http:\/\/projetocineb.com.br\/wp-content\/uploads\/2015\/09\/DSC_0868.jpg\"><img loading=\"lazy\" decoding=\"async\" class=\" wp-image-7907     \" title=\"DSC_0868\" src=\"http:\/\/projetocineb.com.br\/wp-content\/uploads\/2015\/09\/DSC_0868.jpg\" alt=\"\" width=\"445\" height=\"295\" \/><\/a><figcaption id=\"caption-attachment-7907\" class=\"wp-caption-text\">Valderi Garcia Manara, 74 anos, tamb\u00e9m marcou presen\u00e7a nas nove sess\u00f5es do CINEB no Jaguar\u00e9: \u201ceu gosto, deixo outros compromissos de lado para vir para c\u00e1&quot; (foto: Carlos Rizzo)<\/figcaption><\/figure>\n<p>O surdo-mudo Diego Antunes de Oliveira, convidado por um amigo estudante da EE Architiclino Santos, assistiu ao filme ao lado da int\u00e9rprete de libras da escola, Eufr\u00e1sia Beneris que o auxiliava com os di\u00e1logos. Diego elogiou o projeto, que aproxima as pessoas al\u00e9m de oferecer \u201cdivertimento\u201d. J\u00e1 sobre o filme, ele considera Irm\u00e3 Dulce uma \u201cpessoa importante, que lutou muito para ajudar os mais necessitados\u201d.<\/p>\n<figure id=\"attachment_7908\" aria-describedby=\"caption-attachment-7908\" style=\"width: 445px\" class=\"wp-caption aligncenter\"><a href=\"http:\/\/projetocineb.com.br\/wp-content\/uploads\/2015\/09\/DSC_0928.jpg\"><img loading=\"lazy\" decoding=\"async\" class=\" wp-image-7908     \" title=\"DSC_0928\" src=\"http:\/\/projetocineb.com.br\/wp-content\/uploads\/2015\/09\/DSC_0928.jpg\" alt=\"\" width=\"445\" height=\"295\" \/><\/a><figcaption id=\"caption-attachment-7908\" class=\"wp-caption-text\">Diego Antunes, ao lado da tradutora de libras Eufr\u00e1sia: \u201cvi muitas pessoas felizes aqui\u201d (foto: Carlos Rizzo)<\/figcaption><\/figure>\n<p>Para o p\u00e1roco Roberto Grant Maison, o CINEB \u00e9 uma iniciativa pertinente do Sindicato dos Banc\u00e1rios de S\u00e3o Paulo, Osasco e Regi\u00e3o, pois oferece a \u201cpossibilidade das pessoas entrarem em contato com obras cinematogr\u00e1ficas brasileiras de qualidade, perto da casa delas. Muitas vezes as pessoas n\u00e3o t\u00eam como se locomover ou n\u00e3o tem dinheiro para ir ao cinema, ent\u00e3o \u00e9 um servi\u00e7o cultural importante\u201d, conclui.<\/p>\n<figure id=\"attachment_7925\" aria-describedby=\"caption-attachment-7925\" style=\"width: 432px\" class=\"wp-caption aligncenter\"><a href=\"http:\/\/projetocineb.com.br\/wp-content\/uploads\/2015\/09\/IMG_8659.jpg\"><img loading=\"lazy\" decoding=\"async\" class=\" wp-image-7925   \" title=\"CIne B - Jaguar\u00c3\u00a1 - proje\u00c3\u00a7ao do filme &quot; Irma Dulce&quot;\" src=\"http:\/\/projetocineb.com.br\/wp-content\/uploads\/2015\/09\/IMG_8659.jpg\" alt=\"\" width=\"432\" height=\"288\" \/><\/a><figcaption id=\"caption-attachment-7925\" class=\"wp-caption-text\">Cid\u00e1lio Vieira Santos, coordenador do CINEB, com o Padre Roberto Grant Maison e o diretor de Cultura do Sindicato, Marcelo Gon\u00e7alves (foto: Danilo Ramos)<\/figcaption><\/figure>\n<p>Marcelo Gon\u00e7alves, diretor de Cultura do Sindicato dos Banc\u00e1rios de S\u00e3o Paulo, Osasco e Regi\u00e3o, tem acompanhado v\u00e1rias sess\u00f5es do CINEB e na sua avalia\u00e7\u00e3o o projeto tem surpreendido-o pela capacidade de reunir as pessoas em torno do cinema nacional. \u201cHoje temos casa cheia, muitas crian\u00e7as, fam\u00edlias, um povo bonito, que representa nosso pa\u00eds e nossa cultura, que tamb\u00e9m \u00e9 retratada em filmes que contam a hist\u00f3ria de nosso pa\u00eds e de nossas lutas, como \u00e9 o caso da vida da Irm\u00e3 Dulce\u201d, pondera.<\/p>\n<figure id=\"attachment_7910\" aria-describedby=\"caption-attachment-7910\" style=\"width: 383px\" class=\"wp-caption aligncenter\"><a href=\"http:\/\/projetocineb.com.br\/wp-content\/uploads\/2015\/09\/Montagem_Cartazes-Escolas.jpg\"><img loading=\"lazy\" decoding=\"async\" class=\" wp-image-7910   \" title=\"Montagem_Cartazes Escolas\" src=\"http:\/\/projetocineb.com.br\/wp-content\/uploads\/2015\/09\/Montagem_Cartazes-Escolas.jpg\" alt=\"\" width=\"383\" height=\"766\" \/><\/a><figcaption id=\"caption-attachment-7910\" class=\"wp-caption-text\">Os alunos das tr\u00eas escolas p\u00fablicas do Jaguar\u00e9 trouxeram cartazes elogiando o trabalho do CINEB (foto: Carlos Rizzo)<\/figcaption><\/figure>\n<figure id=\"attachment_7911\" aria-describedby=\"caption-attachment-7911\" style=\"width: 445px\" class=\"wp-caption aligncenter\"><a href=\"http:\/\/projetocineb.com.br\/wp-content\/uploads\/2015\/09\/DSC_0865.jpg\"><img loading=\"lazy\" decoding=\"async\" class=\" wp-image-7911     \" title=\"DSC_0865\" src=\"http:\/\/projetocineb.com.br\/wp-content\/uploads\/2015\/09\/DSC_0865.jpg\" alt=\"\" width=\"445\" height=\"295\" \/><\/a><figcaption id=\"caption-attachment-7911\" class=\"wp-caption-text\">Ganhadores das camisetas do CINEB que participaram de um concurso cultural sobre o cinema brasileiro (foto: Carlos Rizzo)<\/figcaption><\/figure>\n<p style=\"text-align: center;\"><a href=\"https:\/\/flic.kr\/s\/aHskkAY2G5\" target=\"_blank\">\u00a0CLIQUE AQUI PARA VER MAIS FOTOS<\/a><\/p>\n<p>O CINEB \u00e9 um circuito itinerante de cinema realizado pelo Sindicato dos Banc\u00e1rios de S\u00e3o Paulo, Osasco e Regi\u00e3o e pela Brazucah Produ\u00e7\u00f5es. Desde 2007, o j\u00e1 atingiu um p\u00fablico superior a 50 mil espectadores em mais de 360 sess\u00f5es gratuitas realizadas em comunidades e universidades de S\u00e3o Paulo. A iniciativa busca democratizar o acesso ao cinema nacional e divulgar os filmes produzidos no Brasil. J\u00e1 foram exibidos na tela do CINEB mais de 75 longas-metragens e 50 curtas-metragens, al\u00e9m da realiza\u00e7\u00e3o de pr\u00e9-estreias exclusivas<em>.<\/em> Conta com o apoio de m\u00eddia da edi\u00e7\u00e3o brasileira do <em>Le Monde Diplomatique<\/em>.<\/p>\n","protected":false},"excerpt":{"rendered":"<p>Texto por Carlos Rizzo Fotos por Carlos Rizzo e Danilo Ramos A \u00faltima sess\u00e3o do filme Irm\u00e3 Dulce no CINEB,[&#8230;]<\/p>\n","protected":false},"author":2,"featured_media":7926,"comment_status":"open","ping_status":"open","sticky":false,"template":"","format":"standard","meta":[],"categories":[2],"tags":[154,242,263,266,275,279,349,470,646,1095,1132,1247,1249,1250,1251],"_links":{"self":[{"href":"https:\/\/projetocineb.com.br\/index.php?rest_route=\/wp\/v2\/posts\/7904"}],"collection":[{"href":"https:\/\/projetocineb.com.br\/index.php?rest_route=\/wp\/v2\/posts"}],"about":[{"href":"https:\/\/projetocineb.com.br\/index.php?rest_route=\/wp\/v2\/types\/post"}],"author":[{"embeddable":true,"href":"https:\/\/projetocineb.com.br\/index.php?rest_route=\/wp\/v2\/users\/2"}],"replies":[{"embeddable":true,"href":"https:\/\/projetocineb.com.br\/index.php?rest_route=%2Fwp%2Fv2%2Fcomments&post=7904"}],"version-history":[{"count":0,"href":"https:\/\/projetocineb.com.br\/index.php?rest_route=\/wp\/v2\/posts\/7904\/revisions"}],"wp:featuredmedia":[{"embeddable":true,"href":"https:\/\/projetocineb.com.br\/index.php?rest_route=\/wp\/v2\/media\/7926"}],"wp:attachment":[{"href":"https:\/\/projetocineb.com.br\/index.php?rest_route=%2Fwp%2Fv2%2Fmedia&parent=7904"}],"wp:term":[{"taxonomy":"category","embeddable":true,"href":"https:\/\/projetocineb.com.br\/index.php?rest_route=%2Fwp%2Fv2%2Fcategories&post=7904"},{"taxonomy":"post_tag","embeddable":true,"href":"https:\/\/projetocineb.com.br\/index.php?rest_route=%2Fwp%2Fv2%2Ftags&post=7904"}],"curies":[{"name":"wp","href":"https:\/\/api.w.org\/{rel}","templated":true}]}}