{"id":7933,"date":"2015-09-25T16:11:14","date_gmt":"2015-09-25T19:11:14","guid":{"rendered":"http:\/\/projetocineb.com.br\/?p=7933"},"modified":"2015-09-25T16:11:14","modified_gmt":"2015-09-25T19:11:14","slug":"alana-do-jardim-pantanal-recebe-cineb","status":"publish","type":"post","link":"https:\/\/projetocineb.com.br\/?p=7933","title":{"rendered":"Alana do Jardim Pantanal recebe CINEB"},"content":{"rendered":"<p style=\"text-align: right;\"><strong>Fotos e texto por Carlos Rizzo<\/strong><\/p>\n<p style=\"text-align: center;\"><em>Pela terceira vez, o Espa\u00e7o Alana localizado no Jardim Pantanal, Zona Leste, abre suas portas para o CINEB do Sindicato dos Banc\u00e1rios de S\u00e3o Paulo, Osasco e Regi\u00e3o. Comunidade se divertiu com a com\u00e9dia <\/em>Meus dois amores<em>, exibida ao ar livre, na pra\u00e7a do novo pr\u00e9dio da entidade<\/em><\/p>\n<p>A\u00e7\u00e3o cultural integrada foi o que se viu na noite da \u00faltima quinta-feira, 24 de setembro. De um lado, o CINEB, projeto do Sindicato dos Banc\u00e1rios de S\u00e3o Paulo, Osasco e Regi\u00e3o que h\u00e1 mais de sete anos atua na democratiza\u00e7\u00e3o do cinema brasileiro. De outro lado, o Espa\u00e7o Alana,\u00a0projeto desenvolvido pelo Instituto Alana, organiza\u00e7\u00e3o mantida pelos irm\u00e3os Ana Lucia de Mattos Barretto Villela e Alfredo Egydio Arruda Villela Filho, que atua para honrar a crian\u00e7a\u00a0e h\u00e1 mais de 20 anos mant\u00e9m esse um trabalho no Jardim Pantanal, Zona Leste, uma das comunidades mais carentes da cidade de S\u00e3o Paulo.<\/p>\n<figure id=\"attachment_7934\" aria-describedby=\"caption-attachment-7934\" style=\"width: 445px\" class=\"wp-caption aligncenter\"><a href=\"http:\/\/projetocineb.com.br\/wp-content\/uploads\/2015\/09\/DSC_1060.jpg\"><img fetchpriority=\"high\" decoding=\"async\" class=\" wp-image-7934     \" title=\"DSC_1060\" src=\"http:\/\/projetocineb.com.br\/wp-content\/uploads\/2015\/09\/DSC_1060.jpg\" alt=\"\" width=\"445\" height=\"295\" \/><\/a><figcaption id=\"caption-attachment-7934\" class=\"wp-caption-text\">Professores da EE Henrique Smith Bayma em peso na sess\u00e3o<\/figcaption><\/figure>\n<p>O resultado n\u00e3o poderia ser melhor. Numa linda noite, cerca de 200 pessoas, formada por alunos da E.E. Henrique Smith Bayma e moradores da regi\u00e3o acompanharam, na pra\u00e7a do espa\u00e7o, uma divertida com\u00e9dia do diretor Luis Henrique Rios: <em>Meu dois amores<\/em>. O filme, baseada no conto <em>Corpo fechado <\/em>do escritor Jo\u00e3o Guimar\u00e3es Rosa, conta a hist\u00f3ria do vaqueiro Manuel invejado pela sua mula Beija-Ful\u00f4. Um matador do local precisa de um novo animal e Manuel vende outra mula, bichada. Quando o matador descobre que foi enganado, quer matar o vaqueiro e desonrar sua noiva, Das D\u00f4. Mas Manuel recorre ao feiticeiro local para se proteger. <em>Meus dois amores<\/em> foi exibido pela pela primeira vez no CINEB e agradou bastante o p\u00fablico, que riu muito com as nuances da hist\u00f3ria e n\u00e3o arredou o p\u00e9 at\u00e9 o final da sess\u00e3o.<\/p>\n<figure id=\"attachment_7935\" aria-describedby=\"caption-attachment-7935\" style=\"width: 445px\" class=\"wp-caption aligncenter\"><a href=\"http:\/\/projetocineb.com.br\/wp-content\/uploads\/2015\/09\/DSC_1103.jpg\"><img decoding=\"async\" class=\" wp-image-7935     \" title=\"DSC_1103\" src=\"http:\/\/projetocineb.com.br\/wp-content\/uploads\/2015\/09\/DSC_1103.jpg\" alt=\"\" width=\"445\" height=\"295\" \/><\/a><figcaption id=\"caption-attachment-7935\" class=\"wp-caption-text\">O coordenador do CINEB, Cid\u00e1lio Vieira Santos ao lado de Elani Tabosa do Nascimento, bibliotec\u00e1ria do Espa\u00e7o<\/figcaption><\/figure>\n<p>Para o coordenador pedag\u00f3gico da E.E. Henrique Smith Bayma, Marcelilno Pinheiro Leite Jr, professores e alunos compareceram em peso para prestigiar o espa\u00e7o e a sess\u00e3o e poder curtir o filme gratuito com pipoca: \u201ctoda a iniciativa feita para melhorar a vida do cidad\u00e3o \u00e9 louv\u00e1vel. O Sindicato [dos Banc\u00e1rios de S\u00e3o Paulo, Osasco e Regi\u00e3o] est\u00e1 de parab\u00e9ns por essa iniciativa, porque as pessoas que moram em comunidades distantes, muitas vezes n\u00e3o t\u00eam condi\u00e7\u00f5es de passear, ir ano cinema. Agora, n\u00f3s professores, vamos trabalhar na sala a tem\u00e1tica, o conte\u00fado do filme\u201d, explica.<\/p>\n<figure id=\"attachment_7936\" aria-describedby=\"caption-attachment-7936\" style=\"width: 414px\" class=\"wp-caption aligncenter\"><a href=\"http:\/\/projetocineb.com.br\/wp-content\/uploads\/2015\/09\/Montagem_fotos.jpg\"><img decoding=\"async\" class=\" wp-image-7936     \" title=\"Montagem_fotos\" src=\"http:\/\/projetocineb.com.br\/wp-content\/uploads\/2015\/09\/Montagem_fotos.jpg\" alt=\"\" width=\"414\" height=\"275\" \/><\/a><figcaption id=\"caption-attachment-7936\" class=\"wp-caption-text\">Estudantes, comunidade e representantes da regi\u00e3o compareceram \u00e0 sess\u00e3o<\/figcaption><\/figure>\n<p>Para Elani Tabosa do Nascimento, bibliotec\u00e1ria respons\u00e1vel pelas atividades culturais da biblioteca e do Espa\u00e7o Alana, \u00e9 uma grande satisfa\u00e7\u00e3o receber o projeto CINEB. \u201c\u00c9 a terceira vez que fazemos uma sess\u00e3o aqui no espa\u00e7o, sempre com a casa cheia. A comunidade do Jardim Pantanal \u00e9 muito carente, precisam de iniciativas como essa\u201d, elogia.<\/p>\n<figure id=\"attachment_7937\" aria-describedby=\"caption-attachment-7937\" style=\"width: 445px\" class=\"wp-caption aligncenter\"><a href=\"http:\/\/projetocineb.com.br\/wp-content\/uploads\/2015\/09\/DSC_1141.jpg\"><img loading=\"lazy\" decoding=\"async\" class=\" wp-image-7937     \" title=\"DSC_1141\" src=\"http:\/\/projetocineb.com.br\/wp-content\/uploads\/2015\/09\/DSC_1141.jpg\" alt=\"\" width=\"445\" height=\"295\" \/><\/a><figcaption id=\"caption-attachment-7937\" class=\"wp-caption-text\">E n\u00e3o poderia faltar a pipoca, elogiada pelo p\u00fablico<\/figcaption><\/figure>\n<p>De fato, toda a comunidade cultural da regi\u00e3o marcou presen\u00e7a na sess\u00e3o como o F\u00f3rum de Cultura do Itaim, a Casa de Cultura de Itaim e o produtor Marcelo Bento que lan\u00e7ou recentemente o filme <em>Um voo para a liberdade,<\/em> um trabalho independente de sua m\u00e3e, Gigi Maravilha, que vem desenvolvendo a\u00e7\u00f5es de fomento \u00e0 cultura e o cinema na regi\u00e3o de S\u00e3o Miguel e Itaim Paulista. Para Pedro Ronney de Melo, supervisor de cultura da Sub-prefeitura de S\u00e3o Miguel Paulista, a falta de cinema nos bairros \u00e9 suprida pelo trabalho do Sindicato dos Banc\u00e1rios de S\u00e3o Paulo, Osasco e Regi\u00e3o. \u201cHoje foi lindo, todo mundo aplaudiu. O CINEB est\u00e1 de parab\u00e9ns. \u00c9 uma a\u00e7\u00e3o de acesso \u00e0 cultura para a comunidade mais carente\u201d, elogia.<\/p>\n<figure id=\"attachment_7938\" aria-describedby=\"caption-attachment-7938\" style=\"width: 445px\" class=\"wp-caption aligncenter\"><a href=\"http:\/\/projetocineb.com.br\/wp-content\/uploads\/2015\/09\/DSC_1149.jpg\"><img loading=\"lazy\" decoding=\"async\" class=\" wp-image-7938     \" title=\"DSC_1149\" src=\"http:\/\/projetocineb.com.br\/wp-content\/uploads\/2015\/09\/DSC_1149.jpg\" alt=\"\" width=\"445\" height=\"295\" \/><\/a><figcaption id=\"caption-attachment-7938\" class=\"wp-caption-text\">N\u00e3o poderiam faltar os ganhadores dos brindes, sorteados para o p\u00fablico presente<\/figcaption><\/figure>\n<p style=\"text-align: left;\">E n\u00e3o podemos deixar de agradecer ao supervisor de Cultura da sub-prefeitura de S\u00e3o Miguel, Ronney, a Sonia, da Associa\u00e7\u00e3o AMOJAP, ao Luiz, da Brinquedoteca, e a Concei\u00e7\u00e3o, do F\u00f3rum dos Idosos do Jardim Helena.<\/p>\n<p style=\"text-align: center;\"><a href=\"https:\/\/flic.kr\/s\/aHskm4fFPQ\" target=\"_blank\">CLIQUE AQUI PARA VER MAIS FOTOS<\/a><\/p>\n<p>&nbsp;<\/p>\n<p>O CINEB \u00e9 um circuito itinerante de cinema realizado pelo Sindicato dos Banc\u00e1rios de S\u00e3o Paulo, Osasco e Regi\u00e3o e pela Brazucah Produ\u00e7\u00f5es. Desde 2007, o j\u00e1 atingiu um p\u00fablico superior a 50 mil espectadores em mais de 360 sess\u00f5es gratuitas realizadas em comunidades e universidades de S\u00e3o Paulo. A iniciativa busca democratizar o acesso ao cinema nacional e divulgar os filmes produzidos no Brasil. J\u00e1 foram exibidos na tela do CINEB mais de 75 longas-metragens e 50 curtas-metragens, al\u00e9m da realiza\u00e7\u00e3o de pr\u00e9-estreias exclusivas<em>.<\/em><\/p>\n","protected":false},"excerpt":{"rendered":"<p>Fotos e texto por Carlos Rizzo Pela terceira vez, o Espa\u00e7o Alana localizado no Jardim Pantanal, Zona Leste, abre suas[&#8230;]<\/p>\n","protected":false},"author":2,"featured_media":7939,"comment_status":"open","ping_status":"open","sticky":false,"template":"","format":"standard","meta":[],"categories":[2],"tags":[154,237,242,263,266,635,1095,1132,1247,1249,1250,1251],"_links":{"self":[{"href":"https:\/\/projetocineb.com.br\/index.php?rest_route=\/wp\/v2\/posts\/7933"}],"collection":[{"href":"https:\/\/projetocineb.com.br\/index.php?rest_route=\/wp\/v2\/posts"}],"about":[{"href":"https:\/\/projetocineb.com.br\/index.php?rest_route=\/wp\/v2\/types\/post"}],"author":[{"embeddable":true,"href":"https:\/\/projetocineb.com.br\/index.php?rest_route=\/wp\/v2\/users\/2"}],"replies":[{"embeddable":true,"href":"https:\/\/projetocineb.com.br\/index.php?rest_route=%2Fwp%2Fv2%2Fcomments&post=7933"}],"version-history":[{"count":0,"href":"https:\/\/projetocineb.com.br\/index.php?rest_route=\/wp\/v2\/posts\/7933\/revisions"}],"wp:featuredmedia":[{"embeddable":true,"href":"https:\/\/projetocineb.com.br\/index.php?rest_route=\/wp\/v2\/media\/7939"}],"wp:attachment":[{"href":"https:\/\/projetocineb.com.br\/index.php?rest_route=%2Fwp%2Fv2%2Fmedia&parent=7933"}],"wp:term":[{"taxonomy":"category","embeddable":true,"href":"https:\/\/projetocineb.com.br\/index.php?rest_route=%2Fwp%2Fv2%2Fcategories&post=7933"},{"taxonomy":"post_tag","embeddable":true,"href":"https:\/\/projetocineb.com.br\/index.php?rest_route=%2Fwp%2Fv2%2Ftags&post=7933"}],"curies":[{"name":"wp","href":"https:\/\/api.w.org\/{rel}","templated":true}]}}