{"id":7954,"date":"2015-09-29T17:27:52","date_gmt":"2015-09-29T20:27:52","guid":{"rendered":"http:\/\/projetocineb.com.br\/?p=7954"},"modified":"2015-09-29T17:27:52","modified_gmt":"2015-09-29T20:27:52","slug":"o-cineb-traz-o-que-a-comunidade-nao-tem","status":"publish","type":"post","link":"https:\/\/projetocineb.com.br\/?p=7954","title":{"rendered":"\u201cO CINEB traz o que a comunidade n\u00e3o tem\u201d"},"content":{"rendered":"<p style=\"text-align: right;\"><strong>Texto e fotos por Carlos Rizzo<\/strong><\/p>\n<p style=\"text-align: center;\"><em>A comunidade que frequenta o Espa\u00e7o Tijolinho, que fica na Zona Norte, acompanhou pela terceira vez uma sess\u00e3o do CINEB, na \u00faltima sexta-feira, 25 de setembro, dessa vez para assistir a com\u00e9dia <\/em>Meus dois amores<em>. Antes da sess\u00e3o, houve apresenta\u00e7\u00e3o de um grupo de ciranda formado por crian\u00e7as que frequentam a entidade<\/em><\/p>\n<p>Foi a terceira vez que o CINE B foi \u00e0 entidade Promo\u00e7\u00f5es Humanas Eug\u00eanio de Mazenod, ou simplesmente Espa\u00e7o Tijollinho, que fica no Morro Grande, Zona Norte. O espa\u00e7o existe h\u00e1 36 anos e foi criado por padres. Hoje quem administra \u00e9 a comunidade, mas o trabalho de assist\u00eancia social permanece, com o atendimento de mais de 200 crian\u00e7as e adolescentes entre 6 e 18 anos que frequentam o Centro para Crian\u00e7a e Adolescente (CCA) e o Centro para a Juventude (CJ). A entidade oferece oficinas de inform\u00e1tica, r\u00e1dio, reciclagem, curso de ingl\u00eas e portugu\u00eas e atividades esportivas.<\/p>\n<figure id=\"attachment_7956\" aria-describedby=\"caption-attachment-7956\" style=\"width: 445px\" class=\"wp-caption aligncenter\"><a href=\"http:\/\/projetocineb.com.br\/wp-content\/uploads\/2015\/09\/DSC_0004.jpg\"><img fetchpriority=\"high\" decoding=\"async\" class=\" wp-image-7956     \" title=\"DSC_0004\" src=\"http:\/\/projetocineb.com.br\/wp-content\/uploads\/2015\/09\/DSC_0004.jpg\" alt=\"\" width=\"445\" height=\"295\" \/><\/a><figcaption id=\"caption-attachment-7956\" class=\"wp-caption-text\">A fila para a pipoca estava grande antes da sess\u00e3o<\/figcaption><\/figure>\n<p>Cerca de 100 pessoas comparecem \u00e0 sess\u00e3o para acompanhar a divertida a com\u00e9dia <em>Meu dois amores, do <\/em>diretor Luis Henrique Rios. O filme, baseada no conto <em>Corpo fechado <\/em>do escritor Jo\u00e3o Guimar\u00e3es Rosa, conta a hist\u00f3ria do vaqueiro Manuel invejado pela sua mula Beija-Ful\u00f4. Um matador do local precisa de um novo animal e Manuel vende outra mula, bichada. Quando o matador descobre que foi enganado, quer matar o vaqueiro e desonrar sua noiva, Das D\u00f4. Mas Manuel recorre ao feiticeiro local para se proteger. Foi a segunda exibi\u00e7\u00e3o de <em>Meus dois amores <\/em>no CINEB. O filme tem agradado o p\u00fablico, que se diverte com as trapalhadas do vaqueiro para tentar manter seu animal e casar com sua amada.<\/p>\n<figure id=\"attachment_7957\" aria-describedby=\"caption-attachment-7957\" style=\"width: 475px\" class=\"wp-caption aligncenter\"><a href=\"http:\/\/projetocineb.com.br\/wp-content\/uploads\/2015\/09\/Montagem_ciranda.jpg\"><img decoding=\"async\" class=\" wp-image-7957    \" title=\"Montagem_ciranda\" src=\"http:\/\/projetocineb.com.br\/wp-content\/uploads\/2015\/09\/Montagem_ciranda.jpg\" alt=\"\" width=\"475\" height=\"317\" \/><\/a><figcaption id=\"caption-attachment-7957\" class=\"wp-caption-text\">Alunos do CCA Tijolinho em apresenta\u00e7\u00e3o de ciranda na abertura da sess\u00e3o<\/figcaption><\/figure>\n<p>Antes da sess\u00e3o, alunos do espa\u00e7o fizeram uma apresenta\u00e7\u00e3o de ciranda com coreografias feitas para m\u00fasicas tradicionais da cultura popular como <em>peixe-vivo<\/em>, <em>roda pi\u00e3o<\/em> entre outras. Roseane Maria da Costa C\u00e2mara, gerente de servi\u00e7o do CCA Tijolinho explica que a coreografia foi apresentada em agosto e a sess\u00e3o do CINEB possibilitou mostrar o trabalho novamente. \u201cO CINEB \u00e9 um trabalho importante, traz a cultura para as regi\u00f5es mais carentes, oferece cinema de gra\u00e7a, e ainda consegue integrar os trabalhos feitos pela comunidade. Isso \u00e9 muito bom para n\u00f3s\u201d, comemora.<\/p>\n<figure id=\"attachment_7958\" aria-describedby=\"caption-attachment-7958\" style=\"width: 332px\" class=\"wp-caption aligncenter\"><a href=\"http:\/\/projetocineb.com.br\/wp-content\/uploads\/2015\/09\/DSC_1267.jpg\"><img decoding=\"async\" class=\" wp-image-7958     \" title=\"DSC_1267\" src=\"http:\/\/projetocineb.com.br\/wp-content\/uploads\/2015\/09\/DSC_1267.jpg\" alt=\"\" width=\"332\" height=\"500\" \/><\/a><figcaption id=\"caption-attachment-7958\" class=\"wp-caption-text\">Eloi Rog\u00e9rio, presidente do Espa\u00e7o Tijolinho, ao lado de Cid\u00e1lio Vieira Santos, coordenador do CINEB<\/figcaption><\/figure>\n<p>Para Elio Rog\u00e9rio dos Santos, diretor-presidente da entidade, o CINEB \u00e9 um grande parceiro, porque \u201ctraz o que a comunidade n\u00e3o tem e que os jovens buscam, que \u00e9 cultura de qualidade. Esse investimento do Sindicato [dos Banc\u00e1rios de S\u00e3o Paulo, Osasco e Regi\u00e3o] \u00e9 muito necess\u00e1rio e sempre bem-vindo aqui no Espa\u00e7o Tijolinho\u201d, avalia.<\/p>\n<figure id=\"attachment_7959\" aria-describedby=\"caption-attachment-7959\" style=\"width: 445px\" class=\"wp-caption aligncenter\"><a href=\"http:\/\/projetocineb.com.br\/wp-content\/uploads\/2015\/09\/DSC_1277.jpg\"><img loading=\"lazy\" decoding=\"async\" class=\" wp-image-7959     \" title=\"DSC_1277\" src=\"http:\/\/projetocineb.com.br\/wp-content\/uploads\/2015\/09\/DSC_1277.jpg\" alt=\"\" width=\"445\" height=\"295\" \/><\/a><figcaption id=\"caption-attachment-7959\" class=\"wp-caption-text\">Djalma trouxe toda a fam\u00edlia, que se divertiu com a com\u00e9dia Meus dois amores<\/figcaption><\/figure>\n<p>Muitos dos presentes compareceram pela primeira vez numa sess\u00e3o do CINEB e aprovaram. \u00c9 o caso de Djalma de Carvalho, que estava acompanhado da esposa, Simone dos Santos Carvalho, da m\u00e3e, Dona Laura Carvalho, de 88 anos, e dos filhos Acayane, de 11 anos e Erivelton, 8 anos. Simone, que nunca tinha assistido a um filme brasileiro numa sess\u00e3o de cinema se surpreendeu com a qualidade da produ\u00e7\u00e3o. \u201c\u00c9 muito bom, gostei demais. Vou procurar acompanhar mais os filmes brasileiros\u201d, comentou ao final da sess\u00e3o.<\/p>\n<figure id=\"attachment_7960\" aria-describedby=\"caption-attachment-7960\" style=\"width: 445px\" class=\"wp-caption aligncenter\"><a href=\"http:\/\/projetocineb.com.br\/wp-content\/uploads\/2015\/09\/DSC_0006.jpg\"><img loading=\"lazy\" decoding=\"async\" class=\" wp-image-7960     \" title=\"DSC_0006\" src=\"http:\/\/projetocineb.com.br\/wp-content\/uploads\/2015\/09\/DSC_0006.jpg\" alt=\"\" width=\"445\" height=\"295\" \/><\/a><figcaption id=\"caption-attachment-7960\" class=\"wp-caption-text\">N\u00e3o podia faltar os ganhadores dos brindes, sorteados para o p\u00fablico presente<\/figcaption><\/figure>\n<p style=\"text-align: center;\"><a href=\"https:\/\/flic.kr\/s\/aHskmgft7Y\" target=\"_blank\">CLIQUE AQUI PARA VER MAIS FOTOS<\/a><\/p>\n<p>&#8211;<\/p>\n<p>O CINEB \u00e9 um circuito itinerante de cinema realizado pelo Sindicato dos Banc\u00e1rios de S\u00e3o Paulo, Osasco e Regi\u00e3o e pela Brazucah Produ\u00e7\u00f5es. Desde 2007, o j\u00e1 atingiu um p\u00fablico superior a 50 mil espectadores em mais de 360 sess\u00f5es gratuitas realizadas em comunidades e universidades de S\u00e3o Paulo. A iniciativa busca democratizar o acesso ao cinema nacional e divulgar os filmes produzidos no Brasil. J\u00e1 foram exibidos na tela do CINEB mais de 75 longas-metragens e 50 curtas-metragens, al\u00e9m da realiza\u00e7\u00e3o de pr\u00e9-estreias exclusivas<em>.<\/em><\/p>\n","protected":false},"excerpt":{"rendered":"<p>Texto e fotos por Carlos Rizzo A comunidade que frequenta o Espa\u00e7o Tijolinho, que fica na Zona Norte, acompanhou pela[&#8230;]<\/p>\n","protected":false},"author":2,"featured_media":7955,"comment_status":"open","ping_status":"open","sticky":false,"template":"","format":"standard","meta":[],"categories":[2],"tags":[],"_links":{"self":[{"href":"https:\/\/projetocineb.com.br\/index.php?rest_route=\/wp\/v2\/posts\/7954"}],"collection":[{"href":"https:\/\/projetocineb.com.br\/index.php?rest_route=\/wp\/v2\/posts"}],"about":[{"href":"https:\/\/projetocineb.com.br\/index.php?rest_route=\/wp\/v2\/types\/post"}],"author":[{"embeddable":true,"href":"https:\/\/projetocineb.com.br\/index.php?rest_route=\/wp\/v2\/users\/2"}],"replies":[{"embeddable":true,"href":"https:\/\/projetocineb.com.br\/index.php?rest_route=%2Fwp%2Fv2%2Fcomments&post=7954"}],"version-history":[{"count":0,"href":"https:\/\/projetocineb.com.br\/index.php?rest_route=\/wp\/v2\/posts\/7954\/revisions"}],"wp:featuredmedia":[{"embeddable":true,"href":"https:\/\/projetocineb.com.br\/index.php?rest_route=\/wp\/v2\/media\/7955"}],"wp:attachment":[{"href":"https:\/\/projetocineb.com.br\/index.php?rest_route=%2Fwp%2Fv2%2Fmedia&parent=7954"}],"wp:term":[{"taxonomy":"category","embeddable":true,"href":"https:\/\/projetocineb.com.br\/index.php?rest_route=%2Fwp%2Fv2%2Fcategories&post=7954"},{"taxonomy":"post_tag","embeddable":true,"href":"https:\/\/projetocineb.com.br\/index.php?rest_route=%2Fwp%2Fv2%2Ftags&post=7954"}],"curies":[{"name":"wp","href":"https:\/\/api.w.org\/{rel}","templated":true}]}}