{"id":7979,"date":"2015-10-06T14:26:19","date_gmt":"2015-10-06T17:26:19","guid":{"rendered":"http:\/\/projetocineb.com.br\/?p=7979"},"modified":"2015-10-06T14:26:19","modified_gmt":"2015-10-06T17:26:19","slug":"meus-dois-amores-chega-a-saude","status":"publish","type":"post","link":"https:\/\/projetocineb.com.br\/?p=7979","title":{"rendered":"Meus dois amores chega \u00e0 Sa\u00fade"},"content":{"rendered":"<p style=\"text-align: right;\"><strong>Texto e fotos por Carlos Rizzo<\/strong><\/p>\n<p style=\"text-align: center;\"><em>No \u00faltimo s\u00e1bado, 3 de outubro, moradores da regi\u00e3o da Sa\u00fade compareceram \u00e0 EE Maria Ribeiro Guimar\u00e3es Bueno para assistir a com\u00e9dia <\/em>Meus dois amores<em>. Grupo de Congada da Vov\u00f3 Benedita e de S\u00e3o Benedito da Vila Moraes fez uma apresenta\u00e7\u00e3o musical antes da sess\u00e3o<\/em><\/p>\n<p>Nem mesmo o retorno da garoa fina que havia desaparecido de S\u00e3o Paulo nos \u00faltimos tempos intimidou os moradores da regi\u00e3o da Sa\u00fade, Zona Sul da cidade, que compareceram \u00e0 Escola Estadual Maria Ribeiro Guimar\u00e3es, na Vila do Bosque, para acompanhar mais uma sess\u00e3o do CINEB. Cerca de 100 pessoas se divertiram com a com\u00e9dia <em>Meu dois amores, do <\/em>diretor Luis Henrique Rios. O filme, baseada no conto <em>Corpo fechado <\/em>do escritor Jo\u00e3o Guimar\u00e3es Rosa, conta a hist\u00f3ria do vaqueiro Manuel invejado pela sua mula Beija-Ful\u00f4. Um matador do local precisa de um novo animal e Manuel vende outra mula, bichada. Quando o matador descobre que foi enganado, quer matar o vaqueiro e desonrar sua noiva, Das D\u00f4. Mas Manuel recorre ao feiticeiro local para se proteger. Foi a terceira exibi\u00e7\u00e3o de <em>Meus dois amores <\/em>no CINEB. E a segunda vez que a escola recebeu o projeto do Sindicato dos Banc\u00e1rios de S\u00e3o Paulo, Osasco e Regi\u00e3o.<\/p>\n<figure id=\"attachment_7980\" aria-describedby=\"caption-attachment-7980\" style=\"width: 356px\" class=\"wp-caption aligncenter\"><a href=\"http:\/\/projetocineb.com.br\/wp-content\/uploads\/2015\/10\/DSC_0321.jpg\"><img fetchpriority=\"high\" decoding=\"async\" class=\" wp-image-7980      \" title=\"DSC_0321\" src=\"http:\/\/projetocineb.com.br\/wp-content\/uploads\/2015\/10\/DSC_0321.jpg\" alt=\"\" width=\"356\" height=\"236\" \/><\/a><figcaption id=\"caption-attachment-7980\" class=\"wp-caption-text\">Professores da unidade escolar, de educa\u00e7\u00e3o integral<\/figcaption><\/figure>\n<p>A escola, que trabalha com educa\u00e7\u00e3o em tempo integral, recebeu muito bem a produ\u00e7\u00e3o do CINEB. Os professores da escola estavam em peso na sess\u00e3o. Apesar da unidade escolar ficar localizada em uma regi\u00e3o bastante valorizada da Zona Sul de S\u00e3o Paulo e ao lado de um grande shopping center com muitas salas de cinema, a diretora Marisol T\u00e1pia Rodrigues conta que a comunidade que frequenta a escola \u00e9 muito carente. \u201cMuitos nunca foram ao cinema e a sess\u00e3o \u00e9 uma oportunidade que a escola e o Sindicato oferecem para ver um filme de qualidade. Os professores gostam de fazer coisas diferentes e sempre buscamos atrair a comunidade nas nossas atividades\u201d, explica.<\/p>\n<figure id=\"attachment_7982\" aria-describedby=\"caption-attachment-7982\" style=\"width: 356px\" class=\"wp-caption aligncenter\"><a href=\"http:\/\/projetocineb.com.br\/wp-content\/uploads\/2015\/10\/DSC_0234.jpg\"><img decoding=\"async\" class=\" wp-image-7982     \" title=\"DSC_0234\" src=\"http:\/\/projetocineb.com.br\/wp-content\/uploads\/2015\/10\/DSC_0234.jpg\" alt=\"\" width=\"356\" height=\"236\" \/><\/a><figcaption id=\"caption-attachment-7982\" class=\"wp-caption-text\">N\u00facleo musical da Congada da Vov\u00f3 Benedita e S\u00e3o Benedito fez uma bela apresenta\u00e7\u00e3o dos ritmos dessa manifesta\u00e7\u00e3o da cultura popular <\/figcaption><\/figure>\n<p>A comunidade organizada da regi\u00e3o marcou presen\u00e7a com a apresenta\u00e7\u00e3o musical do Grupo de Congada da Vov\u00f3 Benedita e de S\u00e3o Benedito, que integra a ONG C.A.I.O \u2013 Cultura, Arte, Informa\u00e7\u00e3o e Organiza\u00e7\u00e3o, que fica na Vila Moraes. O grupo, que existe h\u00e1 tr\u00eas anos, compareceu com o n\u00facleo musical formado pelos percussionistas Analu Nogueira, Analu Camargo e Luiz Carlos. Ao todo a Congada da Vov\u00f3 Benedita conta com 15 membros, que se apresentam regularmente em festas na cidade e festivais de cultura popular. Segundo Analu Nogueira, o grupo foi criado para \u201cresgatar a congada enquanto tradi\u00e7\u00e3o cultural afro-brasileira que mistura m\u00fasica, dan\u00e7a e a f\u00e9 religiosa\u201d. A Congada da Vov\u00f3 Benedita \u00e9 a primeira da cidade de S\u00e3o Paulo, segundo levantamento dos integrantes do grupo. Muito presente em Minas Gerais, a congada conta a hist\u00f3ria de um rei africano que, escravizado no Brasil, consegue comprar sua pr\u00f3pria alforria, se torna uma pessoa importante, rica, e vai comprando a alforria de seu povo.<\/p>\n<figure id=\"attachment_7983\" aria-describedby=\"caption-attachment-7983\" style=\"width: 356px\" class=\"wp-caption aligncenter\"><a href=\"http:\/\/projetocineb.com.br\/wp-content\/uploads\/2015\/10\/DSC_0300.jpg\"><img decoding=\"async\" class=\" wp-image-7983      \" title=\"DSC_0300\" src=\"http:\/\/projetocineb.com.br\/wp-content\/uploads\/2015\/10\/DSC_0300.jpg\" alt=\"\" width=\"356\" height=\"236\" \/><\/a><figcaption id=\"caption-attachment-7983\" class=\"wp-caption-text\">Cid\u00e1lio Veira Santos, coordenador do CINEB ao lado da diretora de escola, Marisol T\u00e1pias Rodrigues<\/figcaption><\/figure>\n<p><em><\/em>O grupo ensaia no quarto s\u00e1bado de cada m\u00eas, das 17h \u00e0s 20h no CEU Parque Bristol, Zona Sul, e \u00e9 aberto para quem quiser participar. Segundo Analu, muitas pessoas acompanham os ensaios. \u201cA dan\u00e7a, o entretenimento tira as pessoas do ritmo da cidade e deixa-as mais felizes\u201d, avalia.<\/p>\n<figure id=\"attachment_7984\" aria-describedby=\"caption-attachment-7984\" style=\"width: 356px\" class=\"wp-caption aligncenter\"><a href=\"http:\/\/projetocineb.com.br\/wp-content\/uploads\/2015\/10\/DSC_0318.jpg\"><img loading=\"lazy\" decoding=\"async\" class=\" wp-image-7984      \" title=\"DSC_0318\" src=\"http:\/\/projetocineb.com.br\/wp-content\/uploads\/2015\/10\/DSC_0318.jpg\" alt=\"\" width=\"356\" height=\"236\" \/><\/a><figcaption id=\"caption-attachment-7984\" class=\"wp-caption-text\">Estev\u00e3o, vizinho da escola, at\u00e9 ajudou na produ\u00e7\u00e3o. Na foto, ao lado do sobrinho<\/figcaption><\/figure>\n<p>Muitos dos presentes compareceram pela primeira vez numa sess\u00e3o do CINEB e aprovaram. Norma Lopes, moradora da Vila Moraes, gostou da maneira com que o espa\u00e7o na escola foi organizado. \u201c\u00c9 bem produzido\u201d, elogia. J\u00e1 Estev\u00e3o Russo, vizinho da escola, at\u00e9 colaborou com a produ\u00e7\u00e3o. Acompanhado da filha e do sobrinho, foi e voltou para a casa v\u00e1rias vezes, e acabou emprestando uma extens\u00e3o de energia el\u00e9trica e fita isolante. \u201c\u00c9 uma iniciativa muito legal\u201d, comentou ao final, pouco antes de retirar seus pertences.<\/p>\n<figure id=\"attachment_7985\" aria-describedby=\"caption-attachment-7985\" style=\"width: 392px\" class=\"wp-caption aligncenter\"><a href=\"http:\/\/projetocineb.com.br\/wp-content\/uploads\/2015\/10\/DSC_0305.jpg\"><img loading=\"lazy\" decoding=\"async\" class=\" wp-image-7985       \" title=\"DSC_0305\" src=\"http:\/\/projetocineb.com.br\/wp-content\/uploads\/2015\/10\/DSC_0305.jpg\" alt=\"\" width=\"392\" height=\"260\" \/><\/a><figcaption id=\"caption-attachment-7985\" class=\"wp-caption-text\">N\u00e3o faltou pipoca de gra\u00e7a para os presentes \u00e0 sess\u00e3o<\/figcaption><\/figure>\n<figure id=\"attachment_7986\" aria-describedby=\"caption-attachment-7986\" style=\"width: 401px\" class=\"wp-caption aligncenter\"><a href=\"http:\/\/projetocineb.com.br\/wp-content\/uploads\/2015\/10\/DSC_0314.jpg\"><img loading=\"lazy\" decoding=\"async\" class=\" wp-image-7986      \" title=\"DSC_0314\" src=\"http:\/\/projetocineb.com.br\/wp-content\/uploads\/2015\/10\/DSC_0314.jpg\" alt=\"\" width=\"401\" height=\"266\" \/><\/a><figcaption id=\"caption-attachment-7986\" class=\"wp-caption-text\">Nem brindes, sorteados para o p\u00fablico<\/figcaption><\/figure>\n<p style=\"text-align: center;\"><a href=\"https:\/\/flic.kr\/s\/aHskifEfda\" target=\"_blank\">\u00a0CLIQUE AQUI PARA VER MAIS FOTOS<\/a><\/p>\n<p>O CINEB \u00e9 um circuito itinerante de cinema realizado pelo Sindicato dos Banc\u00e1rios de S\u00e3o Paulo, Osasco e Regi\u00e3o e pela Brazucah Produ\u00e7\u00f5es. Desde 2007, o j\u00e1 atingiu um p\u00fablico superior a 50 mil espectadores em mais de 360 sess\u00f5es gratuitas realizadas em comunidades e universidades de S\u00e3o Paulo. A iniciativa busca democratizar o acesso ao cinema nacional e divulgar os filmes produzidos no Brasil. J\u00e1 foram exibidos na tela do CINEB mais de 75 longas-metragens e 50 curtas-metragens, al\u00e9m da realiza\u00e7\u00e3o de pr\u00e9-estreias exclusivas<em>.<\/em><\/p>\n","protected":false},"excerpt":{"rendered":"<p>Texto e fotos por Carlos Rizzo No \u00faltimo s\u00e1bado, 3 de outubro, moradores da regi\u00e3o da Sa\u00fade compareceram \u00e0 EE[&#8230;]<\/p>\n","protected":false},"author":2,"featured_media":7987,"comment_status":"open","ping_status":"open","sticky":false,"template":"","format":"standard","meta":[],"categories":[2],"tags":[237,242,1098],"_links":{"self":[{"href":"https:\/\/projetocineb.com.br\/index.php?rest_route=\/wp\/v2\/posts\/7979"}],"collection":[{"href":"https:\/\/projetocineb.com.br\/index.php?rest_route=\/wp\/v2\/posts"}],"about":[{"href":"https:\/\/projetocineb.com.br\/index.php?rest_route=\/wp\/v2\/types\/post"}],"author":[{"embeddable":true,"href":"https:\/\/projetocineb.com.br\/index.php?rest_route=\/wp\/v2\/users\/2"}],"replies":[{"embeddable":true,"href":"https:\/\/projetocineb.com.br\/index.php?rest_route=%2Fwp%2Fv2%2Fcomments&post=7979"}],"version-history":[{"count":0,"href":"https:\/\/projetocineb.com.br\/index.php?rest_route=\/wp\/v2\/posts\/7979\/revisions"}],"wp:featuredmedia":[{"embeddable":true,"href":"https:\/\/projetocineb.com.br\/index.php?rest_route=\/wp\/v2\/media\/7987"}],"wp:attachment":[{"href":"https:\/\/projetocineb.com.br\/index.php?rest_route=%2Fwp%2Fv2%2Fmedia&parent=7979"}],"wp:term":[{"taxonomy":"category","embeddable":true,"href":"https:\/\/projetocineb.com.br\/index.php?rest_route=%2Fwp%2Fv2%2Fcategories&post=7979"},{"taxonomy":"post_tag","embeddable":true,"href":"https:\/\/projetocineb.com.br\/index.php?rest_route=%2Fwp%2Fv2%2Ftags&post=7979"}],"curies":[{"name":"wp","href":"https:\/\/api.w.org\/{rel}","templated":true}]}}