{"id":8024,"date":"2015-10-21T17:46:15","date_gmt":"2015-10-21T19:46:15","guid":{"rendered":"http:\/\/projetocineb.com.br\/?p=8024"},"modified":"2015-10-21T17:46:15","modified_gmt":"2015-10-21T19:46:15","slug":"se-levantar-a-cabeca-eles-conseguem-ver-mais-longe","status":"publish","type":"post","link":"https:\/\/projetocineb.com.br\/?p=8024","title":{"rendered":"\u201cSe levantar a cabe\u00e7a, eles conseguem ver mais longe\u201d"},"content":{"rendered":"<p style=\"text-align: right;\"><strong>Texto e fotos por Carlos Rizzo<\/strong><\/p>\n<p style=\"text-align: center;\"><em>Comunidade escolar da EE Moraes Prado 2, que fica no Graja\u00fa, Zona Sul de S\u00e3o Paulo, comemorou a chegada do CINEB \u00e0 regi\u00e3o, na \u00faltima sexta-feira, dia 16 de outubro. Em cartaz, a com\u00e9dia Meus dois amores<\/em><\/p>\n<p>Diretor e professores da EE Moraes Prado comemoraram a chegada do CINEB pela primeira vez na regi\u00e3o. A escola fica no meio da comunidade do Jardim Moraes Prado, Zona Sul de S\u00e3o Paulo e atende alunos do Ensino Fundamental II e M\u00e9dio. A sess\u00e3o foi organizada na quadra coberta. \u201cEra um sonho antigo abrir a escola \u00e0 noite para a comunidade, para que as pessoas possam ter uma atividade cultural\u201d, enfatiza o diretor Paulo Souza de Oliveira que elogiou o trabalho de divulga\u00e7\u00e3o do cinema brasileiro feito pelo Sindicato dos Banc\u00e1rios de S\u00e3o Paulo, Osasco e Regi\u00e3o.<\/p>\n<figure id=\"attachment_8038\" aria-describedby=\"caption-attachment-8038\" style=\"width: 401px\" class=\"wp-caption aligncenter\"><a href=\"http:\/\/projetocineb.com.br\/wp-content\/uploads\/2015\/10\/DSC_07302.jpg\"><img fetchpriority=\"high\" decoding=\"async\" class=\" wp-image-8038      \" title=\"DSC_0730\" src=\"http:\/\/projetocineb.com.br\/wp-content\/uploads\/2015\/10\/DSC_07302.jpg\" alt=\"\" width=\"401\" height=\"266\" \/><\/a><figcaption id=\"caption-attachment-8038\" class=\"wp-caption-text\">Professores da escola colaboraram com a organiza\u00e7\u00e3o da sess\u00e3o<\/figcaption><\/figure>\n<figure id=\"attachment_8026\" aria-describedby=\"caption-attachment-8026\" style=\"width: 389px\" class=\"wp-caption aligncenter\"><a href=\"http:\/\/projetocineb.com.br\/wp-content\/uploads\/2015\/10\/DSC_0685.jpg\"><img decoding=\"async\" class=\" wp-image-8026     \" title=\"DSC_0685\" src=\"http:\/\/projetocineb.com.br\/wp-content\/uploads\/2015\/10\/DSC_0685.jpg\" alt=\"\" width=\"389\" height=\"258\" \/><\/a><figcaption id=\"caption-attachment-8026\" class=\"wp-caption-text\">A sess\u00e3o ocorreu na quadra da escola<\/figcaption><\/figure>\n<p>O contato da escola com o CINEB foi feito pela professora de filosofia Rosimar Souza Campos, a Rose, que acompanhou em agosto, uma sess\u00e3o na Par\u00f3quia Nossa Aparecida, no Parque Graja\u00fa, onde foi exibido o filme Irm\u00e3 Dulce. Rose, conta que procurou Cid\u00e1lio Veira Santos, coordenador do CINEB para poder levar a sess\u00e3o para a escola: \u201cnossas comunidades s\u00e3o muito carentes, quando vi a possibilidade de trazer uma sess\u00e3o de cinema eu fui atr\u00e1s, porque nossa fun\u00e7\u00e3o \u00e9 educar, educar para a cultura\u201d, comenta.<\/p>\n<figure id=\"attachment_8027\" aria-describedby=\"caption-attachment-8027\" style=\"width: 386px\" class=\"wp-caption aligncenter\"><a href=\"http:\/\/projetocineb.com.br\/wp-content\/uploads\/2015\/10\/Montagem_EEMoraesPrado.jpg\"><img decoding=\"async\" class=\" wp-image-8027 \" title=\"Montagem_EEMoraesPrado\" src=\"http:\/\/projetocineb.com.br\/wp-content\/uploads\/2015\/10\/Montagem_EEMoraesPrado.jpg\" alt=\"\" width=\"386\" height=\"257\" \/><\/a><figcaption id=\"caption-attachment-8027\" class=\"wp-caption-text\">Alunos e moradores da comunidade compareceram \u00e0 sess\u00e3o<\/figcaption><\/figure>\n<figure id=\"attachment_8028\" aria-describedby=\"caption-attachment-8028\" style=\"width: 401px\" class=\"wp-caption aligncenter\"><a href=\"http:\/\/projetocineb.com.br\/wp-content\/uploads\/2015\/10\/DSC_0620.jpg\"><img loading=\"lazy\" decoding=\"async\" class=\" wp-image-8028      \" title=\"DSC_0620\" src=\"http:\/\/projetocineb.com.br\/wp-content\/uploads\/2015\/10\/DSC_0620.jpg\" alt=\"\" width=\"401\" height=\"266\" \/><\/a><figcaption id=\"caption-attachment-8028\" class=\"wp-caption-text\">E ganharam brindes ao acertar o nome de um filme brasileiro<\/figcaption><\/figure>\n<p>Para as cerca de 120 pessoas presentes, entre alunos e moradores da comunidade, foi exibida a com\u00e9dia <em>Meu dois amores, <\/em>do diretor Luis Henrique Rios que tem feito bastante sucesso no CINEB. O filme, baseada no conto <em>Corpo fechado <\/em>do escritor Jo\u00e3o Guimar\u00e3es Rosa, conta a hist\u00f3ria do vaqueiro Manuel invejado pela sua mula Beija-Ful\u00f4. Um matador do local precisa de um novo animal e Manuel vende outra mula, bichada. Quando o matador descobre que foi enganado, quer matar o vaqueiro e desonrar sua noiva, Das D\u00f4. Mas Manuel recorre ao feiticeiro local para se proteger. Foi a quarta apresenta\u00e7\u00e3o do filme<em> <\/em>no CINEB.<\/p>\n<figure id=\"attachment_8029\" aria-describedby=\"caption-attachment-8029\" style=\"width: 428px\" class=\"wp-caption aligncenter\"><a href=\"http:\/\/projetocineb.com.br\/wp-content\/uploads\/2015\/10\/DSC_0701.jpg\"><img loading=\"lazy\" decoding=\"async\" class=\" wp-image-8029      \" title=\"DSC_0701\" src=\"http:\/\/projetocineb.com.br\/wp-content\/uploads\/2015\/10\/DSC_0701.jpg\" alt=\"\" width=\"428\" height=\"284\" \/><\/a><figcaption id=\"caption-attachment-8029\" class=\"wp-caption-text\">Professora Rose, o diretor Paulo e o coordenador do CINEB Cid\u00e1lio Veira Santos<\/figcaption><\/figure>\n<p>Alexander Martins, professor de l\u00edngua portuguesa explica que a comunidade escolar em Moraes Prado est\u00e1 sempre buscando novidades. Ele conta que recentemente, os alunos acompanharam uma sess\u00e3o do Festival Entretodos ao ar livre, organizado pelo CINESOLAR (projeto de cinema sustent\u00e1vel, alimentado por energia solar, tamb\u00e9m comendado pela Brazucah Produ\u00e7\u00f5es). \u201cFoi muito divertido, porque apesar de estar garoando, os alunos nem perceberam, n\u00e3o viram isso como empecilho. Para eles, o cinema na rua foi uma experi\u00eancia nova, todos voltaram comentando, maravilhados. Com isso a gente consegue proporcionar experi\u00eancias novas. O que mais a gente tenta fazer \u00e9 que o aluno veja outras possibilidades, vivencie algo diferente, porque se levantar a cabe\u00e7a, eles conseguem ver mais longe\u201d.<\/p>\n<figure id=\"attachment_8030\" aria-describedby=\"caption-attachment-8030\" style=\"width: 405px\" class=\"wp-caption aligncenter\"><a href=\"http:\/\/projetocineb.com.br\/wp-content\/uploads\/2015\/10\/DSC_0643.jpg\"><img loading=\"lazy\" decoding=\"async\" class=\" wp-image-8030       \" title=\"DSC_0643\" src=\"http:\/\/projetocineb.com.br\/wp-content\/uploads\/2015\/10\/DSC_0643.jpg\" alt=\"\" width=\"405\" height=\"269\" \/><\/a><figcaption id=\"caption-attachment-8030\" class=\"wp-caption-text\">Jo\u00e3o Carlos, aluno do 3\u00ba ano colegial apresentou a m\u00fasica \u00c1frica<\/figcaption><\/figure>\n<figure id=\"attachment_8031\" aria-describedby=\"caption-attachment-8031\" style=\"width: 451px\" class=\"wp-caption aligncenter\"><a href=\"http:\/\/projetocineb.com.br\/wp-content\/uploads\/2015\/10\/DSC_0654.jpg\"><img loading=\"lazy\" decoding=\"async\" class=\" wp-image-8031         \" title=\"DSC_0654\" src=\"http:\/\/projetocineb.com.br\/wp-content\/uploads\/2015\/10\/DSC_0654.jpg\" alt=\"\" width=\"451\" height=\"299\" \/><\/a><figcaption id=\"caption-attachment-8031\" class=\"wp-caption-text\">Professor Alexander, Jo\u00e3o e seu parceiro no viol\u00e3o<\/figcaption><\/figure>\n<p><em><\/em>Prova disso \u00e9 o trabalho de Jo\u00e3o Carlos da Silva Santos, aluno do terceiro ano do Ensino M\u00e9dio. Ele conta que desde pequeno sofria com o preconceito racial. \u201cEnt\u00e3o passei a usar a m\u00fasica como uma forma de desabafar, de expor meus sentimentos e lutar para mudar essa realidade. Tudo o que eu passei me serve de inspira\u00e7\u00e3o\u201d. Hoje Jo\u00e3o \u00e9 um compositor elogiado pelos professores e amigos da escola e da comunidade. Ao lado de seu parceiro no viol\u00e3o, ele apresentou o reggae Africa. \u201cTudo o que a m\u00eddia fala sobre a \u00c1frica, que ela \u00e9 pobre, n\u00e3o tem cultura, n\u00e3o \u00e9 verdade. Por isso eu fiz essa m\u00fasica, para mostrar para as pessoas que a \u00c1frica \u00e9 rica e muito alegre\u201d, explica. N\u00f3s, do CINEB, torcemos para que Jo\u00e3o leve suas can\u00e7\u00f5es para muitos outros lugares al\u00e9m de Moraes Prado.<\/p>\n<figure id=\"attachment_8032\" aria-describedby=\"caption-attachment-8032\" style=\"width: 401px\" class=\"wp-caption aligncenter\"><a href=\"http:\/\/projetocineb.com.br\/wp-content\/uploads\/2015\/10\/DSC_0735.jpg\"><img loading=\"lazy\" decoding=\"async\" class=\" wp-image-8032      \" title=\"DSC_0735\" src=\"http:\/\/projetocineb.com.br\/wp-content\/uploads\/2015\/10\/DSC_0735.jpg\" alt=\"\" width=\"401\" height=\"266\" \/><\/a><figcaption id=\"caption-attachment-8032\" class=\"wp-caption-text\">Os ganhadores das camisetas do CINEB, sorteada entre os participantes<\/figcaption><\/figure>\n<p style=\"text-align: center;\"><a href=\"https:\/\/flic.kr\/s\/aHskn6frks\" target=\"_blank\">CLIQUE AQUI PARA VER MAIS FOTOS<\/a><\/p>\n<p>O CINEB \u00e9 um circuito itinerante de cinema realizado pelo Sindicato dos Banc\u00e1rios de S\u00e3o Paulo, Osasco e Regi\u00e3o e pela Brazucah Produ\u00e7\u00f5es. Desde 2007, o j\u00e1 atingiu um p\u00fablico superior a 50 mil espectadores em mais de 360 sess\u00f5es gratuitas realizadas em comunidades e universidades de S\u00e3o Paulo. A iniciativa busca democratizar o acesso ao cinema nacional e divulgar os filmes produzidos no Brasil. J\u00e1 foram exibidos na tela do CINEB mais de 75 longas-metragens e 50 curtas-metragens, al\u00e9m da realiza\u00e7\u00e3o de pr\u00e9-estreias exclusivas<em>.<\/em><\/p>\n","protected":false},"excerpt":{"rendered":"<p>Texto e fotos por Carlos Rizzo Comunidade escolar da EE Moraes Prado 2, que fica no Graja\u00fa, Zona Sul de[&#8230;]<\/p>\n","protected":false},"author":2,"featured_media":8036,"comment_status":"open","ping_status":"open","sticky":false,"template":"","format":"standard","meta":[],"categories":[2],"tags":[47,237,242,266,279,427,475,577,689,816,1131],"_links":{"self":[{"href":"https:\/\/projetocineb.com.br\/index.php?rest_route=\/wp\/v2\/posts\/8024"}],"collection":[{"href":"https:\/\/projetocineb.com.br\/index.php?rest_route=\/wp\/v2\/posts"}],"about":[{"href":"https:\/\/projetocineb.com.br\/index.php?rest_route=\/wp\/v2\/types\/post"}],"author":[{"embeddable":true,"href":"https:\/\/projetocineb.com.br\/index.php?rest_route=\/wp\/v2\/users\/2"}],"replies":[{"embeddable":true,"href":"https:\/\/projetocineb.com.br\/index.php?rest_route=%2Fwp%2Fv2%2Fcomments&post=8024"}],"version-history":[{"count":0,"href":"https:\/\/projetocineb.com.br\/index.php?rest_route=\/wp\/v2\/posts\/8024\/revisions"}],"wp:featuredmedia":[{"embeddable":true,"href":"https:\/\/projetocineb.com.br\/index.php?rest_route=\/wp\/v2\/media\/8036"}],"wp:attachment":[{"href":"https:\/\/projetocineb.com.br\/index.php?rest_route=%2Fwp%2Fv2%2Fmedia&parent=8024"}],"wp:term":[{"taxonomy":"category","embeddable":true,"href":"https:\/\/projetocineb.com.br\/index.php?rest_route=%2Fwp%2Fv2%2Fcategories&post=8024"},{"taxonomy":"post_tag","embeddable":true,"href":"https:\/\/projetocineb.com.br\/index.php?rest_route=%2Fwp%2Fv2%2Ftags&post=8024"}],"curies":[{"name":"wp","href":"https:\/\/api.w.org\/{rel}","templated":true}]}}