{"id":8042,"date":"2015-10-26T17:03:31","date_gmt":"2015-10-26T19:03:31","guid":{"rendered":"http:\/\/projetocineb.com.br\/?p=8042"},"modified":"2015-10-26T17:03:31","modified_gmt":"2015-10-26T19:03:31","slug":"uma-sessao-diferente-na-fatec-ipiranga","status":"publish","type":"post","link":"https:\/\/projetocineb.com.br\/?p=8042","title":{"rendered":"Uma sess\u00e3o diferente na Fatec Ipiranga"},"content":{"rendered":"<p style=\"text-align: right;\"><strong>Texto e fotos por Carlos Rizzo<\/strong><\/p>\n<p style=\"text-align: center;\"><em>CINEB foi tema do Encontro de Tecnologia da Fatec Ipiranga. Mas aproveitou oportunidade para mostrar o filme <\/em>Mercado de Not\u00edcias<em>, do diretor Jorge Furtado para o p\u00fablico formado por alunos e professores da Fatec<\/em><\/p>\n<p>O projeto CINEB protagonizou, na \u00faltima quinta-feira, 22 de outubro, uma sess\u00e3o realmente diferente do que est\u00e1 acostumado a organizar, nos seus quase oito anos de hist\u00f3ria. Em vez do tradicional in\u00edcio da noite, a sess\u00e3o aconteceu \u00e0s 9h, na Fatec Ipiranga, para alunos do curso de tecnologia em Gest\u00e3o de Eventos. A produ\u00e7\u00e3o ficou toda sob responsabilidade dos alunos do curso, que montaram todo o sistema de som e proje\u00e7\u00e3o para a exibi\u00e7\u00e3o do document\u00e1rio <em>O Mercado de Not\u00edcias,<\/em> do diretor Jorge Furtado, al\u00e9m de organizar o palco para uma palestra do coordenador do CINEB, Cid\u00e1lio Vieira Santos. Ficou sob responsabilidade da produ\u00e7\u00e3o do projeto apenas levar o filme, a pipoca e registrar a sess\u00e3o.<\/p>\n<figure id=\"attachment_8046\" aria-describedby=\"caption-attachment-8046\" style=\"width: 389px\" class=\"wp-caption aligncenter\"><a href=\"http:\/\/projetocineb.com.br\/wp-content\/uploads\/2015\/10\/DSC_0869.jpg\"><img fetchpriority=\"high\" decoding=\"async\" class=\" wp-image-8046    \" title=\"DSC_0869\" src=\"http:\/\/projetocineb.com.br\/wp-content\/uploads\/2015\/10\/DSC_0869.jpg\" alt=\"\" width=\"389\" height=\"258\" \/><\/a><figcaption id=\"caption-attachment-8046\" class=\"wp-caption-text\">Cid\u00e1lio Vieira Santos, coordenador do CINEB, apresentou como funciona o projeto para alunos de Gest\u00e3o de Eventos da Fatec<\/figcaption><\/figure>\n<p>Segundo Djacy de Almeida, professor da Fatec e orientador da disciplina Oficina de Eventos, respons\u00e1vel por oferecer uma experi\u00eancia pr\u00e1tica de organiza\u00e7\u00e3o de eventos, o convite para o CINEB aconteceu por conta do VI Encontro de Tecnologia da escola, que neste ano teve como tema Cidadania e o Transformador Social. \u201cJ\u00e1 faz tempo que a gente acompanha a trajet\u00f3ria do CINEB e neste ano, quando pensamos a possibilidade de montar um evento com a tem\u00e1tica do transformador social, o CINEB caiu como uma luva, pois \u00e9 a possibilidade de mostrar para nossos alunos a\u00e7\u00f5es da sociedade que podem contribuir para a transforma\u00e7\u00e3o da vida do cidad\u00e3o\u201d, avalia.<\/p>\n<figure id=\"attachment_8047\" aria-describedby=\"caption-attachment-8047\" style=\"width: 416px\" class=\"wp-caption aligncenter\"><a href=\"http:\/\/projetocineb.com.br\/wp-content\/uploads\/2015\/10\/DSC_0799.jpg\"><img decoding=\"async\" class=\" wp-image-8047     \" title=\"DSC_0799\" src=\"http:\/\/projetocineb.com.br\/wp-content\/uploads\/2015\/10\/DSC_0799.jpg\" alt=\"\" width=\"416\" height=\"270\" \/><\/a><figcaption id=\"caption-attachment-8047\" class=\"wp-caption-text\">Recep\u00e7\u00e3o do evento, formada por alunas do primeiro semestre do curso de Gest\u00e3o de Eventos<\/figcaption><\/figure>\n<p>Para Camila Moura, aluna do 5\u00ba semestre do curso de Gest\u00e3o de Eventos e a respons\u00e1vel por contatar a produ\u00e7\u00e3o do CINEB, o projeto \u201ctem uma grande relev\u00e2ncia pois \u00e9 itinerante, leva o cinema brasileira para quem n\u00e3o tem contato com ele, e \u00e9 inovador em tudo o que faz\u201d. Camila foi uma das alunas que correram o tempo todo para que a palestra e a sess\u00e3o transcorressem normalmente.<\/p>\n<figure id=\"attachment_8069\" aria-describedby=\"caption-attachment-8069\" style=\"width: 383px\" class=\"wp-caption aligncenter\"><a href=\"http:\/\/projetocineb.com.br\/wp-content\/uploads\/2015\/10\/Montagem_FatecIpiranga_22OUT2015.jpg\"><img decoding=\"async\" class=\" wp-image-8069  \" title=\"Montagem_FatecIpiranga_22OUT2015\" src=\"http:\/\/projetocineb.com.br\/wp-content\/uploads\/2015\/10\/Montagem_FatecIpiranga_22OUT2015.jpg\" alt=\"\" width=\"383\" height=\"255\" \/><\/a><figcaption id=\"caption-attachment-8069\" class=\"wp-caption-text\">Alunos do curso acompanharam a palestra e a sess\u00e3o com o filme Mercado de Not\u00edcias<\/figcaption><\/figure>\n<p>A atividade come\u00e7ou com Cid\u00e1lio, coordenador do CINEB, apresentando o trabalho desenvolvido pelo projeto, que \u00e9 financiado pelo Sindicato dos Banc\u00e1rios de S\u00e3o Paulo, Osasco e Regi\u00e3o e organizado pela Brazucah Produ\u00e7\u00f5es, e que tem como principal objetivo a democratiza\u00e7\u00e3o do cinema brasileiro. Cid\u00e1lio apresentou a estrutura do projeto, como \u00e9 organizada uma sess\u00e3o itinerante, e explicou como funciona as a\u00e7\u00f5es especiais como o Pr\u00eamio CINEB do Cinema Brasileiro, e o Selo CINEB Cinema Brasileiro, de valoriza\u00e7\u00e3o do curta metragem nacional, que est\u00e1 na quinta edi\u00e7\u00e3o. \u201cEm quase oito anos de projeto, eu deixei de acompanhar apenas uma sess\u00e3o do CINEB, h\u00e1 duas semanas, porque estive em outro evento da Brazucah\u201d, explicou.<\/p>\n<figure id=\"attachment_8049\" aria-describedby=\"caption-attachment-8049\" style=\"width: 402px\" class=\"wp-caption aligncenter\"><a href=\"http:\/\/projetocineb.com.br\/wp-content\/uploads\/2015\/10\/DSC_0894.jpg\"><img loading=\"lazy\" decoding=\"async\" class=\" wp-image-8049     \" title=\"DSC_0894\" src=\"http:\/\/projetocineb.com.br\/wp-content\/uploads\/2015\/10\/DSC_0894.jpg\" alt=\"\" width=\"402\" height=\"270\" \/><\/a><figcaption id=\"caption-attachment-8049\" class=\"wp-caption-text\">Cid\u00e1lio Vieira Santos ao lado da aluna Camila Moura, respons\u00e1vel por levar o CINEB \u00e0 Fatec Ipiranga<\/figcaption><\/figure>\n<p>Na sequ\u00eancia, foi exibido o document\u00e1rio onde jornalistas discutem o papel da m\u00eddia e sua influ\u00eancia na democracia entre atos da pe\u00e7a c\u00f4mica <em>O Mercado de Not\u00edcias<\/em>, de Ben Jonson. Uma viagem no tempo desde o surgimento da imprensa, no s\u00e9culo XVII, at\u00e9 os dias de hoje, em que a sede por informa\u00e7\u00e3o \u00e9 cada vez maior.<\/p>\n<figure id=\"attachment_8048\" aria-describedby=\"caption-attachment-8048\" style=\"width: 367px\" class=\"wp-caption aligncenter\"><a href=\"http:\/\/projetocineb.com.br\/wp-content\/uploads\/2015\/10\/DSC_0853.jpg\"><img loading=\"lazy\" decoding=\"async\" class=\" wp-image-8048      \" title=\"DSC_0853\" src=\"http:\/\/projetocineb.com.br\/wp-content\/uploads\/2015\/10\/DSC_0853.jpg\" alt=\"\" width=\"367\" height=\"243\" \/><\/a><figcaption id=\"caption-attachment-8048\" class=\"wp-caption-text\">O cerimonial, sob responsabilidade de L\u00edvia Mara<\/figcaption><\/figure>\n<p>Foi a primeira vez que o CINEB foi \u00e0 Fatec Ipiranga, mas o espa\u00e7o j\u00e1 contou com sess\u00f5es da Rede Brazucah nas Escolas, outro projeto de democratiza\u00e7\u00e3o do cinema brasileiro desenvolvido pela Brazucah , quando foi exibido o filme <em>Sangue Azul<\/em>. Ali\u00e1s, Andr\u00e9 Pio, aluno do 4\u00ba semestre de Gest\u00e3o de Eventos, depois de colaborar com a organiza\u00e7\u00e3o da sess\u00e3o do filme, em 2014, foi convidado a integrar a equipe. \u201cNaquela sess\u00e3o eu tive a pr\u00f3-atividade de trazer o som, conheci o Marco (Costa, diretor executivo da Brazucah), depois fui convidado a trabalhar com eles. Hoje formamos uma bela equipe\u201d, elogia. Muitos foram os alunos e professores que contribu\u00edram para que a sess\u00e3o pudesse acontecer. Al\u00e9m do professor Djacy, Camila e Pio, a sess\u00e3o contou com o apoio do professor Carlos Alexandre Pompeu e os alunos Gustavo Muniz e L\u00edvia Mara Cavaleti Calil contribu\u00edram no som e no cerimonial.<\/p>\n<figure id=\"attachment_8050\" aria-describedby=\"caption-attachment-8050\" style=\"width: 401px\" class=\"wp-caption aligncenter\"><a href=\"http:\/\/projetocineb.com.br\/wp-content\/uploads\/2015\/10\/DSC_0845.jpg\"><img loading=\"lazy\" decoding=\"async\" class=\" wp-image-8050      \" title=\"DSC_0845\" src=\"http:\/\/projetocineb.com.br\/wp-content\/uploads\/2015\/10\/DSC_0845.jpg\" alt=\"\" width=\"401\" height=\"266\" \/><\/a><figcaption id=\"caption-attachment-8050\" class=\"wp-caption-text\">E o som sob o comando do aluno Gustavo<\/figcaption><\/figure>\n<p style=\"text-align: center;\"><strong><\/strong><a href=\"https:\/\/www.flickr.com\/gp\/cinebprojeto\/5KG0N2\" target=\"_blank\">CLIQUE AQUI PARA VER MAIS FOTOS<\/a><em><br \/>\n<\/em><\/p>\n<p>O CINEB \u00e9 um circuito itinerante de cinema realizado pelo Sindicato dos Banc\u00e1rios de S\u00e3o Paulo, Osasco e Regi\u00e3o e pela Brazucah Produ\u00e7\u00f5es. Desde 2007, o j\u00e1 atingiu um p\u00fablico superior a 50 mil espectadores em mais de 360 sess\u00f5es gratuitas realizadas em comunidades e universidades de S\u00e3o Paulo. A iniciativa busca democratizar o acesso ao cinema nacional e divulgar os filmes produzidos no Brasil. J\u00e1 foram exibidos na tela do CINEB mais de 75 longas-metragens e 50 curtas-metragens, al\u00e9m da realiza\u00e7\u00e3o de pr\u00e9-estreias exclusivas<em>.<\/em> Conta com o apoio de m\u00eddia da edi\u00e7\u00e3o brasileira do <em>Le Monde Diplomatique<\/em>.<\/p>\n","protected":false},"excerpt":{"rendered":"<p>Texto e fotos por Carlos Rizzo CINEB foi tema do Encontro de Tecnologia da Fatec Ipiranga. Mas aproveitou oportunidade para[&#8230;]<\/p>\n","protected":false},"author":2,"featured_media":8045,"comment_status":"open","ping_status":"open","sticky":false,"template":"","format":"standard","meta":[],"categories":[2],"tags":[237,260,279,427,515,517,544,706,707,870,1131],"_links":{"self":[{"href":"https:\/\/projetocineb.com.br\/index.php?rest_route=\/wp\/v2\/posts\/8042"}],"collection":[{"href":"https:\/\/projetocineb.com.br\/index.php?rest_route=\/wp\/v2\/posts"}],"about":[{"href":"https:\/\/projetocineb.com.br\/index.php?rest_route=\/wp\/v2\/types\/post"}],"author":[{"embeddable":true,"href":"https:\/\/projetocineb.com.br\/index.php?rest_route=\/wp\/v2\/users\/2"}],"replies":[{"embeddable":true,"href":"https:\/\/projetocineb.com.br\/index.php?rest_route=%2Fwp%2Fv2%2Fcomments&post=8042"}],"version-history":[{"count":0,"href":"https:\/\/projetocineb.com.br\/index.php?rest_route=\/wp\/v2\/posts\/8042\/revisions"}],"wp:featuredmedia":[{"embeddable":true,"href":"https:\/\/projetocineb.com.br\/index.php?rest_route=\/wp\/v2\/media\/8045"}],"wp:attachment":[{"href":"https:\/\/projetocineb.com.br\/index.php?rest_route=%2Fwp%2Fv2%2Fmedia&parent=8042"}],"wp:term":[{"taxonomy":"category","embeddable":true,"href":"https:\/\/projetocineb.com.br\/index.php?rest_route=%2Fwp%2Fv2%2Fcategories&post=8042"},{"taxonomy":"post_tag","embeddable":true,"href":"https:\/\/projetocineb.com.br\/index.php?rest_route=%2Fwp%2Fv2%2Ftags&post=8042"}],"curies":[{"name":"wp","href":"https:\/\/api.w.org\/{rel}","templated":true}]}}