{"id":8100,"date":"2015-11-12T16:12:53","date_gmt":"2015-11-12T18:12:53","guid":{"rendered":"http:\/\/projetocineb.com.br\/?p=8100"},"modified":"2015-11-12T16:12:53","modified_gmt":"2015-11-12T18:12:53","slug":"sessao-do-cineb-realiza-debate-em-faculdade","status":"publish","type":"post","link":"https:\/\/projetocineb.com.br\/?p=8100","title":{"rendered":"Sess\u00e3o do CINEB realiza debate em faculdade"},"content":{"rendered":"<p style=\"text-align: right;\"><strong>Texto e fotos por Carlos Rizzo<\/strong><\/p>\n<p style=\"text-align: center;\"><em>Alunos de jornalismo da FIAM-FAAM, unidade Ana Rosa, que estiveram na sess\u00e3o do CINEB Universidades da \u00faltima ter\u00e7a-feira, 10\/11, participaram de um debate sobre o document\u00e1rio<\/em> O Mercado de Not\u00edcias, <em>de Jorge Furtado<\/em><\/p>\n<p>Alunos do segundo e quarto semestres do curso de Jornalismo das Faculdades Integradas Alc\u00e2ntara Machado (FIAM) e Faculdade de Artes Alc\u00e2ntara Machado (FAAM), unidade Ana Rosa, aproveitaram a sess\u00e3o do CINEB, da \u00faltima ter\u00e7a-feira, dia 10 de novembro, para realizar um debate, com os professores da casa, sobre o document\u00e1rio <em>O Mercado de Not\u00edcias<\/em>, do diretor Jorge Furtado.<\/p>\n<figure id=\"attachment_8102\" aria-describedby=\"caption-attachment-8102\" style=\"width: 425px\" class=\"wp-caption aligncenter\"><a href=\"http:\/\/projetocineb.com.br\/wp-content\/uploads\/2015\/11\/Montagem_Pipoca.jpg\"><img fetchpriority=\"high\" decoding=\"async\" class=\"size-full wp-image-8102\" title=\"Montagem_Pipoca\" src=\"http:\/\/projetocineb.com.br\/wp-content\/uploads\/2015\/11\/Montagem_Pipoca.jpg\" alt=\"\" width=\"425\" height=\"283\" \/><\/a><figcaption id=\"caption-attachment-8102\" class=\"wp-caption-text\">CINEB \u00e9 cinema brasileiro de qualidade com pipoca de gra\u00e7a!<\/figcaption><\/figure>\n<p style=\"text-align: left;\">O premiado document\u00e1rio de 2013 da Casa de Cinema de Porto Alegre discute o papel da m\u00eddia e sua influ\u00eancia na democracia entre atos da pe\u00e7a c\u00f4mica <em>O Mercado de Not\u00edcias<\/em>, do dramaturgo ingl\u00eas, Ben Jonson, contempor\u00e2nea de Shakespeare. O filme faz uma viagem no tempo desde o surgimento da imprensa, no s\u00e9culo XVII, at\u00e9 os dias de hoje, em que a sede por informa\u00e7\u00e3o \u00e9 cada vez maior.<\/p>\n<figure id=\"attachment_8103\" aria-describedby=\"caption-attachment-8103\" style=\"width: 428px\" class=\"wp-caption aligncenter\"><a href=\"http:\/\/projetocineb.com.br\/wp-content\/uploads\/2015\/11\/DSC_0358.jpg\"><img decoding=\"async\" class=\" wp-image-8103      \" title=\"DSC_0358\" src=\"http:\/\/projetocineb.com.br\/wp-content\/uploads\/2015\/11\/DSC_0358.jpg\" alt=\"\" width=\"428\" height=\"284\" \/><\/a><figcaption id=\"caption-attachment-8103\" class=\"wp-caption-text\">Alunos ganharam bloquinho de anota\u00e7\u00e3o<\/figcaption><\/figure>\n<p><em>\u00a0<\/em>A sess\u00e3o aconteceu no Audit\u00f3rio da FIAM-FAAM, que conta com mais de 90 lugares. \u00c9 a segunda vez que o CINEB esteve na unidade Ana Rosa. O projeto tamb\u00e9m levou cinema gratuito para as unidades Liberdade e Morumbi da faculdade nos anos anteriores.<\/p>\n<figure id=\"attachment_8104\" aria-describedby=\"caption-attachment-8104\" style=\"width: 426px\" class=\"wp-caption aligncenter\"><a href=\"http:\/\/projetocineb.com.br\/wp-content\/uploads\/2015\/11\/DSC_0379.jpg\"><img decoding=\"async\" class=\" wp-image-8104      \" title=\"DSC_0379\" src=\"http:\/\/projetocineb.com.br\/wp-content\/uploads\/2015\/11\/DSC_0379.jpg\" alt=\"\" width=\"426\" height=\"273\" \/><\/a><figcaption id=\"caption-attachment-8104\" class=\"wp-caption-text\">Cid\u00e1lio Veira Santos, coordenador do CINEB, ao lado de Vicente Darde, coordenador do curso de Jornalismo da Fiam-Faam<\/figcaption><\/figure>\n<p>Para Vicente William da Silva Darde, coordenador do curso de jornalismo da faculdade, a parceria com o CINEB \u00e9 bastante proveitosa para os estudantes: \u201cnosso intuito \u00e9 mostrar para os alunos a produ\u00e7\u00e3o brasileira, que \u00e9 riqu\u00edssima, tanto de document\u00e1rios quanto de fic\u00e7\u00e3o\u201d. Vicente elogia o trabalho realizado pelo CINEB, que \u201cleva para todos os cantos de S\u00e3o Paulo o cinema brasileiro, para comunidades carentes que n\u00e3o t\u00eam acesso ao cinema por conta dos custos altos\u201d.<\/p>\n<figure id=\"attachment_8105\" aria-describedby=\"caption-attachment-8105\" style=\"width: 433px\" class=\"wp-caption aligncenter\"><a href=\"http:\/\/projetocineb.com.br\/wp-content\/uploads\/2015\/11\/DSC_0389.jpg\"><img loading=\"lazy\" decoding=\"async\" class=\" wp-image-8105     \" title=\"DSC_0389\" src=\"http:\/\/projetocineb.com.br\/wp-content\/uploads\/2015\/11\/DSC_0389.jpg\" alt=\"\" width=\"433\" height=\"275\" \/><\/a><figcaption id=\"caption-attachment-8105\" class=\"wp-caption-text\">Sil\u00eancio, a sess\u00e3o come\u00e7ou!<\/figcaption><\/figure>\n<p>Os alunos acompanharam a abordagem que o document\u00e1rio faz sobre as not\u00edcias publicadas nos jornais, revistas e TVs do pa\u00eds nos \u00faltimos anos, principalmente em rela\u00e7\u00e3o \u00e0 influ\u00eancia do posicionamento pol\u00edtico-ideol\u00f3gico dos ve\u00edculos de m\u00eddia sobre aquilo que \u00e9 veiculado. E se divertiram ao conhecer o erro do Jornal Folha de S\u00e3o Paulo, que divulgou, em v\u00e1rias edi\u00e7\u00f5es, que um quadro de Picasso,<em> Mulher em Branco,<\/em> pertencente ao Museu Guggenheim, de Nova Iorque, estava na sede do INSS em Bras\u00edlia.<\/p>\n<p>Ao final da sess\u00e3o, Cid\u00e1lio Vieira Santos, coordenador do CINEB, convidou os professores Eduardo Correia e Marcos Zibordi para um descontra\u00eddo bate-papo sobre as quest\u00f5es abordadas no document\u00e1rio. Os alunos participaram com questionamento, d\u00favidas e reflex\u00f5es acerca da profiss\u00e3o e a l\u00f3gica pol\u00edtico-econ\u00f4mica do atual \u201cmercado de not\u00edcias\u201d.<\/p>\n<figure id=\"attachment_8107\" aria-describedby=\"caption-attachment-8107\" style=\"width: 445px\" class=\"wp-caption aligncenter\"><a href=\"http:\/\/projetocineb.com.br\/wp-content\/uploads\/2015\/11\/DSC_0420.jpg\"><img loading=\"lazy\" decoding=\"async\" class=\" wp-image-8107     \" title=\"DSC_0420\" src=\"http:\/\/projetocineb.com.br\/wp-content\/uploads\/2015\/11\/DSC_0420.jpg\" alt=\"\" width=\"445\" height=\"295\" \/><\/a><figcaption id=\"caption-attachment-8107\" class=\"wp-caption-text\">Bate-papo sobre jornalismo com os professores Edu Correia (esquerda) e Marcos Zibordi (direita)<\/figcaption><\/figure>\n<figure id=\"attachment_8108\" aria-describedby=\"caption-attachment-8108\" style=\"width: 425px\" class=\"wp-caption aligncenter\"><a href=\"http:\/\/projetocineb.com.br\/wp-content\/uploads\/2015\/11\/Montagem_perguntas.jpg\"><img loading=\"lazy\" decoding=\"async\" class=\"size-full wp-image-8108\" title=\"Montagem_perguntas\" src=\"http:\/\/projetocineb.com.br\/wp-content\/uploads\/2015\/11\/Montagem_perguntas.jpg\" alt=\"\" width=\"425\" height=\"283\" \/><\/a><figcaption id=\"caption-attachment-8108\" class=\"wp-caption-text\">Alunos participam do debate com quest\u00f5es e d\u00favidas<\/figcaption><\/figure>\n<p>Tauany Pinheiro, aluna do 4\u00ba semestre de jornalismo aprovou a iniciativa do CINEB. \u201cEu fiz uma pesquisa aqui na faculdade para um trabalho e identifiquei que ningu\u00e9m assiste filme brasileiro. Por isso \u00e9 importante o que voc\u00eas fazem\u201d. Carlos Henrique, tamb\u00e9m aluno do 4\u00ba semestre, v\u00ea o CINEB como um projeto que leva cultura para as pessoas. Ele destaca a import\u00e2ncia que teve o debate ap\u00f3s a sess\u00e3o, \u201co que possibilitou tirar d\u00favidas levantadas pelo document\u00e1rio\u201d.<\/p>\n<figure id=\"attachment_8109\" aria-describedby=\"caption-attachment-8109\" style=\"width: 396px\" class=\"wp-caption aligncenter\"><a href=\"http:\/\/projetocineb.com.br\/wp-content\/uploads\/2015\/11\/DSC_03931.jpg\"><img loading=\"lazy\" decoding=\"async\" class=\" wp-image-8109     \" title=\"DSC_0393\" src=\"http:\/\/projetocineb.com.br\/wp-content\/uploads\/2015\/11\/DSC_03931.jpg\" alt=\"\" width=\"396\" height=\"282\" \/><\/a><figcaption id=\"caption-attachment-8109\" class=\"wp-caption-text\">Rafael Pontes, aluno de Rela\u00e7\u00f5es P\u00fablicas da Fiam-Faam, integrou equipe do CINEB entre 2011 e 2013 passou pela sess\u00e3o. Na foto, ao lado de Cid\u00e1lio e Seu Antonio<\/figcaption><\/figure>\n<figure id=\"attachment_8110\" aria-describedby=\"caption-attachment-8110\" style=\"width: 419px\" class=\"wp-caption aligncenter\"><a href=\"http:\/\/projetocineb.com.br\/wp-content\/uploads\/2015\/11\/DSC_0450.jpg\"><img loading=\"lazy\" decoding=\"async\" class=\" wp-image-8110     \" title=\"DSC_0450\" src=\"http:\/\/projetocineb.com.br\/wp-content\/uploads\/2015\/11\/DSC_0450.jpg\" alt=\"\" width=\"419\" height=\"267\" \/><\/a><figcaption id=\"caption-attachment-8110\" class=\"wp-caption-text\">At\u00e9 a pr\u00f3xima sess\u00e3o!<\/figcaption><\/figure>\n<p style=\"text-align: center;\"><a href=\"https:\/\/flic.kr\/s\/aHskpa3apA\" target=\"_blank\">CLIQUE AQUI PARA VER MAIS FOTOS<\/a><\/p>\n<p>&#8212;<\/p>\n<p>O CINEB \u00e9 um circuito itinerante de cinema realizado pelo Sindicato dos Banc\u00e1rios de S\u00e3o Paulo, Osasco e Regi\u00e3o e pela Brazucah Produ\u00e7\u00f5es. Desde 2007, o j\u00e1 atingiu um p\u00fablico superior a 50 mil espectadores em mais de 360 sess\u00f5es gratuitas realizadas em comunidades e universidades de S\u00e3o Paulo. A iniciativa busca democratizar o acesso ao cinema nacional e divulgar os filmes produzidos no Brasil. J\u00e1 foram exibidos na tela do CINEB mais de 75 longas-metragens e 50 curtas-metragens, al\u00e9m da realiza\u00e7\u00e3o de pr\u00e9-estreias exclusivas<em>.<\/em><\/p>\n","protected":false},"excerpt":{"rendered":"<p>Texto e fotos por Carlos Rizzo Alunos de jornalismo da FIAM-FAAM, unidade Ana Rosa, que estiveram na sess\u00e3o do CINEB[&#8230;]<\/p>\n","protected":false},"author":2,"featured_media":8101,"comment_status":"open","ping_status":"open","sticky":false,"template":"","format":"standard","meta":[],"categories":[2],"tags":[237,276,278,427,535,707,1050,1095,1131],"_links":{"self":[{"href":"https:\/\/projetocineb.com.br\/index.php?rest_route=\/wp\/v2\/posts\/8100"}],"collection":[{"href":"https:\/\/projetocineb.com.br\/index.php?rest_route=\/wp\/v2\/posts"}],"about":[{"href":"https:\/\/projetocineb.com.br\/index.php?rest_route=\/wp\/v2\/types\/post"}],"author":[{"embeddable":true,"href":"https:\/\/projetocineb.com.br\/index.php?rest_route=\/wp\/v2\/users\/2"}],"replies":[{"embeddable":true,"href":"https:\/\/projetocineb.com.br\/index.php?rest_route=%2Fwp%2Fv2%2Fcomments&post=8100"}],"version-history":[{"count":0,"href":"https:\/\/projetocineb.com.br\/index.php?rest_route=\/wp\/v2\/posts\/8100\/revisions"}],"wp:featuredmedia":[{"embeddable":true,"href":"https:\/\/projetocineb.com.br\/index.php?rest_route=\/wp\/v2\/media\/8101"}],"wp:attachment":[{"href":"https:\/\/projetocineb.com.br\/index.php?rest_route=%2Fwp%2Fv2%2Fmedia&parent=8100"}],"wp:term":[{"taxonomy":"category","embeddable":true,"href":"https:\/\/projetocineb.com.br\/index.php?rest_route=%2Fwp%2Fv2%2Fcategories&post=8100"},{"taxonomy":"post_tag","embeddable":true,"href":"https:\/\/projetocineb.com.br\/index.php?rest_route=%2Fwp%2Fv2%2Ftags&post=8100"}],"curies":[{"name":"wp","href":"https:\/\/api.w.org\/{rel}","templated":true}]}}