{"id":8186,"date":"2015-11-30T11:45:44","date_gmt":"2015-11-30T13:45:44","guid":{"rendered":"http:\/\/projetocineb.com.br\/?p=8186"},"modified":"2015-11-30T11:45:44","modified_gmt":"2015-11-30T13:45:44","slug":"cineb-retorno-a-fatec-barueri","status":"publish","type":"post","link":"https:\/\/projetocineb.com.br\/?p=8186","title":{"rendered":"CINEB retorno \u00e0 Fatec Barueri"},"content":{"rendered":"<p style=\"text-align: right;\"><strong>Textos e fotos por Carlos Rizzo<\/strong><\/p>\n<p style=\"text-align: center;\"><em>CINEB leva \u00e0 Fatec Barueri mais uma sess\u00e3o com o document\u00e1rio O <\/em>Mercado de Not\u00edcias<em>, do diretor Jorge Furtado. Dessa vez, sess\u00e3o aconteceu no in\u00edcio da tarde da \u00faltima quinta-feira, 26\/11, para aprendizes de administra\u00e7\u00e3o<\/em><\/p>\n<p>Os jovens aprendizes de administra\u00e7\u00e3o do Centro de Integra\u00e7\u00e3o Empresa-Escola (CIEE) que frequentam as aulas te\u00f3ricas do curso na Faculdade de Tecnologia (Fatec) de Barueri \u201cPadre Danilo Jos\u00e9 de Oliveira Ohl\u201d tiveram uma tarde bem diferente na \u00faltima quinta-feira, 26\/11. Acostumados a frequentar aulas te\u00f3ricas de administra\u00e7\u00e3o, log\u00edstica, contabilidade uma vez por semana, enquanto nos outros quatro dias da semana, passam aprendendo uma profiss\u00e3o dentro de uma grande empresa da regi\u00e3o, dessa vez esses aprendizes deixaram o l\u00e1pis e o caderno de lado e puderam acompanhar uma sess\u00e3o de cinema organizada pelo CINE<\/p>\n<figure id=\"attachment_8189\" aria-describedby=\"caption-attachment-8189\" style=\"width: 445px\" class=\"wp-caption aligncenter\"><a href=\"http:\/\/projetocineb.com.br\/wp-content\/uploads\/2015\/11\/DSC_0937.jpg\"><img fetchpriority=\"high\" decoding=\"async\" class=\" wp-image-8189\" title=\"DSC_0937\" src=\"http:\/\/projetocineb.com.br\/wp-content\/uploads\/2015\/11\/DSC_0937.jpg\" alt=\"\" width=\"445\" height=\"295\" \/><\/a><figcaption id=\"caption-attachment-8189\" class=\"wp-caption-text\">Alunos do curso de eventos na porta do anfiteatro da Fatec<\/figcaption><\/figure>\n<p style=\"text-align: center;\">\n<p>Em cartaz, o document\u00e1rio <em>O Mercado de Not\u00edcias<\/em>, do diretor Jorge Furtado onde jornalistas discutirem o papel da m\u00eddia e sua influ\u00eancia na democracia entre atos da pe\u00e7a c\u00f4mica <em>O Mercado de Not\u00edcias<\/em>, do dramaturgo ingl\u00eas, Ben Jonson, que viveu no s\u00e9culo XVI e foi contempor\u00e2nea de Shakespeare. O premiado document\u00e1rio faz uma viagem no tempo desde o surgimento da imprensa, no s\u00e9culo XVII, at\u00e9 os dias de hoje, em que a sede por informa\u00e7\u00e3o \u00e9 cada vez maior.<span style=\"text-align: center;\">\u00a0<\/span><\/p>\n<figure id=\"attachment_8191\" aria-describedby=\"caption-attachment-8191\" style=\"width: 445px\" class=\"wp-caption aligncenter\"><a href=\"http:\/\/projetocineb.com.br\/wp-content\/uploads\/2015\/11\/DSC_0947.jpg\"><img decoding=\"async\" class=\" wp-image-8191\" title=\"DSC_0947\" src=\"http:\/\/projetocineb.com.br\/wp-content\/uploads\/2015\/11\/DSC_0947.jpg\" alt=\"\" width=\"445\" height=\"295\" \/><\/a><figcaption id=\"caption-attachment-8191\" class=\"wp-caption-text\">Aguardando a sess\u00e3o come\u00e7ar...<\/figcaption><\/figure>\n<p style=\"text-align: center;\">\n<p>Inicialmente a sess\u00e3o estava marcada para acontecer no final da manh\u00e3, para alunos do curso de tecnologia de eventos. Mas um pequeno atraso transferiu a sess\u00e3o para o in\u00edcio da tarde, e acabou integrando os alunos que frequentam a Fatec Barueri, criada em 2009, e os aprendizes do CIEE, que ocupam o espa\u00e7o do Centro Paula Souza, autarquia do Governo do Estado, apenas uma vez por semana.<\/p>\n<figure id=\"attachment_8192\" aria-describedby=\"caption-attachment-8192\" style=\"width: 428px\" class=\"wp-caption aligncenter\"><a href=\"http:\/\/projetocineb.com.br\/wp-content\/uploads\/2015\/11\/DSC_0962.jpg\"><img decoding=\"async\" class=\" wp-image-8192      \" title=\"DSC_0962\" src=\"http:\/\/projetocineb.com.br\/wp-content\/uploads\/2015\/11\/DSC_0962.jpg\" alt=\"\" width=\"428\" height=\"284\" \/><\/a><figcaption id=\"caption-attachment-8192\" class=\"wp-caption-text\">Cid\u00e1lio Vieira Santos, coordenador do CINEB e Evandro Cleber, diretor da Fatec Barueri<\/figcaption><\/figure>\n<p>Foi a segunda vez que o CINEB foi \u00e0 Fatec Barueri, que j\u00e1 contou com sess\u00f5es da Rede Brazucah nas Escolas, outro projeto de democratiza\u00e7\u00e3o do cinema brasileiro desenvolvido pela Brazucah Produ\u00e7\u00f5es. Na abertura oficial da sess\u00e3o, o\u00a0 diretor geral da Fatec Barueri, Evendro Cleber da Silva, lembrou que o filme <em>O Mercado de Not\u00edcias <\/em>que estava em cartaz nessa sess\u00e3o fora exibido para os alunos do noturno com enorme sucesso, trazendo para o debate uma tem\u00e1tica bastante atual \u201cque \u00e9 o processo de produ\u00e7\u00e3o de uma not\u00edcia\u201d.<\/p>\n<figure id=\"attachment_8193\" aria-describedby=\"caption-attachment-8193\" style=\"width: 454px\" class=\"wp-caption aligncenter\"><a href=\"http:\/\/projetocineb.com.br\/wp-content\/uploads\/2015\/11\/DSC_0973.jpg\"><img loading=\"lazy\" decoding=\"async\" class=\" wp-image-8193    \" title=\"DSC_0973\" src=\"http:\/\/projetocineb.com.br\/wp-content\/uploads\/2015\/11\/DSC_0973.jpg\" alt=\"\" width=\"454\" height=\"301\" \/><\/a><figcaption id=\"caption-attachment-8193\" class=\"wp-caption-text\">Aprendizes do CIEE acompanham o document\u00e1rio O Mercado de Not\u00edcias<\/figcaption><\/figure>\n<p>Para a instrutora de aprendizagem Raquel de F\u00e1tima, que acompanhava os aprendizes do CIEE, al\u00e9m da atualidade do document\u00e1rio, \u201co diretor optou por contar a hist\u00f3ria unindo o jornalismo e o teatro\u201d, o que deixou o filme muito gostoso de ser ver. J\u00e1 preocupa\u00e7\u00e3o da instrutora Rosinete Vieira era ver se os alunos entendiam o que estavam assistindo. \u201cEu acho muito legal, mas me preocupo um pouco com a faixa et\u00e1ria. Eu vi que eles perceberam o que estava se passando e participaram\u201d, confessou ao final da sess\u00e3o.<\/p>\n<figure id=\"attachment_8194\" aria-describedby=\"caption-attachment-8194\" style=\"width: 448px\" class=\"wp-caption aligncenter\"><a href=\"http:\/\/projetocineb.com.br\/wp-content\/uploads\/2015\/11\/DSC_0986.jpg\"><img loading=\"lazy\" decoding=\"async\" class=\" wp-image-8194     \" title=\"DSC_0986\" src=\"http:\/\/projetocineb.com.br\/wp-content\/uploads\/2015\/11\/DSC_0986.jpg\" alt=\"\" width=\"448\" height=\"301\" \/><\/a><figcaption id=\"caption-attachment-8194\" class=\"wp-caption-text\">Muitas camisetas do CINEB foram distribu\u00eddas para os alunos<\/figcaption><\/figure>\n<p>De fato, os alunos com idade entre 15 e 20 anos, se mostraram interessados e participativos e se divertiram com passagens que resgatam erros graves de informa\u00e7\u00e3o veiculados pela m\u00eddia como a hist\u00f3ria do quadro falso de Picasso guardado no INSS, que o jornal Folha de S\u00e3o Paulo insistiu em afirmar que era verdadeiro em v\u00e1rias edi\u00e7\u00f5es e foi desmentida pelo document\u00e1rio. Ao final da sess\u00e3o os alunos puderam saborear a deliciosa pipoca distribu\u00edda, de gra\u00e7a, pelo CINEB<\/p>\n<figure id=\"attachment_8196\" aria-describedby=\"caption-attachment-8196\" style=\"width: 445px\" class=\"wp-caption aligncenter\"><a href=\"http:\/\/projetocineb.com.br\/wp-content\/uploads\/2015\/11\/DSC_0988.jpg\"><img loading=\"lazy\" decoding=\"async\" class=\" wp-image-8196     \" title=\"DSC_0988\" src=\"http:\/\/projetocineb.com.br\/wp-content\/uploads\/2015\/11\/DSC_0988.jpg\" alt=\"\" width=\"445\" height=\"295\" \/><\/a><figcaption id=\"caption-attachment-8196\" class=\"wp-caption-text\">Que as vestiram para tirar uma bonita foto<\/figcaption><\/figure>\n<p style=\"text-align: center;\"><a href=\"https:\/\/flic.kr\/s\/aHskpqhXtj\" target=\"_blank\">CLIQUE AQUI PARA VER MAIS FOTOS<\/a><\/p>\n<p>&#8212;<\/p>\n<p>O CINEB \u00e9 um circuito itinerante de cinema realizado pelo Sindicato dos Banc\u00e1rios de S\u00e3o Paulo, Osasco e Regi\u00e3o e pela Brazucah Produ\u00e7\u00f5es. Desde 2007, o j\u00e1 atingiu um p\u00fablico superior a 50 mil espectadores em mais de 360 sess\u00f5es gratuitas realizadas em comunidades e universidades de S\u00e3o Paulo. A iniciativa busca democratizar o acesso ao cinema nacional e divulgar os filmes produzidos no Brasil. J\u00e1 foram exibidos na tela do CINEB mais de 75 longas-metragens e 50 curtas-metragens, al\u00e9m da realiza\u00e7\u00e3o de pr\u00e9-estreias exclusivas<em>.<\/em> Conta com o apoio de m\u00eddia da edi\u00e7\u00e3o brasileira do <em>Le Monde Diplomatique<\/em>.<\/p>\n","protected":false},"excerpt":{"rendered":"<p>Textos e fotos por Carlos Rizzo CINEB leva \u00e0 Fatec Barueri mais uma sess\u00e3o com o document\u00e1rio O Mercado de[&#8230;]<\/p>\n","protected":false},"author":2,"featured_media":8188,"comment_status":"open","ping_status":"open","sticky":false,"template":"","format":"standard","meta":[],"categories":[2],"tags":[237,263,271,516,706,707,1138],"_links":{"self":[{"href":"https:\/\/projetocineb.com.br\/index.php?rest_route=\/wp\/v2\/posts\/8186"}],"collection":[{"href":"https:\/\/projetocineb.com.br\/index.php?rest_route=\/wp\/v2\/posts"}],"about":[{"href":"https:\/\/projetocineb.com.br\/index.php?rest_route=\/wp\/v2\/types\/post"}],"author":[{"embeddable":true,"href":"https:\/\/projetocineb.com.br\/index.php?rest_route=\/wp\/v2\/users\/2"}],"replies":[{"embeddable":true,"href":"https:\/\/projetocineb.com.br\/index.php?rest_route=%2Fwp%2Fv2%2Fcomments&post=8186"}],"version-history":[{"count":0,"href":"https:\/\/projetocineb.com.br\/index.php?rest_route=\/wp\/v2\/posts\/8186\/revisions"}],"wp:featuredmedia":[{"embeddable":true,"href":"https:\/\/projetocineb.com.br\/index.php?rest_route=\/wp\/v2\/media\/8188"}],"wp:attachment":[{"href":"https:\/\/projetocineb.com.br\/index.php?rest_route=%2Fwp%2Fv2%2Fmedia&parent=8186"}],"wp:term":[{"taxonomy":"category","embeddable":true,"href":"https:\/\/projetocineb.com.br\/index.php?rest_route=%2Fwp%2Fv2%2Fcategories&post=8186"},{"taxonomy":"post_tag","embeddable":true,"href":"https:\/\/projetocineb.com.br\/index.php?rest_route=%2Fwp%2Fv2%2Ftags&post=8186"}],"curies":[{"name":"wp","href":"https:\/\/api.w.org\/{rel}","templated":true}]}}