{"id":819,"date":"2010-05-23T20:54:35","date_gmt":"2010-05-23T23:54:35","guid":{"rendered":"http:\/\/projetocineb.com.br\/?p=819"},"modified":"2010-05-23T20:54:35","modified_gmt":"2010-05-23T23:54:35","slug":"fazenda-do-carmo","status":"publish","type":"post","link":"https:\/\/projetocineb.com.br\/?p=819","title":{"rendered":"FAZENDA DO CARMO"},"content":{"rendered":"<p>Desta vez os habitantes da <span style=\"color: #ff6600;\">Fazenda do Carmo, na zona leste de S\u00e3o Paulo<\/span>, assistiram ao <span style=\"color: #ff6600;\">curta-metragem <\/span><em><span style=\"color: #ff6600;\">Intervozes<\/span><\/em><span style=\"color: #ff6600;\">, de Pedro Ekman e o longa <\/span><em><span style=\"color: #ff6600;\">Os 12 trabalhos<\/span><\/em><span style=\"color: #ff6600;\">, de Ricardo Elias, atrav\u00e9s do projeto Cine B<\/span>, realizado pelo Sindicato dos Banc\u00e1rios de S\u00e3o Paulo, Osasco e Regi\u00e3o e Brazucah Produ\u00e7\u00f5es.<\/p>\n<p>Confira as fotos da sess\u00e3o!<\/p>\n<figure id=\"attachment_820\" aria-describedby=\"caption-attachment-820\" style=\"width: 384px\" class=\"wp-caption aligncenter\"><a href=\"http:\/\/projetocineb.com.br\/wp-content\/uploads\/2010\/05\/Carmo01.jpg\"><img fetchpriority=\"high\" decoding=\"async\" class=\"size-full wp-image-820  \" title=\"Kely Cristina de Castro e seu marido Rog\u00e9rio Lima de Oliveira, acompanhados de dona Maria Augusta Oliveira Lima e sua filha Sofia De castro Oliveira de 7 anos\" src=\"http:\/\/projetocineb.com.br\/wp-content\/uploads\/2010\/05\/Carmo01.jpg\" alt=\"Kely Cristina de Castro e seu marido Rog\u00e9rio Lima de Oliveira, acompanhados de dona Maria Augusta Oliveira Lima e sua filha Sofia De castro Oliveira de 7 anos\" width=\"384\" height=\"255\" \/><\/a><figcaption id=\"caption-attachment-820\" class=\"wp-caption-text\">Kely Cristina de Castro e seu marido Rog\u00e9rio Lima de Oliveira, acompanhados de dona Maria Augusta Oliveira Lima e sua filha Sofia De castro Oliveira de 7 anos<\/figcaption><\/figure>\n<figure id=\"attachment_821\" aria-describedby=\"caption-attachment-821\" style=\"width: 384px\" class=\"wp-caption aligncenter\"><a href=\"http:\/\/projetocineb.com.br\/wp-content\/uploads\/2010\/05\/Carmo02.jpg\"><img decoding=\"async\" class=\"size-full wp-image-821  \" title=\"&quot;Gosto de assistir filmes, o do Lula eu gostei muito&quot;, disse Jennifer Aparecida dos Santos, acompanhada de sua vizinha dona Terezinha de Souza Oliveira, que disse ter ido em muitas matin\u00eas quando era mais jovem\" src=\"http:\/\/projetocineb.com.br\/wp-content\/uploads\/2010\/05\/Carmo02.jpg\" alt=\"&quot;Gosto de assistir filmes, o do Lula eu gostei muito&quot;, disse Jennifer Aparecida dos Santos, acompanhada de sua vizinha dona Terezinha de Souza Oliveira, que disse ter ido em muitas matin\u00eas quando era mais jovem\" width=\"384\" height=\"255\" \/><\/a><figcaption id=\"caption-attachment-821\" class=\"wp-caption-text\">&quot;Gosto de assistir filmes, o do Lula eu gostei muito&quot;, disse Jennifer Aparecida dos Santos, acompanhada de sua vizinha dona Terezinha de Souza Oliveira, que disse ter ido em muitas matin\u00eas quando era mais jovem<\/figcaption><\/figure>\n<figure id=\"attachment_822\" aria-describedby=\"caption-attachment-822\" style=\"width: 384px\" class=\"wp-caption aligncenter\"><a href=\"http:\/\/projetocineb.com.br\/wp-content\/uploads\/2010\/05\/Carmo03.jpg\"><img decoding=\"async\" class=\"size-full wp-image-822  \" title=\"John Mendes da Silva e sua esposa Fabiana Ferreira Mendes com os filhos Geovanni Mendes Ferreira, de 3 anos e Gabriel Mendes Ferreira, 9\" src=\"http:\/\/projetocineb.com.br\/wp-content\/uploads\/2010\/05\/Carmo03.jpg\" alt=\"John Mendes da Silva e sua esposa Fabiana Ferreira Mendes com os filhos Geovanni Mendes Ferreira, de 3 anos e Gabriel Mendes Ferreira, 9\" width=\"384\" height=\"255\" \/><\/a><figcaption id=\"caption-attachment-822\" class=\"wp-caption-text\">John Mendes da Silva e sua esposa Fabiana Ferreira Mendes com os filhos Geovanni Mendes Ferreira, de 3 anos e Gabriel Mendes Ferreira, 9<\/figcaption><\/figure>\n<figure id=\"attachment_823\" aria-describedby=\"caption-attachment-823\" style=\"width: 384px\" class=\"wp-caption aligncenter\"><a href=\"http:\/\/projetocineb.com.br\/wp-content\/uploads\/2010\/05\/Carmo05.jpg\"><img loading=\"lazy\" decoding=\"async\" class=\"size-full wp-image-823  \" title=\"Os sortudos da exibi\u00e7\u00e3o que levaram camisetas do Cine B para casa\" src=\"http:\/\/projetocineb.com.br\/wp-content\/uploads\/2010\/05\/Carmo05.jpg\" alt=\"Os sortudos da exibi\u00e7\u00e3o que levaram camisetas do Cine B para casa\" width=\"384\" height=\"255\" \/><\/a><figcaption id=\"caption-attachment-823\" class=\"wp-caption-text\">Os sortudos da exibi\u00e7\u00e3o que levaram camisetas do Cine B para casa<\/figcaption><\/figure>\n<figure id=\"attachment_824\" aria-describedby=\"caption-attachment-824\" style=\"width: 384px\" class=\"wp-caption aligncenter\"><a href=\"http:\/\/projetocineb.com.br\/wp-content\/uploads\/2010\/05\/Carmo04.jpg\"><img loading=\"lazy\" decoding=\"async\" class=\"size-full wp-image-824  \" title=\"O p\u00fablico assistiu ao curta-metragem Intervozes, de Pedro Ekman, sobre o controle da comunica\u00e7\u00e3o brasileira, por algumas fam\u00edlias poderosas\" src=\"http:\/\/projetocineb.com.br\/wp-content\/uploads\/2010\/05\/Carmo04.jpg\" alt=\"O p\u00fablico assistiu ao curta-metragem Intervozes, de Pedro Ekman, sobre o controle da comunica\u00e7\u00e3o brasileira, por algumas fam\u00edlias poderosas\" width=\"384\" height=\"255\" \/><\/a><figcaption id=\"caption-attachment-824\" class=\"wp-caption-text\">O p\u00fablico assistiu ao curta-metragem Intervozes, de Pedro Ekman, sobre o controle da comunica\u00e7\u00e3o brasileira, por algumas fam\u00edlias poderosas<\/figcaption><\/figure>\n<figure id=\"attachment_825\" aria-describedby=\"caption-attachment-825\" style=\"width: 384px\" class=\"wp-caption aligncenter\"><a href=\"http:\/\/projetocineb.com.br\/wp-content\/uploads\/2010\/05\/Carmo06.jpg\"><img loading=\"lazy\" decoding=\"async\" class=\"size-full wp-image-825  \" title=\"&quot;Adoro cinema, meu predileto \u00e9 Central do Brasil, lindo!&quot;, disse Fl\u00e1via Souza Costa, que foi acompanhada pelas crian\u00e7as Samara Rodrigues, 5, Breno Vin\u00edvius Souza, 9, Barbara Vitoria Souza, 9 e Brayan Souza Couto de 5 anos\" src=\"http:\/\/projetocineb.com.br\/wp-content\/uploads\/2010\/05\/Carmo06.jpg\" alt=\"&quot;Adoro cinema, meu predileto \u00e9 Central do Brasil, lindo!&quot;, disse Fl\u00e1via Souza Costa, que foi acompanhada pelas crian\u00e7as Samara Rodrigues, 5, Breno Vin\u00edvius Souza, 9, Barbara Vitoria Souza, 9 e Brayan Souza Couto de 5 anos\" width=\"384\" height=\"255\" \/><\/a><figcaption id=\"caption-attachment-825\" class=\"wp-caption-text\">&quot;Adoro cinema, meu predileto \u00e9 Central do Brasil, lindo!&quot;, disse Fl\u00e1via Souza Costa, que foi acompanhada pelas crian\u00e7as Samara Rodrigues, 5, Breno Vin\u00edvius Souza, 9, Barbara Vitoria Souza, 9 e Brayan Souza Couto de 5 anos<\/figcaption><\/figure>\n<figure id=\"attachment_826\" aria-describedby=\"caption-attachment-826\" style=\"width: 384px\" class=\"wp-caption aligncenter\"><a href=\"http:\/\/projetocineb.com.br\/wp-content\/uploads\/2010\/05\/Carmo07.jpg\"><img loading=\"lazy\" decoding=\"async\" class=\"size-full wp-image-826  \" title=\"As sorridentes Ana Paula Fernandes de 14 anos e Thifani Ohana, 11\" src=\"http:\/\/projetocineb.com.br\/wp-content\/uploads\/2010\/05\/Carmo07.jpg\" alt=\"As sorridentes Ana Paula Fernandes de 14 anos e Thifani Ohana, 11\" width=\"384\" height=\"255\" \/><\/a><figcaption id=\"caption-attachment-826\" class=\"wp-caption-text\">As sorridentes Ana Paula Fernandes de 14 anos e Thifani Ohana, 11<\/figcaption><\/figure>\n","protected":false},"excerpt":{"rendered":"<p>Desta vez os habitantes da Fazenda do Carmo, na zona leste de S\u00e3o Paulo, assistiram ao curta-metragem Intervozes, de Pedro[&#8230;]<\/p>\n","protected":false},"author":2,"featured_media":0,"comment_status":"open","ping_status":"open","sticky":false,"template":"","format":"standard","meta":[],"categories":[2],"tags":[],"_links":{"self":[{"href":"https:\/\/projetocineb.com.br\/index.php?rest_route=\/wp\/v2\/posts\/819"}],"collection":[{"href":"https:\/\/projetocineb.com.br\/index.php?rest_route=\/wp\/v2\/posts"}],"about":[{"href":"https:\/\/projetocineb.com.br\/index.php?rest_route=\/wp\/v2\/types\/post"}],"author":[{"embeddable":true,"href":"https:\/\/projetocineb.com.br\/index.php?rest_route=\/wp\/v2\/users\/2"}],"replies":[{"embeddable":true,"href":"https:\/\/projetocineb.com.br\/index.php?rest_route=%2Fwp%2Fv2%2Fcomments&post=819"}],"version-history":[{"count":0,"href":"https:\/\/projetocineb.com.br\/index.php?rest_route=\/wp\/v2\/posts\/819\/revisions"}],"wp:attachment":[{"href":"https:\/\/projetocineb.com.br\/index.php?rest_route=%2Fwp%2Fv2%2Fmedia&parent=819"}],"wp:term":[{"taxonomy":"category","embeddable":true,"href":"https:\/\/projetocineb.com.br\/index.php?rest_route=%2Fwp%2Fv2%2Fcategories&post=819"},{"taxonomy":"post_tag","embeddable":true,"href":"https:\/\/projetocineb.com.br\/index.php?rest_route=%2Fwp%2Fv2%2Ftags&post=819"}],"curies":[{"name":"wp","href":"https:\/\/api.w.org\/{rel}","templated":true}]}}