{"id":8271,"date":"2015-12-02T14:20:27","date_gmt":"2015-12-02T16:20:27","guid":{"rendered":"http:\/\/projetocineb.com.br\/?p=8271"},"modified":"2015-12-02T14:20:27","modified_gmt":"2015-12-02T16:20:27","slug":"6o-premio-cineb-do-cinema-brasileiro","status":"publish","type":"post","link":"https:\/\/projetocineb.com.br\/?p=8271","title":{"rendered":"6\u00ba Pr\u00eamio CINEB do Cinema Brasileiro"},"content":{"rendered":"<p>Na pr\u00f3xima segunda-feira, dia 7, vamos celebrar e premiar os filmes que entraram em cartaz e as entidades que nos receberam neste ano. A comemora\u00e7\u00e3o acontecer\u00e1 no Caf\u00e9 dos Banc\u00e1rios do Sindicato de S\u00e3o Paulo, Osasco e Regi\u00e3o, localizado no Edif\u00edcio Martinelli, constru\u00e7\u00e3o de arquitetura imponente e ic\u00f4nica da cidade.<\/p>\n<p>A sexta edi\u00e7\u00e3o do Pr\u00eamio CINEB do Cinema Brasileiro ser\u00e1 comandada pelo ator Caio Blat, que j\u00e1 participou do elenco de alguns dos longas-metragens exibidos pelo projeto. Um deles foi \u201cMeus Dois Amores\u201d, que visitou v\u00e1rios bairros de S\u00e3o Paulo com o circuito. \u00a0A noite ainda conta com a presen\u00e7a de diretores e representantes dos filmes, al\u00e9m das atrizes Camila M\u00e1rdila, de <em>Que Horas Ela Volta?<\/em>, e Elisa Volpatto,<em> de O Mercado de Not\u00edcias.<\/em><\/p>\n<figure id=\"attachment_8275\" aria-describedby=\"caption-attachment-8275\" style=\"width: 432px\" class=\"wp-caption aligncenter\"><a href=\"http:\/\/projetocineb.com.br\/wp-content\/uploads\/2015\/12\/IMG_83581.jpg\"><img fetchpriority=\"high\" decoding=\"async\" class=\" wp-image-8275   \" title=\"IMG_8358\" src=\"http:\/\/projetocineb.com.br\/wp-content\/uploads\/2015\/12\/IMG_83581.jpg\" alt=\"\" width=\"432\" height=\"648\" \/><\/a><figcaption id=\"caption-attachment-8275\" class=\"wp-caption-text\">Trofe\u00fa que ser\u00e1 entregue na noite de premia\u00e7\u00e3o. (cr\u00e9ditos: Danilo Ramos)<\/figcaption><\/figure>\n<p>\u201cO projeto permite que a popula\u00e7\u00e3o mais carente tenha acesso a filmes nacionais em espa\u00e7os comunit\u00e1rios\u201c, diz Juvandia Moreira, presidenta do Sindicato dos Banc\u00e1rios. \u201cA premia\u00e7\u00e3o do CINEB visa reconhecer os produtores dos filmes realizados em nosso pa\u00eds e das comunidades, entidades e universidades envolvidas nas sess\u00f5es do projeto, afinal o filme s\u00f3 vira cinema quando ele chega at\u00e9 as pessoas\u201d, afirma o coordenador do CINEB, Cid\u00e1lio Vieira Santos.<\/p>\n<p>Entre os locais que receberam o CINEB neste ano est\u00e3o a Favela do Can\u00e3o, na Zona Leste; a Associa\u00e7\u00e3o Ch\u00e1cara do Conde, na Zona Sul; o Residencial Franca, na Zona Oeste; o Largo S\u00e3o Francisco e a Cracol\u00e2ndia, no Centro; e o Espa\u00e7o Tijolinho, na Zona Norte. O CINEB \u00e9 realizado pelo Sindicato dos Banc\u00e1rios de S\u00e3o Paulo, Osasco e regi\u00e3o e produzido pela Brazucah Produ\u00e7\u00f5es.<\/p>\n<p>Al\u00e9m da premia\u00e7\u00e3o dos longas-metragens, os curtas exibidos na programa\u00e7\u00e3o tamb\u00e9m ser\u00e3o homenageados na noite. Grande parte deles foram escolhidos para integrar o 4\u00ba Selo CINEB do Cinema Brasileiro, que traz a periferia de S\u00e3o Paulo como personagem e cen\u00e1rio.<\/p>\n<p><strong>CONFIRA OS FILMES PREMIADOS<\/strong><\/p>\n<p><strong>Longas-metragens<\/strong><\/p>\n<p>Irm\u00e3 Dulce (Vicente Amorim)<\/p>\n<p>Meus Dois Amores (Luiz Henrique Rios)<\/p>\n<p>O Menino no Espelho (Guilherme Fi\u00faza Zenha)<\/p>\n<p>O Mercado de Not\u00edcias (Jorge Furtado)<\/p>\n<p>Que Horas Ela Volta? (Anna Muylaert)<\/p>\n<p>Sabotage: O Maestro do Can\u00e3o (Ivan 13P)<\/p>\n<p>Tain\u00e1 \u2013 A Origem (Rosane Svartman)<\/p>\n<p>&nbsp;<\/p>\n<p><strong>Curtas-metragens<\/strong><\/p>\n<p>Lado Centro (Nana Della Gata)<\/p>\n<p>Mariana N\u00e3o Vai \u00e0 Praia (C\u00e1ssio Pereira dos Santos)<\/p>\n<p>Na Pista do Apito (Daniel Chaia)<\/p>\n<p>Nossas Hist\u00f3rias, Minhas Mem\u00f3ras (Fernando Ara\u00fajo, Gustavo Pagador e Paula Sousa)<\/p>\n<p>O Cubo M\u00e1gico (Vanderson Feitosa)<\/p>\n<p>O Ponto Cego (Francisco Bahia)<\/p>\n<p>Pajerama (Leonardo Canaval)<\/p>\n<p>Preservar \u00e9 Resistir (Francisco Galv\u00e3o)<\/p>\n<p>Vendedores Ambulantes \u2013 Gambiarras Ac\u00fasticas (D\u00e9bora Pavani e Jefferson Santos)<\/p>\n<p><strong>\u00a0<\/strong><\/p>\n<p style=\"text-align: center;\"><strong>SERVI\u00c7O<\/strong><\/p>\n<p style=\"text-align: center;\">6\u00ba Pr\u00eamio CINEB do Cinema Brasileiro<\/p>\n<p style=\"text-align: center;\">Segunda-feira, 7\/12, \u00e0s 20h<\/p>\n<p style=\"text-align: center;\">Sede do Sindicato dos Banc\u00e1rios de S\u00e3o Paulo, Osasco e Regi\u00e3o (Caf\u00e9 dos Banc\u00e1rios)<\/p>\n<p style=\"text-align: center;\">Rua S\u00e3o Bento, 413 \u2013 Edif\u00edcio Martinelli, S\u00e3o Paulo\/SP<\/p>\n","protected":false},"excerpt":{"rendered":"<p>Na pr\u00f3xima segunda-feira, dia 7, vamos celebrar e premiar os filmes que entraram em cartaz e as entidades que nos[&#8230;]<\/p>\n","protected":false},"author":2,"featured_media":8276,"comment_status":"open","ping_status":"open","sticky":false,"template":"","format":"standard","meta":[],"categories":[2],"tags":[149,164,242,263,279,706,801,985,988,1018,1132],"_links":{"self":[{"href":"https:\/\/projetocineb.com.br\/index.php?rest_route=\/wp\/v2\/posts\/8271"}],"collection":[{"href":"https:\/\/projetocineb.com.br\/index.php?rest_route=\/wp\/v2\/posts"}],"about":[{"href":"https:\/\/projetocineb.com.br\/index.php?rest_route=\/wp\/v2\/types\/post"}],"author":[{"embeddable":true,"href":"https:\/\/projetocineb.com.br\/index.php?rest_route=\/wp\/v2\/users\/2"}],"replies":[{"embeddable":true,"href":"https:\/\/projetocineb.com.br\/index.php?rest_route=%2Fwp%2Fv2%2Fcomments&post=8271"}],"version-history":[{"count":0,"href":"https:\/\/projetocineb.com.br\/index.php?rest_route=\/wp\/v2\/posts\/8271\/revisions"}],"wp:featuredmedia":[{"embeddable":true,"href":"https:\/\/projetocineb.com.br\/index.php?rest_route=\/wp\/v2\/media\/8276"}],"wp:attachment":[{"href":"https:\/\/projetocineb.com.br\/index.php?rest_route=%2Fwp%2Fv2%2Fmedia&parent=8271"}],"wp:term":[{"taxonomy":"category","embeddable":true,"href":"https:\/\/projetocineb.com.br\/index.php?rest_route=%2Fwp%2Fv2%2Fcategories&post=8271"},{"taxonomy":"post_tag","embeddable":true,"href":"https:\/\/projetocineb.com.br\/index.php?rest_route=%2Fwp%2Fv2%2Ftags&post=8271"}],"curies":[{"name":"wp","href":"https:\/\/api.w.org\/{rel}","templated":true}]}}