{"id":8335,"date":"2015-12-06T23:36:16","date_gmt":"2015-12-07T01:36:16","guid":{"rendered":"http:\/\/projetocineb.com.br\/?p=8335"},"modified":"2015-12-06T23:36:16","modified_gmt":"2015-12-07T01:36:16","slug":"que-horas-ela-volta-estreia-no-cineb","status":"publish","type":"post","link":"https:\/\/projetocineb.com.br\/?p=8335","title":{"rendered":"Que horas ela volta? estreia no CINEB"},"content":{"rendered":"<p style=\"text-align: right;\"><strong>Texto e fotos por Carlos Rizzo<\/strong><\/p>\n<p style=\"text-align: center;\"><em>Um dos filmes de maior sucesso em 2015 estreou no CINEB. <\/em>Que horas ela volta?<em>, que continua em cartaz e \u00e9 o indicado brasileiro para concorrer ao Oscar teve estreia no \u00faltimo s\u00e1bado, 5 de dezembro, no Procedu, que fica no bairro Uni\u00e3o de Vila Nova, Zona Leste de S\u00e3o Paulo<\/em><\/p>\n<p>Pela segunda vez no ano, os moradores do bairro Uni\u00e3o de Vila Nova, que fica na Zona Leste de S\u00e3o Paulo, receberam uma sess\u00e3o do CINEB. E dessa vez foi por um motivo bem especial: o Projeto Cultural e Educacional Novo Pantanal (Procedu) foi o local escolhido para a estreia do filme <em>Que horas ela volta?<\/em> no CINEB. O mais recente filme da diretora Anna Muylaert \u00e9 o indicado brasileiro para concorrer ao Oscar, uma das mais importantes premia\u00e7\u00f5es do cinema mundial.<\/p>\n<figure id=\"attachment_8337\" aria-describedby=\"caption-attachment-8337\" style=\"width: 334px\" class=\"wp-caption aligncenter\"><a href=\"http:\/\/projetocineb.com.br\/wp-content\/uploads\/2015\/12\/DSC_1045.jpg\"><img fetchpriority=\"high\" decoding=\"async\" class=\" wp-image-8337     \" title=\"DSC_1045\" src=\"http:\/\/projetocineb.com.br\/wp-content\/uploads\/2015\/12\/DSC_1045.jpg\" alt=\"\" width=\"334\" height=\"221\" \/><\/a><figcaption id=\"caption-attachment-8337\" class=\"wp-caption-text\">Muitas fam\u00edlias marcaram presen\u00e7a na sess\u00e3o.<\/figcaption><\/figure>\n<p>O filme conta a hist\u00f3ria da empregada dom\u00e9stica Val, que deixou a filha no interior de Pernambuco para passar 13 anos como bab\u00e1 do menino Fabinho em S\u00e3o Paulo. Val tem estabilidade financeira mas convive com a culpa por n\u00e3o ter criado sua filha J\u00e9ssica. \u00c0s v\u00e9speras do vestibular do menino, no entanto, ela recebe um telefonema da filha que parece ser sua segunda chance. J\u00e9ssica quer apoio para vir a S\u00e3o Paulo prestar vestibular. Com alegria e ao mesmo tempo apreens\u00e3o, Val prepara a t\u00e3o sonhada vinda da filha.<\/p>\n<figure id=\"attachment_8338\" aria-describedby=\"caption-attachment-8338\" style=\"width: 334px\" class=\"wp-caption aligncenter\"><a href=\"http:\/\/projetocineb.com.br\/wp-content\/uploads\/2015\/12\/DSC_1040.jpg\"><img decoding=\"async\" class=\" wp-image-8338     \" title=\"DSC_1040\" src=\"http:\/\/projetocineb.com.br\/wp-content\/uploads\/2015\/12\/DSC_1040.jpg\" alt=\"\" width=\"334\" height=\"221\" \/><\/a><figcaption id=\"caption-attachment-8338\" class=\"wp-caption-text\">Antes da sess\u00e3o foram distribu\u00eddos brindes<\/figcaption><\/figure>\n<figure id=\"attachment_8339\" aria-describedby=\"caption-attachment-8339\" style=\"width: 330px\" class=\"wp-caption aligncenter\"><a href=\"http:\/\/projetocineb.com.br\/wp-content\/uploads\/2015\/12\/DSC_1018.jpg\"><img decoding=\"async\" class=\" wp-image-8339      \" title=\"DSC_1018\" src=\"http:\/\/projetocineb.com.br\/wp-content\/uploads\/2015\/12\/DSC_1018.jpg\" alt=\"\" width=\"330\" height=\"222\" \/><\/a><figcaption id=\"caption-attachment-8339\" class=\"wp-caption-text\">E n\u00e3o pode faltar a deliciosa pipoca do se Antonio, saboreada por crian\u00e7as e adultos<\/figcaption><\/figure>\n<p><em><\/em>A paulistana Anna Muylaert conhece o CINEB h\u00e1 tempos e liberou o filme para o projeto concomitantemente \u00e0 exibi\u00e7\u00e3o comercial nos cinemas da capital. O filme tem feito muito sucesso por onde passa, recebendo elogios da cr\u00edtica e do p\u00fablico e gerado muita pol\u00eamica na m\u00eddia por conta da rela\u00e7\u00e3o entre a empregada Val, sua filha e a fam\u00edlia que a emprega. Antes do longa, foi exibido o curta-metragem <em>Vendedores Ambulantes \u2013 Gambiarra Ac\u00fastica <\/em>de Deborah Pavani e Jeferson Santos.<\/p>\n<figure id=\"attachment_8340\" aria-describedby=\"caption-attachment-8340\" style=\"width: 311px\" class=\"wp-caption aligncenter\"><a href=\"http:\/\/projetocineb.com.br\/wp-content\/uploads\/2015\/12\/DSC_1079.jpg\"><img loading=\"lazy\" decoding=\"async\" class=\" wp-image-8340      \" title=\"DSC_1079\" src=\"http:\/\/projetocineb.com.br\/wp-content\/uploads\/2015\/12\/DSC_1079.jpg\" alt=\"\" width=\"311\" height=\"206\" \/><\/a><figcaption id=\"caption-attachment-8340\" class=\"wp-caption-text\">Abertura oficial contou com a presen\u00e7a de Z\u00e9 Mario, funcion\u00e1rio do Sindicato e morador do bairro, Cid\u00e1lio, coordenador do CINEB, Marcelo, diretor de Cultura do Sindicato, Aline e Naiane, funcion\u00e1rias do Procedu<\/figcaption><\/figure>\n<p>Foi a quinta vez que o CINEB realizou uma sess\u00e3o na entidade, que \u00e9 uma grande refer\u00eancia na regi\u00e3o pois desenvolve diversas atividades com crian\u00e7as, fam\u00edlias e idosos na \u00e1rea de educa\u00e7\u00e3o, servi\u00e7o social e cultura. Na \u00faltima vez em que esteve no bairro, o CINEB levou o filme <em>Rio 2<\/em>. Para Aline Cabral da Silva, gerente do Servi\u00e7o de Assist\u00eancia Social \u00e0 Fam\u00edlia (SASF), oferecer cinema itinerante \u00e0 popula\u00e7\u00e3o do local por meio do CINEB \u00e9 uma oportunidade de entretenimento, lazer e cultura. \u201c\u00c9 um momento que a fam\u00edlia tem para se reunir e se divertir, e para al\u00e9m disso, \u00e9 o fortalecimento de v\u00ednculo das fam\u00edlias\u201d, avalia.<\/p>\n<figure id=\"attachment_8341\" aria-describedby=\"caption-attachment-8341\" style=\"width: 363px\" class=\"wp-caption aligncenter\"><a href=\"http:\/\/projetocineb.com.br\/wp-content\/uploads\/2015\/12\/DSC_1075.jpg\"><img loading=\"lazy\" decoding=\"async\" class=\" wp-image-8341     \" title=\"DSC_1075\" src=\"http:\/\/projetocineb.com.br\/wp-content\/uploads\/2015\/12\/DSC_1075.jpg\" alt=\"\" width=\"363\" height=\"241\" \/><\/a><figcaption id=\"caption-attachment-8341\" class=\"wp-caption-text\">A sess\u00e3o foi registrada pela equipe de v\u00eddeo do Sindicato dos Banc\u00e1rios.<\/figcaption><\/figure>\n<p>Segundo Naiane Souza Teixeira, diretora de creche, o CINEB \u00e9 uma oportunidade \u00fanica de inclus\u00e3o cultural. \u201cAs fam\u00edlias normalmente n\u00e3o tem oportunidade de ir ao cinema e est\u00e3o tendo uma chance de ver um filme que ainda est\u00e1 em cartaz e que muita gente n\u00e3o assistiria por conta das quest\u00f5es financeiras. Por isso o CINEB e o Sindicato dos Banc\u00e1rios est\u00e3o de parab\u00e9ns\u201d, revela.<\/p>\n<figure id=\"attachment_8342\" aria-describedby=\"caption-attachment-8342\" style=\"width: 350px\" class=\"wp-caption aligncenter\"><a href=\"http:\/\/projetocineb.com.br\/wp-content\/uploads\/2015\/12\/DSC_1110.jpg\"><img loading=\"lazy\" decoding=\"async\" class=\" wp-image-8342      \" title=\"DSC_1110\" src=\"http:\/\/projetocineb.com.br\/wp-content\/uploads\/2015\/12\/DSC_1110.jpg\" alt=\"\" width=\"350\" height=\"232\" \/><\/a><figcaption id=\"caption-attachment-8342\" class=\"wp-caption-text\">Ana Am\u00e9lia acompanhada da sobrinha e da filha<\/figcaption><\/figure>\n<p>Cerca de 100 pessoas acompanharam a sess\u00e3o. Entre elas, Ana Am\u00e9lia, de 37 anos, que pisou pela primeira vez numa sess\u00e3o de cinema. Estava acompanhada da filha Milena e da sobrinha Bruna Alves ambas com seis anos. Ela conta que nunca teve oportunidade de ir ao cinema porque toda a vida ela e o marido trabalharam muito. Mas agora quer usufruir de mais lazer. \u201cAdorei o filme. Quero ir mais com minha filha\u201d, sentenciou. Dona Maria de Lourdes, de 70 anos, era outra estreante numa sess\u00e3o de cinema. \u201cAqui \u00e9 perto, por isso eu vim\u201d, confessou.<\/p>\n<figure id=\"attachment_8343\" aria-describedby=\"caption-attachment-8343\" style=\"width: 346px\" class=\"wp-caption aligncenter\"><a href=\"http:\/\/projetocineb.com.br\/wp-content\/uploads\/2015\/12\/DSC_1091.jpg\"><img loading=\"lazy\" decoding=\"async\" class=\" wp-image-8343    \" title=\"DSC_1091\" src=\"http:\/\/projetocineb.com.br\/wp-content\/uploads\/2015\/12\/DSC_1091.jpg\" alt=\"\" width=\"346\" height=\"230\" \/><\/a><figcaption id=\"caption-attachment-8343\" class=\"wp-caption-text\">Mesmo no escurinho, as crian\u00e7as n\u00e3o perderam a oportunidade para se divertir<\/figcaption><\/figure>\n<p>Para Marcelo Gon\u00e7alves, diretor de Cultura do Sindicato dos Banc\u00e1rios de S\u00e3o Paulo, Osasco e Regi\u00e3o, ao levar um filme como <em>Que horas ela volta?<\/em> ao bairro Uni\u00e3o da Vila Nova, o CINEB cumpre seu papel de democratizar o acesso ao cinema. \u201c\u00c9 muito bonito esse lado do projeto, porque a gente vai para regi\u00f5es distantes da cidade, conversa com moradores, \u00e9 bem recebido pela comunidade. \u00c9 muito gratificante poder ajudar a divulgar a cultura e o cinema brasileiro\u201d, revela. Durante a sess\u00e3o, Cid\u00e1lio Vieira Santos distribui diversos brindes, como CDs, agendas e camisetas.<\/p>\n<figure id=\"attachment_8344\" aria-describedby=\"caption-attachment-8344\" style=\"width: 306px\" class=\"wp-caption aligncenter\"><a href=\"http:\/\/projetocineb.com.br\/wp-content\/uploads\/2015\/12\/Montagem_camisetas.jpg\"><img loading=\"lazy\" decoding=\"async\" class=\" wp-image-8344    \" title=\"Montagem_camisetas\" src=\"http:\/\/projetocineb.com.br\/wp-content\/uploads\/2015\/12\/Montagem_camisetas.jpg\" alt=\"\" width=\"306\" height=\"306\" \/><\/a><figcaption id=\"caption-attachment-8344\" class=\"wp-caption-text\">E no final, ocorreu o tradicional sorteio de camisetas<\/figcaption><\/figure>\n<p style=\"text-align: center;\"><a href=\"https:\/\/flic.kr\/s\/aHskpRw67D\" target=\"_blank\">CLIQUE AQUI PARA VER MAIS FOTOS DA SESS\u00c3O<\/a><\/p>\n<p><em>&#8212;<br \/>\n<\/em><\/p>\n<p>O CINEB \u00e9 um circuito itinerante de cinema realizado pelo Sindicato dos Banc\u00e1rios de S\u00e3o Paulo, Osasco e Regi\u00e3o e pela Brazucah Produ\u00e7\u00f5es. Desde 2007, o j\u00e1 atingiu um p\u00fablico superior a 50 mil espectadores em quase 400 sess\u00f5es gratuitas realizadas em comunidades e universidades de S\u00e3o Paulo. A iniciativa busca democratizar o acesso ao cinema nacional e divulgar os filmes produzidos no Brasil. J\u00e1 foram exibidos na tela do CINEB mais de 75 longas-metragens e 50 curtas-metragens, al\u00e9m da realiza\u00e7\u00e3o de pr\u00e9-estreias exclusivas<em>.<\/em><\/p>\n","protected":false},"excerpt":{"rendered":"<p>Texto e fotos por Carlos Rizzo Um dos filmes de maior sucesso em 2015 estreou no CINEB. Que horas ela[&#8230;]<\/p>\n","protected":false},"author":2,"featured_media":8336,"comment_status":"open","ping_status":"open","sticky":false,"template":"","format":"standard","meta":[],"categories":[2],"tags":[237,242,260,263,279,462,544,603,900,996,1009,1018,1131],"_links":{"self":[{"href":"https:\/\/projetocineb.com.br\/index.php?rest_route=\/wp\/v2\/posts\/8335"}],"collection":[{"href":"https:\/\/projetocineb.com.br\/index.php?rest_route=\/wp\/v2\/posts"}],"about":[{"href":"https:\/\/projetocineb.com.br\/index.php?rest_route=\/wp\/v2\/types\/post"}],"author":[{"embeddable":true,"href":"https:\/\/projetocineb.com.br\/index.php?rest_route=\/wp\/v2\/users\/2"}],"replies":[{"embeddable":true,"href":"https:\/\/projetocineb.com.br\/index.php?rest_route=%2Fwp%2Fv2%2Fcomments&post=8335"}],"version-history":[{"count":0,"href":"https:\/\/projetocineb.com.br\/index.php?rest_route=\/wp\/v2\/posts\/8335\/revisions"}],"wp:featuredmedia":[{"embeddable":true,"href":"https:\/\/projetocineb.com.br\/index.php?rest_route=\/wp\/v2\/media\/8336"}],"wp:attachment":[{"href":"https:\/\/projetocineb.com.br\/index.php?rest_route=%2Fwp%2Fv2%2Fmedia&parent=8335"}],"wp:term":[{"taxonomy":"category","embeddable":true,"href":"https:\/\/projetocineb.com.br\/index.php?rest_route=%2Fwp%2Fv2%2Fcategories&post=8335"},{"taxonomy":"post_tag","embeddable":true,"href":"https:\/\/projetocineb.com.br\/index.php?rest_route=%2Fwp%2Fv2%2Ftags&post=8335"}],"curies":[{"name":"wp","href":"https:\/\/api.w.org\/{rel}","templated":true}]}}