{"id":8385,"date":"2016-04-11T14:13:30","date_gmt":"2016-04-11T17:13:30","guid":{"rendered":"http:\/\/projetocineb.com.br\/?p=8385"},"modified":"2016-04-11T14:13:30","modified_gmt":"2016-04-11T17:13:30","slug":"cineb-comeca-temporada-com-exibicao-de-curtas-metragens-na-praca-do-patriarca","status":"publish","type":"post","link":"https:\/\/projetocineb.com.br\/?p=8385","title":{"rendered":"CINEB come\u00e7a\u00a0temporada com exibi\u00e7\u00e3o de curtas-metragens\u00a0na Pra\u00e7a do Patriarca"},"content":{"rendered":"<p style=\"text-align: center;\"><em>Projeto que leva cinema brasileiro para bairros de S\u00e3o Paulo, Osasco e regi\u00e3o exibir\u00e1 os filmes O segredo dos diamantes e Betinho &#8211; Esperan\u00e7a equilibrista, com presen\u00e7a do diretor do filme<\/em><\/p>\n<p>O projeto CINEB, que h\u00e1 9 anos promove sess\u00f5es gratuitas de filmes nacionais em comunidades da capital paulista e Grande S\u00e3o Paulo, estreia nova temporada de longas-metragens com a exibi\u00e7\u00e3o do filme <em>O Segredo dos Diamantes<\/em> e o document\u00e1rio <em>Betinho a Esperan\u00e7a equilibrista<\/em> do diretor Victor Lopes, que estar\u00e1 presente na sess\u00e3o.<br \/>\n&#8220;N\u00f3s levamos toda a infraestrutura para montar nossa sala de cinema, que contempla tel\u00e3o, som, cadeiras, projetor, material de divulga\u00e7\u00e3o e um pipoqueiro. Desta forma, o CINEB tem ajudado a democratizar o acesso \u00e0 produ\u00e7\u00e3o audiovisual nacional, especialmente nas regi\u00f5es mais carentes da cidade&#8221;, diz Cid\u00e1lio Vieira Santos, coordenador do projeto.<br \/>\nA primeira sess\u00e3o do document\u00e1rio acontece no dia 20 de abril, na regional Paulista do Sindicato dos Banc\u00e1rios. J\u00e1 no dia 23 de abril, iniciaremos as exibi\u00e7\u00f5es do filme <em>O Segredo dos Diamantes<\/em> em diversos bairros de S\u00e3o Paulo.<\/p>\n<p>93 ANOS DE SINDICATO DOS BANC\u00c1RIOS<br \/>\nO CINEB tamb\u00e9m estar\u00e1 presente nos 93 anos do Sindicato dos Banc\u00e1rios de S\u00e3o Paulo Osasco e Regi\u00e3o. Estar\u00e1 no palco da A\u00e7\u00e3o Social do Sindicato, onde iremos exibir curtas metragens do projeto, promover debates e muita pipoca, tudo ao ar livre, do dia 11 ao dia 15 de abril, na Pra\u00e7a do Patriarca (Centro de SP).<\/p>\n<p><a href=\"http:\/\/www.spbancarios.com.br\/Noticias.aspx?id=14504\" target=\"_blank\">Clique para ver todas as informa\u00e7\u00f5es sobre a sess\u00e3o dos curtas na Pra\u00e7a do Patriarca<\/a>.<\/p>\n<p>&nbsp;<\/p>\n<p><strong>SERVI\u00c7O<\/strong><br \/>\n<strong>CINEMA BRASILEIRO NA REGIONAL PAULISTA<\/strong><br \/>\nFILME: BETINHO-A ESPERAN\u00c7A EQUILIBRISTA<br \/>\nDIA:\u00a0 20\u00a0 DE ABRIL- QUARTA-FEIRA\u00a0 \u2013 19H<br \/>\nLOCAL: Regional Paulista do Sindicato dos Banc\u00e1rios<br \/>\nENDERE\u00c7O: Rua Carlos Sampaio,305<br \/>\nPONTO DE REFER\u00caNCIA: &#8211; Pr\u00f3ximo metr\u00f4 Brigadeiro<br \/>\nRETIRADA DE CONVITES: na Regional e no e-mail : producaocineb@brazucah.com.br<\/p>\n<p><strong>CINEMA BRASILEIRO NO RIO PEQUENO<\/strong><br \/>\nFILME: O SEGREDO DOS DIAMANTES<br \/>\nCURTA: MEU AMIGO NIETZSCHE<br \/>\nDIA:\u00a0 23\u00a0 DE ABRIL- S\u00c1BADO\u00a0 \u2013 19H<br \/>\nLOCAL: INSTITUTO PARED\u00c3O<br \/>\nENDERE\u00c7O: avenida pujais sabate, s\/n (quadra de esportes)<br \/>\nRETIRADA DE CONVITES:<br \/>\n1 &#8211; Bar da Jeane\u2028Rua Raul Soares, 36 Rio Pequeno\u20282 &#8211; Mercadinho do Vale ( Falar com Cris)\u2028Av. Rio Pequeno, 827\u2028Rio Pequeno<br \/>\nINFORMA\u00c7\u00d5ES: e-mail : producaocineb@brazucah.com.br<\/p>\n<p><strong>CINEMA BRASILEIRO NO ITAIM PAULISTA<\/strong><br \/>\nFILME: O SEGREDO DOS DIAMANTES<br \/>\nCURTA: MEU AMIGO NIETZSCHE<br \/>\nDIA:\u00a0 27\u00a0 DE ABRIL- QUARTA-FEIRA\u00a0 \u2013 19H<br \/>\nLOCAL: CASA DE CULTURA DO ITAIM PAULISTA<br \/>\nENDERE\u00c7O: Rua Bar\u00e3o de Alagoas, 340 \u2013 Itaim Paulista<br \/>\nPONTO DE REFER\u00caNCIA: Pra\u00e7a Silva Teles \u2013 Esta\u00e7\u00e3o da CPTM Itaim Paulista<br \/>\nRETIRADA DE CONVITES: Emerson Ou Marsen<br \/>\nINFORMA\u00c7\u00d5ES: e-mail : producaocineb@brazucah.com.br<\/p>\n<p><strong>CINEMA BRASILEIRO NO JARDIM ANGELA<\/strong><br \/>\nFILME: O SEGREDO DOS DIAMANTES<br \/>\nCURTA: MEU AMIGO NIETZSCHE<br \/>\nDIA:\u00a0 30\u00a0 DE ABRIL- S\u00c1BADO\u00a0 \u2013 19H<br \/>\nLOCAL: No Sal\u00e3o da Par\u00f3quia Santos M\u00e1rtires<br \/>\nENDERE\u00c7O: Rua Luis Baldinato,09 \u2013 Jd Angela<br \/>\nRETIRADA DE CONVITES: na secretaria da igreja<br \/>\nINFORMA\u00c7\u00d5ES: e-mail : producaocineb@brazucah.com.br<\/p>\n<p><strong>CINEMA BRASILEIRO NA VILA RICA<\/strong><br \/>\nFILME: O SEGREDO DOS DIAMANTES<br \/>\nCURTA: MEU AMIGO NIETZSCHE<br \/>\nDIA: 06 \u00a0 DE MAIO- SEXTA-FEIRA\u00a0 \u2013 19H<br \/>\nLOCAL: ASSOCIA\u00c7\u00c3O DOS MORADORES DA VL RICA<br \/>\nENDERE\u00c7O: Rua Jo\u00e3o Batista Lima, 47<br \/>\nPONTO DE REFER\u00caNCIA: Pr\u00f3ximo Av Inconfid\u00eancia Mineira<br \/>\nRETIRADA DE CONVITES: Bia ou Alice- 996973086- vivo ou 984956206-tim<br \/>\nINFORMA\u00c7\u00d5ES: e-mail : producaocineb@brazucah.com.br<\/p>\n<p><strong>CINEMA BRASILEIRO NO JD FONTALIS<\/strong><br \/>\nFILME: O SEGREDO DOS DIAMANTES<br \/>\nCURTA: MEU AMIGO NIETZSCHE<br \/>\nDIA: 14 \u00a0 DE maio &#8211;\u00a0 s\u00e1bado\u00a0 \u2013 19H<br \/>\nLOCAL: PAR\u00d3QUIA NATIVIDADE DO SENHOR<br \/>\nENDERE\u00c7O: Rua Augusta Rodrigues, 285 \u2013 Jardim Fontalis (zona norte<br \/>\nPONTO DE REFER\u00caNCIA: altura do n\u00famero 1600 da Av. Ushichiksi Kamia<br \/>\nRETIRADA DE CONVITES: na secretaria da Par\u00f3quia (falar com Sandra ou Loreni, 7:30 \u2013 12hs ou 14hs- 18:30hs)- 2995-7428<br \/>\nINFORMA\u00c7\u00d5ES: e-mail : producaocineb@brazucah.com.br<\/p>\n","protected":false},"excerpt":{"rendered":"<p>Projeto que leva cinema brasileiro para bairros de S\u00e3o Paulo, Osasco e regi\u00e3o exibir\u00e1 os filmes O segredo dos diamantes[&#8230;]<\/p>\n","protected":false},"author":2,"featured_media":8388,"comment_status":"open","ping_status":"open","sticky":false,"template":"","format":"standard","meta":[],"categories":[2],"tags":[99,252,263,275,651,668,679,1064,1095,1132,1229],"_links":{"self":[{"href":"https:\/\/projetocineb.com.br\/index.php?rest_route=\/wp\/v2\/posts\/8385"}],"collection":[{"href":"https:\/\/projetocineb.com.br\/index.php?rest_route=\/wp\/v2\/posts"}],"about":[{"href":"https:\/\/projetocineb.com.br\/index.php?rest_route=\/wp\/v2\/types\/post"}],"author":[{"embeddable":true,"href":"https:\/\/projetocineb.com.br\/index.php?rest_route=\/wp\/v2\/users\/2"}],"replies":[{"embeddable":true,"href":"https:\/\/projetocineb.com.br\/index.php?rest_route=%2Fwp%2Fv2%2Fcomments&post=8385"}],"version-history":[{"count":0,"href":"https:\/\/projetocineb.com.br\/index.php?rest_route=\/wp\/v2\/posts\/8385\/revisions"}],"wp:featuredmedia":[{"embeddable":true,"href":"https:\/\/projetocineb.com.br\/index.php?rest_route=\/wp\/v2\/media\/8388"}],"wp:attachment":[{"href":"https:\/\/projetocineb.com.br\/index.php?rest_route=%2Fwp%2Fv2%2Fmedia&parent=8385"}],"wp:term":[{"taxonomy":"category","embeddable":true,"href":"https:\/\/projetocineb.com.br\/index.php?rest_route=%2Fwp%2Fv2%2Fcategories&post=8385"},{"taxonomy":"post_tag","embeddable":true,"href":"https:\/\/projetocineb.com.br\/index.php?rest_route=%2Fwp%2Fv2%2Ftags&post=8385"}],"curies":[{"name":"wp","href":"https:\/\/api.w.org\/{rel}","templated":true}]}}