{"id":8393,"date":"2016-04-12T08:15:32","date_gmt":"2016-04-12T11:15:32","guid":{"rendered":"http:\/\/projetocineb.com.br\/?p=8393"},"modified":"2016-04-12T08:15:32","modified_gmt":"2016-04-12T11:15:32","slug":"sindicato-dos-bancarios-de-sao-paulo-completa-93-anos-em-abril","status":"publish","type":"post","link":"https:\/\/projetocineb.com.br\/?p=8393","title":{"rendered":"Sindicato dos Banc\u00e1rios de S\u00e3o Paulo completa 93 anos em abril"},"content":{"rendered":"<p style=\"text-align: center;\"><em>Confira a programa\u00e7\u00e3o que acontecer\u00e1 a semana toda, na Pra\u00e7a do Patriarca.<\/em><\/p>\n<p>Uma das entidades mais representativas e atuantes no pa\u00eds completa 93 anos este m\u00eas. A partir de hoje (11), come\u00e7a uma programa\u00e7\u00e3o especial que faz parte do calend\u00e1rio de comemora\u00e7\u00f5es (veja lista completa abaixo) dos 93 anos do Sindicato dos Banc\u00e1rios de S\u00e3o Paulo, Osasco e Regi\u00e3o.<\/p>\n<p>Al\u00e9m de eventos exclusivos para os banc\u00e1rios sindicalizados, haver\u00e1 atividade durante toda a semana (de 11 a 15 de abril) na Pra\u00e7a do Patriarca, no centro da cidade de S\u00e3o Paulo.<\/p>\n<p><strong>SINDICATO CIDAD\u00c3O<\/strong><\/p>\n<p>Atuar em v\u00e1rias \u00e1reas para melhorar a qualidade de vida das pessoas e para tornar a sociedade mais justa e igualit\u00e1ria. Essa \u00e9 a miss\u00e3o do Sindicato quando apoia iniciativas como a Funda\u00e7\u00e3o Projeto Travessia, que atua para resgatar crian\u00e7as e adolescentes em situa\u00e7\u00e3o de rua; quando ajuda em a\u00e7\u00f5es de solidariedade do Comit\u00ea Betinho; e quando leva, de forma gratuita, o cinema nacional a bairros perif\u00e9ricos por meio do CineB, projeto desenvolvido em parceria com a Brazucah Produ\u00e7\u00f5es.<\/p>\n<p>&nbsp;<\/p>\n<p><strong>PROGRAMA\u00c7\u00c3O NA PRA\u00c7A DO PATRIARCA <\/strong><\/p>\n<p>De 11 a 15\/04, das 10h \u00e0s 18h, tendas com servi\u00e7os de preven\u00e7\u00e3o \u00e0 sa\u00fade, troca de livros, sess\u00f5es do CineB, e um palco para eventos culturais e sociais para a popula\u00e7\u00e3o. O bolo comemorativo ser\u00e1 em 15 de abril, \u00e0s 14h.<\/p>\n<p><strong>Shows:<\/strong><\/p>\n<p><strong>Segunda<\/strong> (11) \u00e0s 13h grupo Sinh\u00e1 Fl\u00f4 e \u00e0s 16h grupo Mistura Popular;<\/p>\n<p><strong>Ter\u00e7a<\/strong> (12), \u00e0s 13h cantora Karina Carla, \u00e0s 15h Debora Kikuti (contadora de hist\u00f3rias) e \u00e0s 16h Fl\u00e1vio Assis (Mosaico de ritmos afro-brasileiros);<\/p>\n<p><strong>Quarta<\/strong> (13) \u2013 \u00e0s 15h e 17h Elaine Dauzcuck (contadora de hist\u00f3rias), \u00e0s 16h Ren\u00ea Sobral e \u00e0s 19h aula p\u00fablica (professor Lincoln Secco, professor em Hist\u00f3ria da USP, para debater \u201cA Democracia Racionada\u201d);<\/p>\n<p><strong>Quinta<\/strong> (14) \u2013 \u00c0s 13h grupo Renato e a Turma da Colina (Tributo a Renato Russo), \u00e0s 15h30 e 17h contadora de hist\u00f3ria (Elaine Dauzcuck), \u00e0s 16h30 Cas\u00e9 e banda;<\/p>\n<p><strong>Sexta<\/strong> (15) \u2013 \u00c0s 13h grupo Picanha de Chernobill; \u00e0s 16h cantora Priscila Corr\u00eaa (samba).<\/p>\n","protected":false},"excerpt":{"rendered":"<p>Confira a programa\u00e7\u00e3o que acontecer\u00e1 a semana toda, na Pra\u00e7a do Patriarca. Uma das entidades mais representativas e atuantes no[&#8230;]<\/p>\n","protected":false},"author":2,"featured_media":8536,"comment_status":"open","ping_status":"open","sticky":false,"template":"","format":"standard","meta":[],"categories":[2],"tags":[27,252,263,271,1003,1095,1132],"_links":{"self":[{"href":"https:\/\/projetocineb.com.br\/index.php?rest_route=\/wp\/v2\/posts\/8393"}],"collection":[{"href":"https:\/\/projetocineb.com.br\/index.php?rest_route=\/wp\/v2\/posts"}],"about":[{"href":"https:\/\/projetocineb.com.br\/index.php?rest_route=\/wp\/v2\/types\/post"}],"author":[{"embeddable":true,"href":"https:\/\/projetocineb.com.br\/index.php?rest_route=\/wp\/v2\/users\/2"}],"replies":[{"embeddable":true,"href":"https:\/\/projetocineb.com.br\/index.php?rest_route=%2Fwp%2Fv2%2Fcomments&post=8393"}],"version-history":[{"count":0,"href":"https:\/\/projetocineb.com.br\/index.php?rest_route=\/wp\/v2\/posts\/8393\/revisions"}],"wp:featuredmedia":[{"embeddable":true,"href":"https:\/\/projetocineb.com.br\/index.php?rest_route=\/wp\/v2\/media\/8536"}],"wp:attachment":[{"href":"https:\/\/projetocineb.com.br\/index.php?rest_route=%2Fwp%2Fv2%2Fmedia&parent=8393"}],"wp:term":[{"taxonomy":"category","embeddable":true,"href":"https:\/\/projetocineb.com.br\/index.php?rest_route=%2Fwp%2Fv2%2Fcategories&post=8393"},{"taxonomy":"post_tag","embeddable":true,"href":"https:\/\/projetocineb.com.br\/index.php?rest_route=%2Fwp%2Fv2%2Ftags&post=8393"}],"curies":[{"name":"wp","href":"https:\/\/api.w.org\/{rel}","templated":true}]}}