{"id":8409,"date":"2016-04-20T20:32:59","date_gmt":"2016-04-20T23:32:59","guid":{"rendered":"http:\/\/projetocineb.com.br\/?p=8409"},"modified":"2016-04-20T20:32:59","modified_gmt":"2016-04-20T23:32:59","slug":"cineb-exibe-os-filmes-o-segredo-dos-diamantes-e-betinho","status":"publish","type":"post","link":"https:\/\/projetocineb.com.br\/?p=8409","title":{"rendered":"CINEB exibe os filmes &#8220;O segredo dos diamantes&#8221; e &#8220;Betinho&#8221;"},"content":{"rendered":"<p style=\"text-align: center;\"><em>A primeira exibi\u00e7\u00e3o ser\u00e1 a pr\u00e9 estreia de &#8220;Betinho &#8211; A esperan\u00e7a equilibrista&#8221;, na Regional Paulista do Sindicato dos Banc\u00e1rios.<\/em><\/p>\n<p>O projeto CINEB, que h\u00e1 nove anos promove sess\u00f5es gratuitas de filmes nacionais, estreia nova temporada de longas-metragens com a exibi\u00e7\u00e3o dos filmes: &#8220;Betinho- A Esperan\u00e7a Equilibrista&#8221;, do diretor Victor Lopes,\u00a0que ser\u00e1 exibido somente nas universidades, em abril na FIAM-FAAM do Morumbi e, em maio, na UNISA SANTO AMARO. Teremos a arrecada\u00e7\u00e3o de 1 quilo de alimentos na entrada da sess\u00e3o, estes ser\u00e3o doados ao COMIT\u00ca BETINHO.<\/p>\n<p>O filme &#8220;O Segredo dos Diamantes&#8221;, do diretor Helvecio Ratton, entra em cartaz no CINEB com cinco exibi\u00e7\u00f5es que acontecem durante os meses de abril e maio pela cidade. As sess\u00f5es passar\u00e3o pelos bairros: Rio Pequeno-Zona Oeste, Itaim Paulista e Vila Rica- Zona Leste, Jardim Angela \u2013 Zona Sul, Jardim Fontalis- Zona Norte.<\/p>\n<figure id=\"attachment_8410\" aria-describedby=\"caption-attachment-8410\" style=\"width: 430px\" class=\"wp-caption aligncenter\"><a href=\"http:\/\/projetocineb.com.br\/wp-content\/uploads\/2016\/04\/15460265808_cc64c30eb4_b.jpg\"><img fetchpriority=\"high\" decoding=\"async\" class=\" wp-image-8410  \" title=\"15460265808_cc64c30eb4_b\" src=\"http:\/\/projetocineb.com.br\/wp-content\/uploads\/2016\/04\/15460265808_cc64c30eb4_b.jpg\" alt=\"\" width=\"430\" height=\"286\" \/><\/a><figcaption id=\"caption-attachment-8410\" class=\"wp-caption-text\">Cena do filme &quot;O segredo dos diamantes&quot;<\/figcaption><\/figure>\n<p>&#8220;N\u00f3s levamos toda a infraestrutura para montar nossa sala de cinema, que contempla tel\u00e3o, som, cadeiras, projetor, material de divulga\u00e7\u00e3o e um pipoqueiro que leva saquinhos personalizados do Projeto.Desta forma, o CINEB tem ajudado a democratizar o acesso \u00e0 produ\u00e7\u00e3o audiovisual nacional, especialmente nas regi\u00f5es mais carentes da cidade&#8221;, diz Cid\u00e1lio Vieira Santos, coordenador do projeto.<\/p>\n<p><strong>SOBRE OS FILMES<\/strong><\/p>\n<p>&#8220;Betinho \u2013 A Esperan\u00e7a Equilibrista&#8221;, \u00a0aborda a vida do soci\u00f3logo Hebert de Souza, conhecido como Betinho. Engajado politicamente desde sua adolesc\u00eancia, Betinho tamb\u00e9m foi um ativista. Sofreu as consequ\u00eancias da Ditadura Militar sendo exilidao, inclusive, foi homenageado na m\u00fasica &#8220;O B\u00eabado e o Equilibrista&#8221;, de Elis Regina. Antes da sua morte em 1997, o brasileiro iniciou campanhas contra a AIDS e a fome, al\u00e9m de fundar o IBASE, um instituto para pesquisas de a\u00e7\u00f5es governamentais.<\/p>\n<p>&#8220;O Segredo dos Diamantes&#8221; conta a hist\u00f3ria de \u00c2ngelo (Matheus Abreu), QUE chega \u00e0 casa da av\u00f3 (Manoelita Lustosa), no interior de Minas Gerais, ap\u00f3s passar por um imprevisto com os pais. A grande not\u00edcia das redondezas \u00e9 a descoberta de um pequeno ba\u00fa cheio de moedas e um manuscrito com um enigma, supostamente deixado por um padre que, 200 anos antes, teria escondido um punhado de diamantes. Decidido a encontr\u00e1-los para pagar a cara cirurgia que seu pai precisa fazer, \u00c2ngelo conta com a ajuda de seus amigos, Julia (Rachel Pimentel) e Carlinhos (Alberto Gouv\u00eaa).\u00a0 A classifica\u00e7\u00e3o indicativa do filme 10 anos.<\/p>\n<p>&#8220;O nosso sindicato \u00e9 um sindicato cidad\u00e3o. E o CINEB \u00e9 mais uma hist\u00f3ria de sucesso entre as nossas iniciativas. Por que levar cultura e lazer para a popula\u00e7\u00e3o ajuda a nos transformar em uma sociedade melhor e mais justa&#8221;, afirma Juvandia Moreira, presidenta do Sindicato dos Banc\u00e1rios de S\u00e3o Paulo, Osasco e regi\u00e3o.<\/p>\n<p>&nbsp;<\/p>\n<p><strong>SERVI\u00c7O<\/strong><\/p>\n<p><strong>REGIONAL PAULISTA<\/strong><\/p>\n<p>FILME: BETINHO-A ESPERAN\u00c7A EQUILIBRISTA<\/p>\n<p>DIA:\u00a0 20\u00a0 DE ABRIL- QUARTA-FEIRA\u00a0 \u2013 19H<\/p>\n<p>LOCAL: Regional Paulista do Sindicato dos Banc\u00e1rios<\/p>\n<p>ENDERE\u00c7O: Rua Carlos Sampaio,305<\/p>\n<p>PONTO DE REFER\u00caNCIA: &#8211; Pr\u00f3ximo metr\u00f4 Brigadeiro<\/p>\n<p>RETIRADA DE CONVITES: na Regional e no e-mail : producaocineb@brazucah.com.br<\/p>\n<p><strong>RIO PEQUENO<\/strong><\/p>\n<p>FILME: O SEGREDO DOS DIAMANTES<\/p>\n<p>CURTA: MEU AMIGO NIETZSCHE<\/p>\n<p>DIA:\u00a0 23\u00a0 DE ABRIL- S\u00c1BADO\u00a0 \u2013 19H<\/p>\n<p>LOCAL: INSTITUTO PARED\u00c3O<\/p>\n<p>ENDERE\u00c7O: avenida pujais sabate, s\/n (quadra de esportes)<\/p>\n<p>PONTO DE REFER\u00caNCIA:<\/p>\n<p>RETIRADA DE CONVITES:<\/p>\n<p>1 &#8211; Bar da Jeane<\/p>\n<p>Rua Raul Soares, 36 Rio Pequeno<\/p>\n<p>2 &#8211; Mercadinho do Vale ( Falar com Cris)<\/p>\n<p>Av. Rio Pequeno, 827<\/p>\n<p>Rio Pequeno<\/p>\n<p>INFORMA\u00c7\u00d5ES: e-mail : producaocineb@brazucah.com.br<\/p>\n<p><strong>ITAIM PAULISTA<\/strong><\/p>\n<p>FILME: O SEGREDO DOS DIAMANTES<\/p>\n<p>CURTA: MEU AMIGO NIETZSCHE<\/p>\n<p>DIA:\u00a0 27\u00a0 DE ABRIL- QUARTA-FEIRA\u00a0 \u2013 19H<\/p>\n<p>LOCAL: CASA DE CULTURA DO ITAIM PAULISTA<\/p>\n<p>ENDERE\u00c7O: Rua Bar\u00e3o de Alagoas, 340 \u2013 Itaim Paulista<\/p>\n<p>PONTO DE REFER\u00caNCIA: Pra\u00e7a Silva Teles \u2013 Esta\u00e7\u00e3o da CPTM Itaim Paulista<\/p>\n<p>RETIRADA DE CONVITES: Emerson Ou Marsen<\/p>\n<p>INFORMA\u00c7\u00d5ES: e-mail : producaocineb@brazucah.com.br<\/p>\n<p><strong>FIAM-FAAM<\/strong><\/p>\n<p>FILME: BETINHO-A ESPERAN\u00c7A EQUILIBRISTA<\/p>\n<p>DIA:\u00a0 28\u00a0 DE ABRIL- QUINTA-FEIRA\u00a0 \u2013 19H<\/p>\n<p>LOCAL: audit\u00f3rio do FIAM-FAAM do campus Morumbi<\/p>\n<p>ENDERE\u00c7O: avenida Morumbi 501<\/p>\n<p>RETIRADA DE CONVITES: com Professor Vicente Darde<\/p>\n<p>INFORMA\u00c7\u00d5ES: e-mail : producaocineb@brazucah.com.br<\/p>\n<p><strong>JARDIM ANGELA<\/strong><\/p>\n<p>FILME: O SEGREDO DOS DIAMANTES<\/p>\n<p>CURTA: MEU AMIGO NIETZSCHE<\/p>\n<p>DIA:\u00a0 30\u00a0 DE ABRIL- S\u00c1BADO\u00a0 \u2013 19H<\/p>\n<p>LOCAL: No Sal\u00e3o da Par\u00f3quia Santos M\u00e1rtires<\/p>\n<p>ENDERE\u00c7O: Rua Luis Baldinato,09 \u2013 Jd Angela<\/p>\n<p>RETIRADA DE CONVITES: na secretaria da igreja<\/p>\n<p>INFORMA\u00c7\u00d5ES: e-mail : producaocineb@brazucah.com.br<\/p>\n<p><strong>UNISA SANTO AMARO<\/strong><\/p>\n<p>FILME: BETINHO- A ESPERAN\u00c7A EQUILIBRISTA<\/p>\n<p>DIA: 04\u00a0\u00a0 DE MAIO- QUARTA-FEIRA\u00a0 \u2013 19H<\/p>\n<p>LOCAL: UNIVERSIDADE SANTO AMARO<\/p>\n<p>ENDERE\u00c7O: RUA ISABEL SCHMIDT , 349-SANTO AMARO<\/p>\n<p>PONTO DE REFER\u00caNCIA: Rua da Sta Casa<\/p>\n<p>RETIRADA DE CONVITES: Profa Lourdes e Profa Eiko<\/p>\n<p>INFORMA\u00c7\u00d5ES: e-mail : producaocineb@brazucah.com.br<\/p>\n<p><strong>VILA RICA<\/strong><\/p>\n<p>FILME: O SEGREDO DOS DIAMANTES<\/p>\n<p>CURTA: MEU AMIGO NIETZSCHE<\/p>\n<p>DIA: 06\u00a0\u00a0 DE MAIO- SEXTA-FEIRA\u00a0 \u2013 19H<\/p>\n<p>LOCAL: ASSOCIA\u00c7\u00c3O DOS MORADORES DA VL RICA<\/p>\n<p>ENDERE\u00c7O: Rua Jo\u00e3o Batista Lima, 47<\/p>\n<p>PONTO DE REFER\u00caNCIA: Pr\u00f3ximo Av Inconfid\u00eancia Mineira<\/p>\n<p>RETIRADA DE CONVITES: Bia ou Alice-<\/p>\n<p>INFORMA\u00c7\u00d5ES: e-mail : producaocineb@brazucah.com.br<\/p>\n<p><strong>JD FONTALIS<\/strong><\/p>\n<p>FILME: O SEGREDO DOS DIAMANTES<\/p>\n<p>CURTA: MEU AMIGO NIETZSCHE<\/p>\n<p>DIA: 14\u00a0\u00a0 DE maio &#8211;\u00a0 s\u00e1bado\u00a0 \u2013 19H<\/p>\n<p>LOCAL: PAR\u00d3QUIA NATIVIDADE DO SENHOR<\/p>\n<p>ENDERE\u00c7O: Rua Augusta Rodrigues, 285 \u2013 Jardim Fontalis (zona norte<\/p>\n<p>PONTO DE REFER\u00caNCIA: altura do n\u00famero 1600 da Av. Ushichiksi Kamia<\/p>\n<p>RETIRADA DE CONVITES: na secretaria da Par\u00f3quia (falar com Sandra ou Loreni, 7:30 \u2013 12hs ou 14hs- 18:30hs)-<\/p>\n<p>INFORMA\u00c7\u00d5ES: e-mail : producaocineb@brazucah.com.br<\/p>\n","protected":false},"excerpt":{"rendered":"<p>A primeira exibi\u00e7\u00e3o ser\u00e1 a pr\u00e9 estreia de &#8220;Betinho &#8211; A esperan\u00e7a equilibrista&#8221;, na Regional Paulista do Sindicato dos Banc\u00e1rios.[&#8230;]<\/p>\n","protected":false},"author":2,"featured_media":8411,"comment_status":"open","ping_status":"open","sticky":false,"template":"","format":"standard","meta":[],"categories":[2],"tags":[135,153,252,263,271,550,872,1049,1132],"_links":{"self":[{"href":"https:\/\/projetocineb.com.br\/index.php?rest_route=\/wp\/v2\/posts\/8409"}],"collection":[{"href":"https:\/\/projetocineb.com.br\/index.php?rest_route=\/wp\/v2\/posts"}],"about":[{"href":"https:\/\/projetocineb.com.br\/index.php?rest_route=\/wp\/v2\/types\/post"}],"author":[{"embeddable":true,"href":"https:\/\/projetocineb.com.br\/index.php?rest_route=\/wp\/v2\/users\/2"}],"replies":[{"embeddable":true,"href":"https:\/\/projetocineb.com.br\/index.php?rest_route=%2Fwp%2Fv2%2Fcomments&post=8409"}],"version-history":[{"count":0,"href":"https:\/\/projetocineb.com.br\/index.php?rest_route=\/wp\/v2\/posts\/8409\/revisions"}],"wp:featuredmedia":[{"embeddable":true,"href":"https:\/\/projetocineb.com.br\/index.php?rest_route=\/wp\/v2\/media\/8411"}],"wp:attachment":[{"href":"https:\/\/projetocineb.com.br\/index.php?rest_route=%2Fwp%2Fv2%2Fmedia&parent=8409"}],"wp:term":[{"taxonomy":"category","embeddable":true,"href":"https:\/\/projetocineb.com.br\/index.php?rest_route=%2Fwp%2Fv2%2Fcategories&post=8409"},{"taxonomy":"post_tag","embeddable":true,"href":"https:\/\/projetocineb.com.br\/index.php?rest_route=%2Fwp%2Fv2%2Ftags&post=8409"}],"curies":[{"name":"wp","href":"https:\/\/api.w.org\/{rel}","templated":true}]}}