{"id":8422,"date":"2016-04-28T15:07:38","date_gmt":"2016-04-28T18:07:38","guid":{"rendered":"http:\/\/projetocineb.com.br\/?p=8422"},"modified":"2016-04-28T15:07:38","modified_gmt":"2016-04-28T18:07:38","slug":"cineb-ao-ar-livre-no-rio-pequeno","status":"publish","type":"post","link":"https:\/\/projetocineb.com.br\/?p=8422","title":{"rendered":"CINEB ao ar livre no Rio Pequeno"},"content":{"rendered":"<p style=\"text-align: right;\"><strong>Texto: Carlos Rizzo<\/strong><\/p>\n<p style=\"text-align: center;\"><strong><\/strong><em>A quadra de esportes da ONG Instituto Pared\u00e3o, no Rio Pequeno, na Zona Oeste, virou um cinema ao ar livre no \u00faltimo s\u00e1bado, 23 de abril. Mais de 150 moradores puderam acompanhar o filme <\/em>O Segredo dos Diamantes,<em> de Helv\u00e9cio Ratton. O grupo de rap Ideologia Fatal, formado por moradores da regi\u00e3o, fizeram uma empolgante apresenta\u00e7\u00e3o antes da sess\u00e3o.<\/em><\/p>\n<p>A noite agrad\u00e1vel e estrelada teve papel importante na estreia da temporada do CINEB nas comunidades de S\u00e3o Paulo, no \u00faltimo s\u00e1bado, dia 23 de abril. Foi mais um atrativo para os moradores do Jardim Ivana, no Rio Pequeno, Zona Oeste, lotarem a quadra de esportes do Instituto Pared\u00e3o para acompanhar, pela primeira vez, uma sess\u00e3o do CINEB.<\/p>\n<figure id=\"attachment_8430\" aria-describedby=\"caption-attachment-8430\" style=\"width: 1280px\" class=\"wp-caption aligncenter\"><a href=\"http:\/\/projetocineb.com.br\/wp-content\/uploads\/2016\/04\/IMG-20160424-WA0011.jpg\"><img fetchpriority=\"high\" decoding=\"async\" class=\"size-full wp-image-8430\" title=\"IMG-20160424-WA0011\" src=\"http:\/\/projetocineb.com.br\/wp-content\/uploads\/2016\/04\/IMG-20160424-WA0011.jpg\" alt=\"\" width=\"1280\" height=\"853\" \/><\/a><figcaption id=\"caption-attachment-8430\" class=\"wp-caption-text\">P\u00fablico se divertiu com o curta metragem Meu Amigo Nietzsche. Foto: Jailton Garcia.<\/figcaption><\/figure>\n<p>Na programa\u00e7\u00e3o, o curta metragem <em>Meu amigo Nietzsche<\/em>, de F\u00e1uston da Silva e o longa <em>O Segredo dos Diamantes<\/em>, de Helv\u00e9tio Ratton, uma aventura infantojuvenil. Vencedor do Festival de Cinema de Gramado de 2014 pelo j\u00fari popular, o filme narra a hist\u00f3ria de Angelo, um garoto de 14 anos que descobre uma antiga lenda sobre diamantes perdidos e parte em busca do tesouro para salvar a vida do pai. Para isso, ele e seus amigos J\u00falia e Carlinhos ter\u00e3o que decifrar o enigma e vencer a persegui\u00e7\u00e3o do vil\u00e3o Silv\u00e9rio, que tamb\u00e9m sabe do tesouro e quer encontr\u00e1-lo.<\/p>\n<figure id=\"attachment_8432\" aria-describedby=\"caption-attachment-8432\" style=\"width: 1280px\" class=\"wp-caption aligncenter\"><a href=\"http:\/\/projetocineb.com.br\/wp-content\/uploads\/2016\/04\/IMG-20160424-WA0002.jpg\"><img decoding=\"async\" class=\"size-full wp-image-8432\" title=\"IMG-20160424-WA0002\" src=\"http:\/\/projetocineb.com.br\/wp-content\/uploads\/2016\/04\/IMG-20160424-WA0002.jpg\" alt=\"\" width=\"1280\" height=\"853\" \/><\/a><figcaption id=\"caption-attachment-8432\" class=\"wp-caption-text\">A dupla de rap Ideologia Fatal, com Mano Lyee e Black Nand\u00e3o empolgou o p\u00fablico. Foto Jailton Garcia.<\/figcaption><\/figure>\n<p>A ONG Instituto Pared\u00e3o cedeu a quadra de esportes para que o \u00a0CINEB pudesse montar a sess\u00e3o ao ar livre. Segundo Cristina Pereira, diretora do Instituto e comerciante da regi\u00e3o, foi a primeira atividade da ONG, rec\u00e9m-criada. \u201cNosso objetivo \u00e9 oferecer novas possibilidades de lazer para os moradores da regi\u00e3o, buscando diminuir a vulnerabilidade social, principalmente das crian\u00e7as\u201d, explica. Luciano Lima, diretor da ONG, conta que o instituto quer fazer a diferen\u00e7a. \u201cA quadra foi cedida pela prefeitura. Agora estamos organizando a comunidade para oferecer atividades de cultura, esporte e lazer\u201d, comenta.<\/p>\n<figure id=\"attachment_8433\" aria-describedby=\"caption-attachment-8433\" style=\"width: 365px\" class=\"wp-caption aligncenter\"><a href=\"http:\/\/projetocineb.com.br\/wp-content\/uploads\/2016\/04\/DSC_3251.jpg\"><img decoding=\"async\" class=\" wp-image-8433        \" title=\"DSC_3251\" src=\"http:\/\/projetocineb.com.br\/wp-content\/uploads\/2016\/04\/DSC_3251.jpg\" alt=\"\" width=\"365\" height=\"242\" \/><\/a><figcaption id=\"caption-attachment-8433\" class=\"wp-caption-text\">Cristiane Pereira, Jeane Pereira, Luciano Lima e Cristiane Lima, diretores do Instituto Pared\u00e3o.<\/figcaption><\/figure>\n<p>Antes do filme, os moradores puderam assistir ao grupo de rap Ideologia Fatal, formado por moradores da regi\u00e3o. A dupla Mano Lyee e Black Nand\u00e3o apresentou m\u00fasicas que abordam a vida na periferia e a necessidade de refletir sobre a realidade do pa\u00eds e empolgou as mais de 150 pessoas que lotaram o espa\u00e7o.<\/p>\n<figure id=\"attachment_8435\" aria-describedby=\"caption-attachment-8435\" style=\"width: 500px\" class=\"wp-caption aligncenter\"><a href=\"http:\/\/projetocineb.com.br\/wp-content\/uploads\/2016\/04\/DSC_3229.jpg\"><img loading=\"lazy\" decoding=\"async\" class=\" wp-image-8435     \" title=\"DSC_3229\" src=\"http:\/\/projetocineb.com.br\/wp-content\/uploads\/2016\/04\/DSC_3229.jpg\" alt=\"\" width=\"500\" height=\"332\" \/><\/a><figcaption id=\"caption-attachment-8435\" class=\"wp-caption-text\">Marcelo Gon\u00e7alves, diretor do Sindicato dos Banc\u00e1rios, Cid\u00e1lio Vieira Santos, coordenador do CINEB e as diretoras da ONG, Cristiane Pereira e Cristiane Lima.<\/figcaption><\/figure>\n<p>Para o diretor de Cultura do Sindicato dos Banc\u00e1rios de S\u00e3o Paulo, Osasco e Regi\u00e3o, Marcelo Gon\u00e7alves, mais uma vez o CINEB cumpre seu papel de levar o cinema brasileiro para quem n\u00e3o t\u00eam acesso \u00e0 cultura e mora distante do centro da cidade. Para ele, o in\u00edcio da temporada est\u00e1 superando as expectativas: \u201c\u00c9 importante dialogar com a comunidade, levar a mensagem da luta dos trabalhadores e possibilitar o acesso \u00e0 cultura por meio do cinema brasileiro. E fica mais bonito ao ar livre, como acontece hoje aqui no Rio Pequeno\u201d, avalia.<\/p>\n<figure id=\"attachment_8460\" aria-describedby=\"caption-attachment-8460\" style=\"width: 500px\" class=\"wp-caption aligncenter\"><a href=\"http:\/\/projetocineb.com.br\/wp-content\/uploads\/2016\/04\/DSC_3256.jpg\"><img loading=\"lazy\" decoding=\"async\" class=\" wp-image-8460     \" title=\"DSC_3256\" src=\"http:\/\/projetocineb.com.br\/wp-content\/uploads\/2016\/04\/DSC_3256.jpg\" alt=\"\" width=\"500\" height=\"332\" \/><\/a><figcaption id=\"caption-attachment-8460\" class=\"wp-caption-text\">Jefferson Freire com a esposa Karina e os filhos Cau\u00e3, Marjorie, Hellen e Cau\u00e3.<\/figcaption><\/figure>\n<p>Quem acompanhou a sess\u00e3o aprovou a iniciativa. Dona Maria do Carmo, moradora de Jana\u00faba, no norte de Minas Gerais, aproveitou a estadia na casa da filha para ajudar a cuidar do neto rec\u00e9m-nascido, e foi conferir a sess\u00e3o. \u201cMinha filha ficou em casa, mas eu adoro um cineminha ao ar livre\u201dconta. Quem tamb\u00e9m curtiu a sess\u00e3o de cinema com pipoca foi a fam\u00edlia Freire. O casal Jefferson e Karina estavam acompanhados dos filhos Michel, 13 anos, Cau\u00e1, 11 anos, Hellen, 8 anos e Marjorie, 4 anos. \u201c\u00c9 dif\u00edcil poder ir com toda a fam\u00edlia num cinema. Fica muito caro. Aqui est\u00e1 \u00f3timo e estamos perto de casa\u201dcomentou Jefferson rodeado pelos filhos. A sess\u00e3o teve o apoio do idealizador do CINEB e ex-presidente do Sindicato dos Banc\u00e1rios, Luis Carlos Marcolino,\u00a0 morador da regi\u00e3o Oeste.<\/p>\n<figure id=\"attachment_8436\" aria-describedby=\"caption-attachment-8436\" style=\"width: 450px\" class=\"wp-caption aligncenter\"><a href=\"http:\/\/projetocineb.com.br\/wp-content\/uploads\/2016\/04\/DSC_3262.jpg\"><img loading=\"lazy\" decoding=\"async\" class=\" wp-image-8436      \" title=\"DSC_3262\" src=\"http:\/\/projetocineb.com.br\/wp-content\/uploads\/2016\/04\/DSC_3262.jpg\" alt=\"\" width=\"450\" height=\"299\" \/><\/a><figcaption id=\"caption-attachment-8436\" class=\"wp-caption-text\">CINEB sorteou camisetas para o p\u00fablico presente. At\u00e9 a pr\u00f3xima sess\u00e3o!<\/figcaption><\/figure>\n<p>O CINEB \u00e9 um circuito itinerante de cinema realizado pelo Sindicato dos Banc\u00e1rios de S\u00e3o Paulo, Osasco e Regi\u00e3o e pela Brazucah Produ\u00e7\u00f5es. Desde 2007, o j\u00e1 atingiu um p\u00fablico superior a 50 mil espectadores em quase 400 sess\u00f5es gratuitas realizadas em comunidades e universidades de S\u00e3o Paulo. A iniciativa busca democratizar o acesso ao cinema nacional e divulgar os filmes produzidos no Brasil. J\u00e1 foram exibidos na tela do CINEB mais de 75 longas-metragens e 50 curtas-metragens, al\u00e9m da realiza\u00e7\u00e3o de pr\u00e9-estreias exclusivas<em>.<\/em><\/p>\n","protected":false},"excerpt":{"rendered":"<p>Texto: Carlos Rizzo A quadra de esportes da ONG Instituto Pared\u00e3o, no Rio Pequeno, na Zona Oeste, virou um cinema[&#8230;]<\/p>\n","protected":false},"author":2,"featured_media":8490,"comment_status":"open","ping_status":"open","sticky":false,"template":"","format":"standard","meta":[],"categories":[2],"tags":[237,252,617,636,781,872,886,1064,1132],"_links":{"self":[{"href":"https:\/\/projetocineb.com.br\/index.php?rest_route=\/wp\/v2\/posts\/8422"}],"collection":[{"href":"https:\/\/projetocineb.com.br\/index.php?rest_route=\/wp\/v2\/posts"}],"about":[{"href":"https:\/\/projetocineb.com.br\/index.php?rest_route=\/wp\/v2\/types\/post"}],"author":[{"embeddable":true,"href":"https:\/\/projetocineb.com.br\/index.php?rest_route=\/wp\/v2\/users\/2"}],"replies":[{"embeddable":true,"href":"https:\/\/projetocineb.com.br\/index.php?rest_route=%2Fwp%2Fv2%2Fcomments&post=8422"}],"version-history":[{"count":0,"href":"https:\/\/projetocineb.com.br\/index.php?rest_route=\/wp\/v2\/posts\/8422\/revisions"}],"wp:featuredmedia":[{"embeddable":true,"href":"https:\/\/projetocineb.com.br\/index.php?rest_route=\/wp\/v2\/media\/8490"}],"wp:attachment":[{"href":"https:\/\/projetocineb.com.br\/index.php?rest_route=%2Fwp%2Fv2%2Fmedia&parent=8422"}],"wp:term":[{"taxonomy":"category","embeddable":true,"href":"https:\/\/projetocineb.com.br\/index.php?rest_route=%2Fwp%2Fv2%2Fcategories&post=8422"},{"taxonomy":"post_tag","embeddable":true,"href":"https:\/\/projetocineb.com.br\/index.php?rest_route=%2Fwp%2Fv2%2Ftags&post=8422"}],"curies":[{"name":"wp","href":"https:\/\/api.w.org\/{rel}","templated":true}]}}