{"id":8469,"date":"2016-05-02T14:39:50","date_gmt":"2016-05-02T17:39:50","guid":{"rendered":"http:\/\/projetocineb.com.br\/?p=8469"},"modified":"2016-05-02T14:39:50","modified_gmt":"2016-05-02T17:39:50","slug":"itaim-paulista-tambem-tem-sessao-do-cineb","status":"publish","type":"post","link":"https:\/\/projetocineb.com.br\/?p=8469","title":{"rendered":"Itaim Paulista recebe CINEB"},"content":{"rendered":"<p style=\"text-align: right;\"><strong>Texto e foto: Carlos Rizzo<\/strong><\/p>\n<p><em>O estacionamento do Centro Cultural do Itaim Paulista se transformou, na \u00faltima quarta-feira, 27 de abril, em uma sess\u00e3o de cinema para exibir o filme <\/em>O Segredo dos Diamantes,<em> de Helv\u00e9cio Ratton. Foi a segunda vez que o projeto exibe uma sess\u00e3o no espa\u00e7o.<\/em><\/p>\n<p>Nem o frio que resolveu chegar na cidade de S\u00e3o Paulo na \u00faltima quarta-feira, 27 de abril, derrubando os term\u00f4metros depois de um longo per\u00edodo de muito calor foi capaz de assustar os moradores do Itaim Paulista, na Zona Leste, que compareceram ao estacionamento da Casa de Cultura do Itaim Paulista acompanhar uma sess\u00e3o gratuita de cinema com pipoca.<\/p>\n<figure id=\"attachment_8471\" aria-describedby=\"caption-attachment-8471\" style=\"width: 472px\" class=\"wp-caption aligncenter\"><a href=\"http:\/\/projetocineb.com.br\/wp-content\/uploads\/2016\/05\/DSC_3324.jpg\"><img fetchpriority=\"high\" decoding=\"async\" class=\"size-full wp-image-8471\" title=\"DSC_3324\" src=\"http:\/\/projetocineb.com.br\/wp-content\/uploads\/2016\/05\/DSC_3324.jpg\" alt=\"\" width=\"472\" height=\"313\" \/><\/a><figcaption id=\"caption-attachment-8471\" class=\"wp-caption-text\">Estacionamento da Casa de Cultura do Itaim Paulista virou uma sala de cinema.<\/figcaption><\/figure>\n<p>Foi a segunda vez que o CINEB montou sua estrutura no estacionamento que fica em frente \u00e0 Casa de Cultura. Em outubro do ano passado a sess\u00e3o exibiu curtas metragens que participavam do Festival de Cinema de Direitos Humanos da Prefeitura de S\u00e3o Paulo. Dessa vez, o Centro Cultural,\u00a0 cedeu espa\u00e7o para o CINEB exibir sua programa\u00e7\u00e3o.<\/p>\n<figure id=\"attachment_8472\" aria-describedby=\"caption-attachment-8472\" style=\"width: 472px\" class=\"wp-caption aligncenter\"><a href=\"http:\/\/projetocineb.com.br\/wp-content\/uploads\/2016\/05\/DSC_3296.jpg\"><img decoding=\"async\" class=\"size-full wp-image-8472\" title=\"DSC_3296\" src=\"http:\/\/projetocineb.com.br\/wp-content\/uploads\/2016\/05\/DSC_3296.jpg\" alt=\"\" width=\"472\" height=\"313\" \/><\/a><figcaption id=\"caption-attachment-8472\" class=\"wp-caption-text\">Cid\u00e1lio Vieira Santos, coordenador do CINEB, pergunta: cite o nome de um filme brasileiro?<\/figcaption><\/figure>\n<p>Em cartaz, o curta metragem <em>Meu amigo Nietzsche<\/em>, de F\u00e1uston da Silva e o longa <em>O Segredo dos Diamantes<\/em>, de Helv\u00e9tio Ratton, uma aventura infantojuvenil. Vencedor do Festival de Cinema de Gramado de 2014 pelo j\u00fari popular, o filme narra a hist\u00f3ria de Angelo, um garoto de 14 anos que descobre uma antiga lenda sobre diamantes perdidos e parte em busca do tesouro para salvar a vida do pai. Para isso, ele e seus amigos J\u00falia e Carlinhos ter\u00e3o que decifrar o enigma e vencer a persegui\u00e7\u00e3o do vil\u00e3o Silv\u00e9rio, que tamb\u00e9m sabe do tesouro e quer encontr\u00e1-lo.<\/p>\n<figure id=\"attachment_8473\" aria-describedby=\"caption-attachment-8473\" style=\"width: 472px\" class=\"wp-caption aligncenter\"><a href=\"http:\/\/projetocineb.com.br\/wp-content\/uploads\/2016\/05\/DSC_3267.jpg\"><img decoding=\"async\" class=\"size-full wp-image-8473\" title=\"DSC_3267\" src=\"http:\/\/projetocineb.com.br\/wp-content\/uploads\/2016\/05\/DSC_3267.jpg\" alt=\"\" width=\"472\" height=\"313\" \/><\/a><figcaption id=\"caption-attachment-8473\" class=\"wp-caption-text\">Professores do EJA da EMEF Carlos Pasquale.<\/figcaption><\/figure>\n<p>Segundo o produtor cultural do centro, Marsen Borges, \u201c\u00e9 muito bom ter o CINEB de volta ao Centro Cultural. A popula\u00e7\u00e3o gosta muito de cinema. Convidamos os alunos do EJA [Educa\u00e7\u00e3o de Jovens e Adultos] da EMEF Calos Pasquele\u201d. Ele conta que o espa\u00e7o conta, desde abril, com um cineclube, que acontece toda a terceira sexta-feira do m\u00eas. \u201cNa primeira sess\u00e3o exibimos curtas como <em>O Gigante de Papel\u00e3o<\/em>, para falar de meio ambiente, reciclagem. Na pr\u00f3xima sess\u00e3o, vamos exibir o document\u00e1rio <em>Tarja Branca<\/em> [que aborda o direito \u00e0 brincar] e traremos um palestrante\u201d.<\/p>\n<figure id=\"attachment_8474\" aria-describedby=\"caption-attachment-8474\" style=\"width: 472px\" class=\"wp-caption aligncenter\"><a href=\"http:\/\/projetocineb.com.br\/wp-content\/uploads\/2016\/05\/DSC_3282.jpg\"><img loading=\"lazy\" decoding=\"async\" class=\"size-full wp-image-8474\" title=\"DSC_3282\" src=\"http:\/\/projetocineb.com.br\/wp-content\/uploads\/2016\/05\/DSC_3282.jpg\" alt=\"\" width=\"472\" height=\"313\" \/><\/a><figcaption id=\"caption-attachment-8474\" class=\"wp-caption-text\">O aluno do EJA Vanderlei Moelas levou o filho Vin\u00edcius para acompanhar a sess\u00e3o.<\/figcaption><\/figure>\n<p>Para Emmanuel Peixoto, professor de portugu\u00eas da EMEF o cinema \u00e9 uma linguagem que ajuda na forma\u00e7\u00e3o dos alunos do EJA. \u201cAqui no extremo da Zona Leste as pessoas t\u00eam pouco acesso \u00e0 cultura. Muitos dos meus alunos nunca foram a uma sala de cinema. Por isso iniciativas como a do CINEB s\u00e3o importantes. Para que esse p\u00fablico amplie seu universo\u201d, explica.<\/p>\n<p><a href=\"http:\/\/projetocineb.com.br\/wp-content\/uploads\/2016\/05\/DSC_0066.jpg\"><img loading=\"lazy\" decoding=\"async\" class=\"aligncenter size-full wp-image-8475\" title=\"DSC_0066\" src=\"http:\/\/projetocineb.com.br\/wp-content\/uploads\/2016\/05\/DSC_0066.jpg\" alt=\"Jovens da comunidade acompanharam a sess\u00e3o.\" width=\"472\" height=\"313\" \/><\/a><\/p>\n<p>Vanderlei Moelas, aluno EJA da EMEB Carlos Pasquale aproveitou o momento para levar o filho Vin\u00edcius, de 10 anos, para acompanhar a sess\u00e3o. \u201cMeu filho adora cinema\u201d, comentou, enquanto comia a pipoca feita h\u00e1 oito anos pelo Seu Antonio, o pipoqueiro oficial do CINEB. Outra que curtiu muito a sess\u00e3o foi Maria Aparecida, que nunca tinha ido a uma sess\u00e3o em sua vida. Tamb\u00e9m aluna do EJA e moradora da regi\u00e3o, ela conta que nunca teve tempo para ir ao cinema porque sempre trabalho e cuidou da fam\u00edlia: \u201cMas hoje eu gostei, \u00e9 muito bom\u201d. Cerca de 100 pessoas entre alunos do EJA, professores, funcion\u00e1rios da Sub-prefeitura de Itaim, frequentadores da Casa de Cultura e moradores que passavam pelo local acompanharam toda a sess\u00e3o e participaram do sorteio de camisetas do projeto.<\/p>\n<figure id=\"attachment_8476\" aria-describedby=\"caption-attachment-8476\" style=\"width: 472px\" class=\"wp-caption aligncenter\"><a href=\"http:\/\/projetocineb.com.br\/wp-content\/uploads\/2016\/05\/DSC_0081.jpg\"><img loading=\"lazy\" decoding=\"async\" class=\"size-full wp-image-8476\" title=\"DSC_0081\" src=\"http:\/\/projetocineb.com.br\/wp-content\/uploads\/2016\/05\/DSC_0081.jpg\" alt=\"\" width=\"472\" height=\"313\" \/><\/a><figcaption id=\"caption-attachment-8476\" class=\"wp-caption-text\">Sorteio de camisetas do projeto.<\/figcaption><\/figure>\n<figure id=\"attachment_8477\" aria-describedby=\"caption-attachment-8477\" style=\"width: 472px\" class=\"wp-caption aligncenter\"><a href=\"http:\/\/projetocineb.com.br\/wp-content\/uploads\/2016\/05\/DSC_0089.jpg\"><img loading=\"lazy\" decoding=\"async\" class=\"size-full wp-image-8477\" title=\"DSC_0089\" src=\"http:\/\/projetocineb.com.br\/wp-content\/uploads\/2016\/05\/DSC_0089.jpg\" alt=\"\" width=\"472\" height=\"313\" \/><\/a><figcaption id=\"caption-attachment-8477\" class=\"wp-caption-text\">E n\u00e3o esque\u00e7a de curtir a p\u00e1gina do CINEB no facebook. At\u00e9 a pr\u00f3xima sess\u00e3o!<\/figcaption><\/figure>\n<p>O CINEB \u00e9 um circuito itinerante de cinema realizado pelo Sindicato dos Banc\u00e1rios de S\u00e3o Paulo, Osasco e Regi\u00e3o e pela Brazucah Produ\u00e7\u00f5es. Desde 2007, o j\u00e1 atingiu um p\u00fablico superior a 50 mil espectadores em quase 400 sess\u00f5es gratuitas realizadas em comunidades e universidades de S\u00e3o Paulo. A iniciativa busca democratizar o acesso ao cinema nacional e divulgar os filmes produzidos no Brasil. J\u00e1 foram exibidos na tela do CINEB mais de 75 longas-metragens e 50 curtas-metragens, al\u00e9m da realiza\u00e7\u00e3o de pr\u00e9-estreias exclusivas<em>.<\/em><\/p>\n","protected":false},"excerpt":{"rendered":"<p>Texto e foto: Carlos Rizzo O estacionamento do Centro Cultural do Itaim Paulista se transformou, na \u00faltima quarta-feira, 27 de[&#8230;]<\/p>\n","protected":false},"author":2,"featured_media":8491,"comment_status":"open","ping_status":"open","sticky":false,"template":"","format":"standard","meta":[],"categories":[2],"tags":[205,235,252,518,598,814,872,1132],"_links":{"self":[{"href":"https:\/\/projetocineb.com.br\/index.php?rest_route=\/wp\/v2\/posts\/8469"}],"collection":[{"href":"https:\/\/projetocineb.com.br\/index.php?rest_route=\/wp\/v2\/posts"}],"about":[{"href":"https:\/\/projetocineb.com.br\/index.php?rest_route=\/wp\/v2\/types\/post"}],"author":[{"embeddable":true,"href":"https:\/\/projetocineb.com.br\/index.php?rest_route=\/wp\/v2\/users\/2"}],"replies":[{"embeddable":true,"href":"https:\/\/projetocineb.com.br\/index.php?rest_route=%2Fwp%2Fv2%2Fcomments&post=8469"}],"version-history":[{"count":0,"href":"https:\/\/projetocineb.com.br\/index.php?rest_route=\/wp\/v2\/posts\/8469\/revisions"}],"wp:featuredmedia":[{"embeddable":true,"href":"https:\/\/projetocineb.com.br\/index.php?rest_route=\/wp\/v2\/media\/8491"}],"wp:attachment":[{"href":"https:\/\/projetocineb.com.br\/index.php?rest_route=%2Fwp%2Fv2%2Fmedia&parent=8469"}],"wp:term":[{"taxonomy":"category","embeddable":true,"href":"https:\/\/projetocineb.com.br\/index.php?rest_route=%2Fwp%2Fv2%2Fcategories&post=8469"},{"taxonomy":"post_tag","embeddable":true,"href":"https:\/\/projetocineb.com.br\/index.php?rest_route=%2Fwp%2Fv2%2Ftags&post=8469"}],"curies":[{"name":"wp","href":"https:\/\/api.w.org\/{rel}","templated":true}]}}