{"id":847,"date":"2010-05-31T15:01:21","date_gmt":"2010-05-31T18:01:21","guid":{"rendered":"http:\/\/projetocineb.com.br\/?p=847"},"modified":"2010-05-31T15:01:21","modified_gmt":"2010-05-31T18:01:21","slug":"festa-de-3-anos-de-cineb-com-premiacao","status":"publish","type":"post","link":"https:\/\/projetocineb.com.br\/?p=847","title":{"rendered":"FESTA DE 3 ANOS DE CINEB COM PREMIA\u00c7\u00c3O"},"content":{"rendered":"<p>Diretores de filmes nacionais ser\u00e3o premiados em noite de festa, que comemora tr\u00eas anos do projeto <strong>CINE B<\/strong>, um circuito alternativo de exibi\u00e7\u00e3o de filmes brasileiros e de forma\u00e7\u00e3o de p\u00fablico, fruto da parceria do Sindicato dos Banc\u00e1rios de S\u00e3o Paulo, Osasco e regi\u00e3o com a Brazucah Produ\u00e7\u00f5es. Representantes de comunidades que abriram as portas para as telas itinerantes do <strong>CINE B<\/strong> tamb\u00e9m ser\u00e3o homenageados.<\/p>\n<figure id=\"attachment_848\" aria-describedby=\"caption-attachment-848\" style=\"width: 378px\" class=\"wp-caption aligncenter\"><a href=\"http:\/\/projetocineb.com.br\/wp-content\/uploads\/2010\/05\/premiacao-cineb.jpg\"><img fetchpriority=\"high\" decoding=\"async\" class=\"size-full wp-image-848  \" title=\"Imagem do trof\u00e9u que ser\u00e1 entregue a alguns representantes dos filmes exibidos pelo Cine B\" src=\"http:\/\/projetocineb.com.br\/wp-content\/uploads\/2010\/05\/premiacao-cineb.jpg\" alt=\"Imagem do trof\u00e9u que ser\u00e1 entregue a alguns representantes dos filmes exibidos pelo Cine B\" width=\"378\" height=\"534\" \/><\/a><figcaption id=\"caption-attachment-848\" class=\"wp-caption-text\">Imagem do trof\u00e9u que ser\u00e1 entregue a uma sele\u00e7\u00e3o de  diretores de filmes e comunidades da periferia de S\u00e3o Paulo <\/figcaption><\/figure>\n<p>Pelo <strong>CINE B<\/strong> foram projetados mais de 50 t\u00edtulos nacionais entre longas e curtas metragens em mais de 130 sess\u00f5es realizadas em sal\u00f5es de par\u00f3quias, escolas p\u00fablicas, ao ar livre, sal\u00f5es de festas, \u00e1reas extremas de periferias, favelas; onde \u00e9 mais dif\u00edcil o acesso \u00e0 cultura e, por isso mesmo, t\u00e3o necess\u00e1ria uma iniciativa como essa. O p\u00fablico de mais de 16 mil pessoas &#8211; parte delas pela primeira vez em uma sala de cinema &#8211; \u00e9 o resultado dessa hist\u00f3ria de sucesso que merece ser premiada. O <strong>CINE B<\/strong> faz parte dos projetos realizados pelo Sindicato dos Banc\u00e1rios, que al\u00e9m de se preocupar com os banc\u00e1rios aos quais representa se preocupa tamb\u00e9m, com a comunidade e com a cidade em que a categoria vive.<\/p>\n<p>O <em><strong>Pr\u00eamio CINE B do Cinema Brasileiro<\/strong><\/em> \u00e9 um reconhecimento aos profissionais de cinema da produ\u00e7\u00e3o brasileira que participaram das exibi\u00e7\u00f5es produzidas por este projeto em 2007 e 2008 e que receber\u00e3o a estatueta criada especialmente para a ocasi\u00e3o. Ela traz uma vers\u00e3o do Eurico, personagem conhecido dos banc\u00e1rios, criado h\u00e1 18 anos pelo cartunista do Sindicato M\u00e1rcio Baraldi. As comunidades participantes do projeto tamb\u00e9m ser\u00e3o homenageadas neste pr\u00eamio.<\/p>\n<p>A premia\u00e7\u00e3o \u00e9 mais uma forma de incentivar as produ\u00e7\u00f5es nacionais dentro desse projeto de democratiza\u00e7\u00e3o do acesso \u00e0 cultura, ao lazer e de forma\u00e7\u00e3o de p\u00fablico. De um lado, s\u00e3o valorizadas as produ\u00e7\u00f5es nacionais e do outro a forma\u00e7\u00e3o de p\u00fablico e a propaga\u00e7\u00e3o dessa linguagem a qual os brasileiros se identificam.<\/p>\n<p><strong>DATA:<\/strong> 31 de maio de 2010<\/p>\n<p><strong>HOR\u00c1RIO:<\/strong> 19h<\/p>\n<p><strong>LOCAL:<\/strong> Gr\u00eamio Recreativo Caf\u00e9 dos Banc\u00e1rios, na sede do Sindicato dos Banc\u00e1rios de S\u00e3o Paulo, Osasco e regi\u00e3o (Rua S\u00e3o Bento, 413, Centro Ed. Martinelli)<\/p>\n<p><em>\u00c9 necess\u00e1rio confirmar presen\u00e7a para este evento.<\/em><\/p>\n","protected":false},"excerpt":{"rendered":"<p>Diretores de filmes nacionais ser\u00e3o premiados em noite de festa, que comemora tr\u00eas anos do projeto CINE B, um circuito[&#8230;]<\/p>\n","protected":false},"author":2,"featured_media":0,"comment_status":"open","ping_status":"open","sticky":false,"template":"","format":"standard","meta":[],"categories":[10],"tags":[154,242,263,470,760,986,1017],"_links":{"self":[{"href":"https:\/\/projetocineb.com.br\/index.php?rest_route=\/wp\/v2\/posts\/847"}],"collection":[{"href":"https:\/\/projetocineb.com.br\/index.php?rest_route=\/wp\/v2\/posts"}],"about":[{"href":"https:\/\/projetocineb.com.br\/index.php?rest_route=\/wp\/v2\/types\/post"}],"author":[{"embeddable":true,"href":"https:\/\/projetocineb.com.br\/index.php?rest_route=\/wp\/v2\/users\/2"}],"replies":[{"embeddable":true,"href":"https:\/\/projetocineb.com.br\/index.php?rest_route=%2Fwp%2Fv2%2Fcomments&post=847"}],"version-history":[{"count":0,"href":"https:\/\/projetocineb.com.br\/index.php?rest_route=\/wp\/v2\/posts\/847\/revisions"}],"wp:attachment":[{"href":"https:\/\/projetocineb.com.br\/index.php?rest_route=%2Fwp%2Fv2%2Fmedia&parent=847"}],"wp:term":[{"taxonomy":"category","embeddable":true,"href":"https:\/\/projetocineb.com.br\/index.php?rest_route=%2Fwp%2Fv2%2Fcategories&post=847"},{"taxonomy":"post_tag","embeddable":true,"href":"https:\/\/projetocineb.com.br\/index.php?rest_route=%2Fwp%2Fv2%2Ftags&post=847"}],"curies":[{"name":"wp","href":"https:\/\/api.w.org\/{rel}","templated":true}]}}