{"id":8493,"date":"2016-05-03T11:39:54","date_gmt":"2016-05-03T14:39:54","guid":{"rendered":"http:\/\/projetocineb.com.br\/?p=8493"},"modified":"2016-05-03T11:39:54","modified_gmt":"2016-05-03T14:39:54","slug":"fiam-faam-exibe-documentario-sobre-betinho","status":"publish","type":"post","link":"https:\/\/projetocineb.com.br\/?p=8493","title":{"rendered":"FIAM-FAAM exibe document\u00e1rio sobre Betinho"},"content":{"rendered":"<p><em>Os alunos de comunica\u00e7\u00e3o da FIAM-FAAM, unidade Morumbi, assistiram, na \u00faltima quinta-feira, 28 de abril, ao document\u00e1rio <\/em>Betinho, A Esperan\u00e7a Equilibrista <em>e participaram de um debate. Parceria entre CINEB e faculdade j\u00e1 dura quatro anos.<\/em><\/p>\n<p>Mais uma vez, os alunos da FIAM-FAAM, puderam acompanhar uma sess\u00e3o do CINEB Universidade. Dessa vez foi exibido o document\u00e1rio <em>Betinho, A Esperan\u00e7a Equilibrista<\/em>, com dire\u00e7\u00e3o de Victor Lopes. A sess\u00e3o aconteceu na \u00faltima quinta-feira, 28 de abril, na Unidade Morumbi, que fica na Zona Oeste de S\u00e3o Paulo. A parceria entre CINEB e a faculdade tem possibilitado que estudantes das unidades Morumbi, Vergueiro e Liberdade conhe\u00e7am a recente produ\u00e7\u00e3o cinematogr\u00e1fica brasileira.<\/p>\n<figure id=\"attachment_8496\" aria-describedby=\"caption-attachment-8496\" style=\"width: 472px\" class=\"wp-caption aligncenter\"><a href=\"http:\/\/projetocineb.com.br\/wp-content\/uploads\/2016\/05\/DSC_0124.jpg\"><img fetchpriority=\"high\" decoding=\"async\" class=\"size-full wp-image-8496\" title=\"DSC_0124\" src=\"http:\/\/projetocineb.com.br\/wp-content\/uploads\/2016\/05\/DSC_0124.jpg\" alt=\"\" width=\"472\" height=\"313\" \/><\/a><figcaption id=\"caption-attachment-8496\" class=\"wp-caption-text\">Cid\u00e1lio Vieira Santos, coordenador do CINEB, explicou aos alunos e alunas o trabalho de democratiza\u00e7\u00e3o do cinema brasileiro desenvolvido pelo projeto.<\/figcaption><\/figure>\n<p>O document\u00e1rio exibido conta a hist\u00f3ria do soci\u00f3logo Hebert de Souza, conhecido como Betinho, considerado uma das figuras mais emblem\u00e1ticas na luta pela democracia e pelos direitos humanos durante o per\u00edodo da ditadura militar. Exilado, foi homenageado na m\u00fasica <em>O B\u00eabado e o Equilibrista<\/em>, de Jo\u00e3o Bosco e Aldir Blanc, sucesso na voz da cantora Elis Regina, considerado por muitos um hino na luta pela Anistia. Hemof\u00edlico, nos anos 1980 ap\u00f3s a redemocratiza\u00e7\u00e3o foi contaminado pelo v\u00edrus HIV e se tornou uma das principais refer\u00eancias na luta contra a AIDS no Brasil. Na sequ\u00eancia, esteve \u00e0 frente da maior campanha de combate a fome da hist\u00f3ria do pa\u00eds, a A\u00e7\u00e3o da Cidadania, que acabou inspirando o programa Fome Zero do ex-presidente Luis In\u00e1cio Lula da Silva, respons\u00e1vel pela cria\u00e7\u00e3o do Programa Bolsa Fam\u00edlia, que tirou o pa\u00eds definitivamente do mapa da fome, segundo a Organiza\u00e7\u00f5es das Na\u00e7\u00f5es Unidas (ONU).<\/p>\n<figure id=\"attachment_8497\" aria-describedby=\"caption-attachment-8497\" style=\"width: 472px\" class=\"wp-caption aligncenter\"><a href=\"http:\/\/projetocineb.com.br\/wp-content\/uploads\/2016\/05\/DSC_0188.jpg\"><img decoding=\"async\" class=\"size-full wp-image-8497\" title=\"DSC_0188\" src=\"http:\/\/projetocineb.com.br\/wp-content\/uploads\/2016\/05\/DSC_0188.jpg\" alt=\"\" width=\"472\" height=\"313\" \/><\/a><figcaption id=\"caption-attachment-8497\" class=\"wp-caption-text\">Vicente Darde, coordenador do curso de jornalismo, Cid\u00e1lio Vieira Santos e Jos\u00e9 Roberto Vieira Barboza, do Comit\u00ea Betinho na abertura oficial da sess\u00e3o.<\/figcaption><\/figure>\n<p>Cerca de 120 estudantes dos cursos de Jornalismo, R\u00e1dio e TV, Publicidade e Rela\u00e7\u00f5es P\u00fablicas, al\u00e9m de professores acompanharam a sess\u00e3o e participaram de um debate sobre o filme e a vida de Betinho. Para Vicente Darde, coordenador do curso de jornalismo da faculdade, o trabalho do CINEB \u00e9 fundamental porque divulga o cinema nacional no ambiente universit\u00e1rio e \u201cpossibilita que os estudantes conhe\u00e7am a produ\u00e7\u00e3o brasileira, principalmente aquela com uma tem\u00e1tica social relevante\u201d, avalia. Ele lembra que em outros momentos o projeto colocou os estudantes em contato com as pessoas envolvidas com a elabora\u00e7\u00e3o do filme como atores, diretores e produtores.<\/p>\n<figure id=\"attachment_8498\" aria-describedby=\"caption-attachment-8498\" style=\"width: 472px\" class=\"wp-caption aligncenter\"><a href=\"http:\/\/projetocineb.com.br\/wp-content\/uploads\/2016\/05\/DSC_0197.jpg\"><img decoding=\"async\" class=\"size-full wp-image-8498\" title=\"DSC_0197\" src=\"http:\/\/projetocineb.com.br\/wp-content\/uploads\/2016\/05\/DSC_0197.jpg\" alt=\"\" width=\"472\" height=\"313\" \/><\/a><figcaption id=\"caption-attachment-8498\" class=\"wp-caption-text\">Ap\u00f3s a sess\u00e3o, debate com os alunos sobre a vida de Betinho e seu envolvimento com as lutas sociais no Brasil.<\/figcaption><\/figure>\n<figure id=\"attachment_8500\" aria-describedby=\"caption-attachment-8500\" style=\"width: 472px\" class=\"wp-caption aligncenter\"><a href=\"http:\/\/projetocineb.com.br\/wp-content\/uploads\/2016\/05\/DSC_0162.jpg\"><img loading=\"lazy\" decoding=\"async\" class=\"size-full wp-image-8500\" title=\"DSC_0162\" src=\"http:\/\/projetocineb.com.br\/wp-content\/uploads\/2016\/05\/DSC_0162.jpg\" alt=\"\" width=\"472\" height=\"313\" \/><\/a><figcaption id=\"caption-attachment-8500\" class=\"wp-caption-text\">Alunos receberam boletim com informa\u00e7\u00f5es sobre o trabalho do Comit\u00ea Betinho.<\/figcaption><\/figure>\n<p>O debate contou com a presen\u00e7a do presidente do Comit\u00ea Betinho, o banc\u00e1rio aposentado Jos\u00e9 Roberto Vieira Barboza e o professor de ci\u00eancias sociais da faculdade, M\u00e1rcio Macedo. Jos\u00e9 Roberto explicou o seu envolvimento com as a\u00e7\u00f5es criadas por Betinho nos anos 1990 e o trabalho do Comit\u00ea, que desde 1994 ajuda financeiramente a constru\u00e7\u00e3o de cisternas na regi\u00e3o Nordeste como forma de colaborar na luta de combate a fome e \u00e0 pobreza. Utilizando o document\u00e1rio como fio condutor, o professor M\u00e1rcio fez uma an\u00e1lise da evolu\u00e7\u00e3o das lutas sociais no Brasil. Ambos responderam quest\u00f5es dos alunos sobre os per\u00edodos retratados pelo filme e a situa\u00e7\u00e3o atual do pa\u00eds.<\/p>\n<figure id=\"attachment_8499\" aria-describedby=\"caption-attachment-8499\" style=\"width: 472px\" class=\"wp-caption aligncenter\"><a href=\"http:\/\/projetocineb.com.br\/wp-content\/uploads\/2016\/05\/DSC_0200.jpg\"><img loading=\"lazy\" decoding=\"async\" class=\"size-full wp-image-8499\" title=\"DSC_0200\" src=\"http:\/\/projetocineb.com.br\/wp-content\/uploads\/2016\/05\/DSC_0200.jpg\" alt=\"\" width=\"472\" height=\"313\" \/><\/a><figcaption id=\"caption-attachment-8499\" class=\"wp-caption-text\">Andressa Souza e Ingrid David, alunas de jornalismo: \u201cas pessoas n\u00e3o sabem o que significa a volta da ditadura\u201d.<\/figcaption><\/figure>\n<p>Para o professor M\u00e1rcio, o document\u00e1rio sobre Betinho \u00e9 uma aula de hist\u00f3ria. \u201cAjuda, sobretudo, a desconstruir a vis\u00e3o estereotipada de que no tempo da ditadura a vida era melhor. O filme mostra exatamente o contr\u00e1rio\u201d, avalia. Andressa Souza e Ingrid David, estudantes do primeiro semestre de jornalismo concordam com o professor. \u201cSe hoje temos liberdade \u00e9 porque muitas pessoas lutaram para isso\u201d, comenta Andressa. \u201cAs pessoas n\u00e3o sabem o que significa a volta da ditadura\u201drefor\u00e7a Ingrid. Ao final do debate, Jos\u00e9 Roberto comemorou o encontro com o estudantes: \u201cFoi um momento para mostrar para os jovens quem foi Betinho e o importante trabalho que ele fez. Fico feliz porque muitos v\u00e3o para a casa pensando um pouco mais sobre o Brasil\u201d.<\/p>\n<figure id=\"attachment_8501\" aria-describedby=\"caption-attachment-8501\" style=\"width: 472px\" class=\"wp-caption aligncenter\"><a href=\"http:\/\/projetocineb.com.br\/wp-content\/uploads\/2016\/05\/DSC_0130.jpg\"><img loading=\"lazy\" decoding=\"async\" class=\"size-full wp-image-8501\" title=\"DSC_0130\" src=\"http:\/\/projetocineb.com.br\/wp-content\/uploads\/2016\/05\/DSC_0130.jpg\" alt=\"\" width=\"472\" height=\"313\" \/><\/a><figcaption id=\"caption-attachment-8501\" class=\"wp-caption-text\">Os estudantes saborearam a deliciosa pipoca do Seu Antonio, que estar\u00e1 presente tamb\u00e9m na pr\u00f3xima sess\u00e3o!<\/figcaption><\/figure>\n<p>O CINEB \u00e9 um circuito itinerante de cinema realizado pelo Sindicato dos Banc\u00e1rios de S\u00e3o Paulo, Osasco e Regi\u00e3o e pela Brazucah Produ\u00e7\u00f5es. Desde 2007, j\u00e1 atingiu um p\u00fablico superior a\u00a0<strong>50<\/strong>\u00a0mil espectadores em mais de\u00a0<strong>392<\/strong><strong>\u00a0<\/strong>sess\u00f5es gratuitas realizadas em comunidades e universidades de S\u00e3o Paulo. A iniciativa busca democratizar o acesso ao cinema nacional e divulgar os filmes produzidos no Brasil. J\u00e1 foram exibidos na tela do CINEB mais de\u00a0<strong>86 <\/strong>longas-metragens e\u00a0<strong>55<\/strong>\u00a0curtas-metragens, al\u00e9m da realiza\u00e7\u00e3o de pr\u00e9-estreias exclusivas<em>.<\/em><\/p>\n","protected":false},"excerpt":{"rendered":"<p>Os alunos de comunica\u00e7\u00e3o da FIAM-FAAM, unidade Morumbi, assistiram, na \u00faltima quinta-feira, 28 de abril, ao document\u00e1rio Betinho, A Esperan\u00e7a[&#8230;]<\/p>\n","protected":false},"author":2,"featured_media":8509,"comment_status":"open","ping_status":"open","sticky":false,"template":"","format":"standard","meta":[],"categories":[2],"tags":[135,237,252,310,535,709,1132,1212,1213],"_links":{"self":[{"href":"https:\/\/projetocineb.com.br\/index.php?rest_route=\/wp\/v2\/posts\/8493"}],"collection":[{"href":"https:\/\/projetocineb.com.br\/index.php?rest_route=\/wp\/v2\/posts"}],"about":[{"href":"https:\/\/projetocineb.com.br\/index.php?rest_route=\/wp\/v2\/types\/post"}],"author":[{"embeddable":true,"href":"https:\/\/projetocineb.com.br\/index.php?rest_route=\/wp\/v2\/users\/2"}],"replies":[{"embeddable":true,"href":"https:\/\/projetocineb.com.br\/index.php?rest_route=%2Fwp%2Fv2%2Fcomments&post=8493"}],"version-history":[{"count":0,"href":"https:\/\/projetocineb.com.br\/index.php?rest_route=\/wp\/v2\/posts\/8493\/revisions"}],"wp:featuredmedia":[{"embeddable":true,"href":"https:\/\/projetocineb.com.br\/index.php?rest_route=\/wp\/v2\/media\/8509"}],"wp:attachment":[{"href":"https:\/\/projetocineb.com.br\/index.php?rest_route=%2Fwp%2Fv2%2Fmedia&parent=8493"}],"wp:term":[{"taxonomy":"category","embeddable":true,"href":"https:\/\/projetocineb.com.br\/index.php?rest_route=%2Fwp%2Fv2%2Fcategories&post=8493"},{"taxonomy":"post_tag","embeddable":true,"href":"https:\/\/projetocineb.com.br\/index.php?rest_route=%2Fwp%2Fv2%2Ftags&post=8493"}],"curies":[{"name":"wp","href":"https:\/\/api.w.org\/{rel}","templated":true}]}}