{"id":8515,"date":"2016-05-03T12:10:37","date_gmt":"2016-05-03T15:10:37","guid":{"rendered":"http:\/\/projetocineb.com.br\/?p=8515"},"modified":"2016-05-03T12:10:37","modified_gmt":"2016-05-03T15:10:37","slug":"cineb-faz-sessao-no-jardim-angela","status":"publish","type":"post","link":"https:\/\/projetocineb.com.br\/?p=8515","title":{"rendered":"CINEB faz sess\u00e3o no Jardim \u00c2ngela"},"content":{"rendered":"<p><em>A comunidade da Igreja Santos M\u00e1rtires, no Jardim \u00c2ngela, Zona Sul de S\u00e3o Paulo, recebeu pela primeira vez, no \u00faltimo s\u00e1bado (30\/4), o CINEB. O sal\u00e3o paroquial se transformou em uma sala de cinema para exibir o filme <\/em>O Segredo dos Diamantes,<em> de Helv\u00e9cio Ratton.<\/em><\/p>\n<p><em>\u00a0<\/em>Mais uma vez o CINEB foi at\u00e9 a Zona Sul de S\u00e3o Paulo, no \u00faltimo s\u00e1bado, (30\/4), para exibir uma sess\u00e3o de cinema. Dessa vez quem recebeu o projeto de bra\u00e7os abertos foi a comunidade da Par\u00f3quia Santos M\u00e1rtires, no Jardim \u00c2ngela, que lotou o sal\u00e3o paroquial para acompanhar a exibi\u00e7\u00e3o do filme <em>O Segredo dos Diamantes<\/em> de Helv\u00e9cio Ratton e o curta metragem <em>Meu Amigo Nietzsche<\/em>, de F\u00e1uston da Silva.<\/p>\n<figure id=\"attachment_8529\" aria-describedby=\"caption-attachment-8529\" style=\"width: 1024px\" class=\"wp-caption aligncenter\"><a href=\"http:\/\/projetocineb.com.br\/wp-content\/uploads\/2016\/05\/DSC_02562.jpg\"><img fetchpriority=\"high\" decoding=\"async\" class=\"size-full wp-image-8529\" title=\"DSC_0256\" src=\"http:\/\/projetocineb.com.br\/wp-content\/uploads\/2016\/05\/DSC_02562.jpg\" alt=\"\" width=\"1024\" height=\"680\" \/><\/a><figcaption id=\"caption-attachment-8529\" class=\"wp-caption-text\">Igreja dos Santos M\u00e1rtires, que fica no Jardim \u00c2ngela cedeu o sal\u00e3o paroquial para a sess\u00e3o de cinema.<\/figcaption><\/figure>\n<p><em>O Segredo dos Diamantes<\/em> \u00e9 uma aventura infantojuvenil vencedora do Festival de Cinema de Gramado de 2014 pelo j\u00fari popular. O filme narra a hist\u00f3ria de Angelo, um garoto de 14 anos que descobre uma antiga lenda sobre diamantes perdidos e parte em busca do tesouro para salvar a vida do pai. Para isso, ele e seus amigos J\u00falia e Carlinhos ter\u00e3o que decifrar o enigma e vencer a persegui\u00e7\u00e3o do vil\u00e3o Silv\u00e9rio, que tamb\u00e9m sabe do tesouro e quer encontr\u00e1-lo.<\/p>\n<p><a style=\"text-align: center; background-color: #f3f3f3;\" href=\"http:\/\/projetocineb.com.br\/wp-content\/uploads\/2016\/05\/DSC_0255.jpg\"><img decoding=\"async\" class=\"size-full wp-image-8520\" title=\"DSC_0255\" src=\"http:\/\/projetocineb.com.br\/wp-content\/uploads\/2016\/05\/DSC_0255.jpg\" alt=\"\" width=\"1024\" height=\"680\" \/><\/a><\/p>\n<p>Mari Brito e Doni Ara\u00fajo, da Cia. Dec\u00e1logo Jalc: \u201cfomentando a cultura\u201d.Doni Ara\u00fajo, integrante da Companhia de Artes Dec\u00e1logo Jalc, foi quem contatou o coordenador do CINEB, Cid\u00e1lio Vieira Santos, para organizar a sess\u00e3o na Par\u00f3quia Santos M\u00e1rtires, que tem esse nome em homenagem ao oper\u00e1rio Santos Dias, metal\u00fargico morador da Zona Sul, assassinado em 1979, durante repress\u00e3o a uma manifesta\u00e7\u00e3o dos trabalhadores. Segundo Doni, a companhia nasceu, h\u00e1 15 anos, dos trabalhos comunit\u00e1rios da par\u00f3quia, cresceu e hoje atua em toda a regi\u00e3o do Jardim \u00c2ngela \u201cfomentando a cultura, a pluralidade e a diversidade art\u00edstica\u201d.<\/p>\n<p><a style=\"text-align: center; background-color: #f3f3f3;\" href=\"http:\/\/projetocineb.com.br\/wp-content\/uploads\/2016\/05\/DSC_0310.jpg\"><img decoding=\"async\" class=\"size-full wp-image-8521\" title=\"DSC_0310\" src=\"http:\/\/projetocineb.com.br\/wp-content\/uploads\/2016\/05\/DSC_0310.jpg\" alt=\"\" width=\"1024\" height=\"680\" \/><\/a><\/p>\n<p>Crian\u00e7as participam do jogo de mem\u00f3ria dos cartazes dos filmes brasileiros exibidos no CINEB.<\/p>\n<figure id=\"attachment_8522\" aria-describedby=\"caption-attachment-8522\" style=\"width: 1024px\" class=\"wp-caption aligncenter\"><a href=\"http:\/\/projetocineb.com.br\/wp-content\/uploads\/2016\/05\/DSC_0387.jpg\"><img loading=\"lazy\" decoding=\"async\" class=\"size-full wp-image-8522\" title=\"DSC_0387\" src=\"http:\/\/projetocineb.com.br\/wp-content\/uploads\/2016\/05\/DSC_0387.jpg\" alt=\"\" width=\"1024\" height=\"680\" \/><\/a><figcaption id=\"caption-attachment-8522\" class=\"wp-caption-text\">As amigas Julia e Rafaela, alunas de catecismo da par\u00f3quia.<\/figcaption><\/figure>\n<p>Mari Brito, uma das fundadoras do Jalc, explica que a par\u00f3quia ainda recebe o grupo para os ensaios dos espet\u00e1culos teatrais como o que conta a hist\u00f3ria do Jardim \u00c2ngela, que ficou dois anos em cartaz, ou para os preparativos de <em>Paradoxo<\/em>, interven\u00e7\u00e3o que mistura teatro de m\u00edmica e poesia que \u00e9 apresentado nas pra\u00e7as e pontos de \u00f4nibus da regi\u00e3o. \u201cAtualmente estamos ensaiando um novo espet\u00e1culo chamado <em>O Tigre e a Lua<\/em>, escrito por Doni Ara\u00fajo\u201d, revela.<\/p>\n<p><a style=\"text-align: center; background-color: #f3f3f3;\" href=\"http:\/\/projetocineb.com.br\/wp-content\/uploads\/2016\/05\/DSC_0383.jpg\"><img loading=\"lazy\" decoding=\"async\" class=\"size-full wp-image-8523\" title=\"DSC_0383\" src=\"http:\/\/projetocineb.com.br\/wp-content\/uploads\/2016\/05\/DSC_0383.jpg\" alt=\"\" width=\"1024\" height=\"680\" \/><\/a><\/p>\n<p>Padre Jaime Crowe, a diretora do Sindicato Fernanda Reis,o coordenador do CINEB Cid\u00e1lio Vieira Santos e o diretor de cultura do Sindicato, Marcelo Gon\u00e7alves.As atividades culturais na par\u00f3quia s\u00e3o fomentadas pelo padre Jaime Crowe, irland\u00eas que est\u00e1 h\u00e1 47 anos no Brasil, dos quais 30 anos \u00e0 frente da comunidade no Jardim \u00c2ngela. \u201cEu acho importante valorizar a cultura, evangelizar a partir da cultura, pois ela \u00e9 um dos motivos que levam as pessoas a refletirem, a dialogarem\u201d, explica. Padre Jaime \u00e9 uma das grandes lideran\u00e7as ecum\u00eanicas da cidade de S\u00e3o Paulo. Atuou por longos anos na luta por melhorias para o Jardim \u00c2ngela, que j\u00e1 foi considerada uma das regi\u00f5es mais violentas do mundo pela ONU. Hoje o bairro ainda enfrenta problemas sociais graves, mas os \u00edndices de viol\u00eancia reduziram significativamente.<\/p>\n<p><a style=\"text-align: center; background-color: #f3f3f3;\" href=\"http:\/\/projetocineb.com.br\/wp-content\/uploads\/2016\/05\/DSC_0411.jpg\"><img loading=\"lazy\" decoding=\"async\" class=\"size-full wp-image-8524\" title=\"DSC_0411\" src=\"http:\/\/projetocineb.com.br\/wp-content\/uploads\/2016\/05\/DSC_0411.jpg\" alt=\"\" width=\"1024\" height=\"680\" \/><\/a><\/p>\n<p>Edmar Carlos Machado, a esposa Fabiana Maria Santos, os filhos Leandro e Ruan e a amiga Renata Paula.Para Fernanda Reis, diretora do Sindicato dos Banc\u00e1rios de S\u00e3o Paulo, Osasco e Regi\u00e3o e moradora do local, \u201ctem tudo a ver trazer o CINEB para c\u00e1, j\u00e1 que existem muitas atividades culturais na par\u00f3quia. E a comunidade est\u00e1 bastante receptiva\u201d, comenta. De fato, era poss\u00edvel ver no sorriso dos moradores a aprova\u00e7\u00e3o ao projeto. Jos\u00e9 Marc\u00edlio dos Reis, aluno do Mova (Movimento de Alfabetiza\u00e7\u00e3o) da par\u00f3quia elogiou: \u201c\u00e9 muito organizado\u201d. J\u00e1 Maria Dilzete, de 61 anos, moradora do bairro Riviera, estava em uma sess\u00e3o de cinema pela primeira vez. \u00a0Acompanhada do neto Samuel, de 4 anos, explicou que nunca teve condi\u00e7\u00f5es de sair para ver um filme. \u201cQue bom que tem o projeto. \u00c9 bom demais porque est\u00e1 perto de casa\u201d, avalia . A sess\u00e3o tamb\u00e9m contou com a presen\u00e7a de Marcelo Gon\u00e7alves, diretor de cultura do Sindicato.<\/p>\n<p><a style=\"text-align: center; background-color: #f3f3f3;\" href=\"http:\/\/projetocineb.com.br\/wp-content\/uploads\/2016\/05\/DSC_0405.jpg\"><img loading=\"lazy\" decoding=\"async\" class=\"size-full wp-image-8525\" title=\"DSC_0405\" src=\"http:\/\/projetocineb.com.br\/wp-content\/uploads\/2016\/05\/DSC_0405.jpg\" alt=\"\" width=\"1024\" height=\"680\" \/><\/a><\/p>\n<p>Ganhadores das camisetas do CINEB.O CINEB \u00e9 um circuito itinerante de cinema realizado pelo Sindicato dos Banc\u00e1rios de S\u00e3o Paulo, Osasco e Regi\u00e3o e pela Brazucah Produ\u00e7\u00f5es. Desde 2007, o j\u00e1 atingiu um p\u00fablico superior a 50 mil espectadores em quase 400 sess\u00f5es gratuitas realizadas em comunidades e universidades de S\u00e3o Paulo. A iniciativa busca democratizar o acesso ao cinema nacional e divulgar os filmes produzidos no Brasil. J\u00e1 foram exibidos na tela do CINEB mais de 75 longas-metragens e 50 curtas-metragens, al\u00e9m da realiza\u00e7\u00e3o de pr\u00e9-estreias exclusivas<em>.<\/em><\/p>\n","protected":false},"excerpt":{"rendered":"<p>A comunidade da Igreja Santos M\u00e1rtires, no Jardim \u00c2ngela, Zona Sul de S\u00e3o Paulo, recebeu pela primeira vez, no \u00faltimo[&#8230;]<\/p>\n","protected":false},"author":2,"featured_media":8530,"comment_status":"open","ping_status":"open","sticky":false,"template":"","format":"standard","meta":[],"categories":[2],"tags":[154,222,237,252,410,518,526,599,668,781,789,814,872,908,936,1132],"_links":{"self":[{"href":"https:\/\/projetocineb.com.br\/index.php?rest_route=\/wp\/v2\/posts\/8515"}],"collection":[{"href":"https:\/\/projetocineb.com.br\/index.php?rest_route=\/wp\/v2\/posts"}],"about":[{"href":"https:\/\/projetocineb.com.br\/index.php?rest_route=\/wp\/v2\/types\/post"}],"author":[{"embeddable":true,"href":"https:\/\/projetocineb.com.br\/index.php?rest_route=\/wp\/v2\/users\/2"}],"replies":[{"embeddable":true,"href":"https:\/\/projetocineb.com.br\/index.php?rest_route=%2Fwp%2Fv2%2Fcomments&post=8515"}],"version-history":[{"count":0,"href":"https:\/\/projetocineb.com.br\/index.php?rest_route=\/wp\/v2\/posts\/8515\/revisions"}],"wp:featuredmedia":[{"embeddable":true,"href":"https:\/\/projetocineb.com.br\/index.php?rest_route=\/wp\/v2\/media\/8530"}],"wp:attachment":[{"href":"https:\/\/projetocineb.com.br\/index.php?rest_route=%2Fwp%2Fv2%2Fmedia&parent=8515"}],"wp:term":[{"taxonomy":"category","embeddable":true,"href":"https:\/\/projetocineb.com.br\/index.php?rest_route=%2Fwp%2Fv2%2Fcategories&post=8515"},{"taxonomy":"post_tag","embeddable":true,"href":"https:\/\/projetocineb.com.br\/index.php?rest_route=%2Fwp%2Fv2%2Ftags&post=8515"}],"curies":[{"name":"wp","href":"https:\/\/api.w.org\/{rel}","templated":true}]}}