{"id":853,"date":"2010-05-30T14:42:14","date_gmt":"2010-05-30T17:42:14","guid":{"rendered":"http:\/\/projetocineb.com.br\/?p=853"},"modified":"2010-05-30T14:42:14","modified_gmt":"2010-05-30T17:42:14","slug":"perus-2","status":"publish","type":"post","link":"https:\/\/projetocineb.com.br\/?p=853","title":{"rendered":"PERUS"},"content":{"rendered":"<p><em>Fotos de Vivian Szelpal<\/em><\/p>\n<p>E pela segunda vez o <span style=\"color: #ff6600;\">Cine B volta na comunidade de Perus<\/span> com o melhor do cinema brasileiro. Sess\u00e3o lotada, muito animada com a presen\u00e7a dos l\u00edderes locais e do idealizador do Cine B, Luiz Cl\u00e1udio Marcolino.<\/p>\n<p><span style=\"color: #ff6600;\">\u201cO Cine B foi desenvolvido para levar o cinema nacional para dentro das comunidades que n\u00e3o possuem sala de exibi\u00e7\u00e3o. O Sindicato dos Banc\u00e1rios de S\u00e3o Paulo, Osasco e Regi\u00e3o, junto da Brazucah Produ\u00e7\u00f5es, quer levar filmes brasileiros para toda popula\u00e7\u00e3o de S\u00e3o Paulo\u201d, disse o idealizador do Cine B, Luiz Cl\u00e1udio<\/span>, na abertura da exibi\u00e7\u00e3o.<\/p>\n<figure id=\"attachment_854\" aria-describedby=\"caption-attachment-854\" style=\"width: 384px\" class=\"wp-caption aligncenter\"><a href=\"http:\/\/projetocineb.com.br\/wp-content\/uploads\/2010\/06\/perus04.jpg\"><img fetchpriority=\"high\" decoding=\"async\" class=\"size-full wp-image-854 \" title=\"Luiz Cl\u00e1udio Marcolino, idealizador do Cine B, faz a abertura da exibi\u00e7\u00e3o ao lado de Neuza Maria Gabriel da Silva, presidente da Associa\u00e7\u00e3o por Mutir\u00e3o\" src=\"http:\/\/projetocineb.com.br\/wp-content\/uploads\/2010\/06\/perus04.jpg\" alt=\"\" width=\"384\" height=\"255\" \/><\/a><figcaption id=\"caption-attachment-854\" class=\"wp-caption-text\">Luiz Cl\u00e1udio Marcolino, idealizador do Cine B, faz a abertura da exibi\u00e7\u00e3o ao lado de Neuza Maria Gabriel da Silva, presidente da Associa\u00e7\u00e3o por Mutir\u00e3o, Cid\u00e1lio Vieira Santos da Brazucah, Galdino, da Associa\u00e7\u00e3o dos Trabalhadores Sem Terra e Georgina Nascimento Ferreira, tesoureira e Auri Souza Rocha, vice-presidente da Associa\u00e7\u00e3o por Mutir\u00e3o<\/figcaption><\/figure>\n<p style=\"text-align: center;\">\n<p>Para Neuza Maria Gabriel da Silva, presidente da Associa\u00e7\u00e3o por Mutir\u00e3o Nova Esperan\u00e7a, a comunidade ainda carece de op\u00e7\u00f5es de lazer para as crian\u00e7as, principalmente. <span style=\"color: #ff6600;\">\u201cHoje s\u00e3o os filhos que levam os pais para eventos ou lugares como este. Os pais votam, mas quem opina dentro da fam\u00edlia \u00e9 a crian\u00e7a, sempre\u201d, disse a presidenta<\/span>.<\/p>\n<p>\u201cPor isso \u00e9 bom ter uma festa dessas em nossa comunidade, pois ainda nos faltam op\u00e7\u00f5es de divers\u00e3o e cultura. Precisamos prestigiar id\u00e9ias como o Cine B, para que cada vez mais existam projetos como esse por aqui\u201d, disse Galdino, da Associa\u00e7\u00e3o dos Trabalhadores Sem Terra do Parque da Vit\u00f3ria e o respons\u00e1vel pela realiza\u00e7\u00e3o deste Cine B em Perus.<\/p>\n<p><span style=\"color: #ff6600;\">\u201cAs pessoas ainda n\u00e3o sabem o valor que tem assistir a bons filmes como este, que mostram as coisas boas e ruins e nos fazem refletir sobre como vivemos nossa vida\u201d, disse a moradora de Perus, Severina Salustiano Chaves da Silva<\/span>, ao final da sess\u00e3o.<\/p>\n<p>Para quem n\u00e3o conhece, Perus \u00e9 uma regi\u00e3o que foi densamente ocupada h\u00e1 18 anos e hoje busca legalizar todos os im\u00f3veis da regi\u00e3o atrav\u00e9s da ABNorte (Associa\u00e7\u00e3o Brasileira do Norte) e da Prefeitura de S\u00e3o Paulo.<\/p>\n<figure id=\"attachment_855\" aria-describedby=\"caption-attachment-855\" style=\"width: 384px\" class=\"wp-caption aligncenter\"><a href=\"http:\/\/projetocineb.com.br\/wp-content\/uploads\/2010\/06\/perus03.jpg\"><img decoding=\"async\" class=\"size-full wp-image-855\" title=\"Luiz Cl\u00e1udio Marcolino, idealizador do Cine B, Neuza Maria Gabriel da Silva, presidente da Associa\u00e7\u00e3o por Mutir\u00e3o, Cid\u00e1lio Vieira Santos da Brazucah, Galdino, da Associa\u00e7\u00e3o dos Trabalhadores Sem Terra e Georgina Nascimento Ferreira, tesoureira e Auri Souza Rocha, vice-presidente da Associa\u00e7\u00e3o por Mutir\u00e3o\" src=\"http:\/\/projetocineb.com.br\/wp-content\/uploads\/2010\/06\/perus03.jpg\" alt=\"\" width=\"384\" height=\"255\" \/><\/a><figcaption id=\"caption-attachment-855\" class=\"wp-caption-text\">Luiz Cl\u00e1udio Marcolino, idealizador do Cine B, Neuza Maria Gabriel da Silva, presidente da Associa\u00e7\u00e3o por Mutir\u00e3o, Cid\u00e1lio Vieira Santos da Brazucah, Galdino, da Associa\u00e7\u00e3o dos Trabalhadores Sem Terra e Georgina Nascimento Ferreira, tesoureira e Auri Souza Rocha, vice-presidente da Associa\u00e7\u00e3o por Mutir\u00e3o<\/figcaption><\/figure>\n<p style=\"text-align: center;\">\n<h2><span style=\"color: #008000;\">FESTA DE 44 ANOS DO MUTIR\u00c3O CULTURAL NA QUEBRADA<\/span><\/h2>\n<p>No dia <span style=\"color: #ff6600;\">6 de junho de 2010<\/span> ser\u00e1 realizada em <span style=\"color: #ff6600;\">Osasco, na Vila Menck<\/span>, a festa de anivers\u00e1rio do Mutir\u00e3o Cultural da Quebrada, com shows de m\u00fasica popular, artistas regionais e hip hop, al\u00e9m de exposi\u00e7\u00f5es culturais, graffiti, apresenta\u00e7\u00f5es circenses e de dan\u00e7a e exibi\u00e7\u00e3o de filmes. Ter\u00e1 at\u00e9 um palco com participa\u00e7\u00e3o de grupos gospels. <span style=\"color: #ff6600;\">\u201dTamb\u00e9m teremos no evento interven\u00e7\u00f5es do grupo O Teatro M\u00e1gico\u201d, disse Victor Brederode, um dos realizadores do Mutir\u00e3o Cultural<\/span>.<\/p>\n<p>Segundo ele, em julho estar\u00e1 no ar o website <a href=\"http:\/\/www.radiomutiraocultural.com.br\/\">www.radiomutiraocultural.com.br<\/a> com informa\u00e7\u00f5es dos mutir\u00f5es e eventos realizados pelos grupos da regi\u00e3o.<\/p>\n<p><em> <\/em><\/p>\n<p><em> <\/em><\/p>\n<p><em> <\/em><\/p>\n<p><em> <\/em><\/p>\n<p><em> <\/em><\/p>\n<p><em> <\/em><\/p>\n<p><em> <\/em><\/p>\n<p><em> <\/em><\/p>\n<p><em> <\/em><\/p>\n<p><em> <\/em><\/p>\n<p><em> <\/em><\/p>\n<p><em> <\/em><\/p>\n<p><em> <\/em><\/p>\n<p><em> <\/em><\/p>\n<p><em> <\/em><\/p>\n<p><em> <\/em><\/p>\n<p><em> <\/em><\/p>\n<figure id=\"attachment_856\" aria-describedby=\"caption-attachment-856\" style=\"width: 384px\" class=\"wp-caption aligncenter\"><a href=\"http:\/\/projetocineb.com.br\/wp-content\/uploads\/2010\/06\/perus08.jpg\"><img decoding=\"async\" class=\"size-full wp-image-856  \" title=\"Nesta sess\u00e3o do Cine B, estiveram presentes alguns realizadores da festa, como Victor Brederode e Edson Elias, produtores culturais do Mutir\u00e3o da Quebrada e Robson Davi da Cunha, do Projeto SACI\" src=\"http:\/\/projetocineb.com.br\/wp-content\/uploads\/2010\/06\/perus08.jpg\" alt=\"Nesta sess\u00e3o do Cine B, estiveram presentes alguns realizadores da festa, como Victor Brederode e Edson Elias, produtores culturais do Mutir\u00e3o da Quebrada e Robson Davi da Cunha, do Projeto SACI\" width=\"384\" height=\"255\" \/><\/a><figcaption id=\"caption-attachment-856\" class=\"wp-caption-text\">Nesta sess\u00e3o do Cine B, estiveram presentes alguns realizadores da festa, como Victor Brederode e Edson Elias, produtores culturais do Mutir\u00e3o da Quebrada e Robson Davi da Cunha, do Projeto SACI<\/figcaption><\/figure>\n<h2><span style=\"color: #008000;\">CLICKS<\/span><\/h2>\n<figure id=\"attachment_859\" aria-describedby=\"caption-attachment-859\" style=\"width: 384px\" class=\"wp-caption aligncenter\"><a href=\"http:\/\/projetocineb.com.br\/wp-content\/uploads\/2010\/06\/perus02.jpg\"><img loading=\"lazy\" decoding=\"async\" class=\"size-full wp-image-859  \" title=\"A entrada da Associa\u00e7\u00e3o por Mutir\u00e3o Nova Esperan\u00e7a em Perus\" src=\"http:\/\/projetocineb.com.br\/wp-content\/uploads\/2010\/06\/perus02.jpg\" alt=\"A entrada da Associa\u00e7\u00e3o por Mutir\u00e3o Nova Esperan\u00e7a em Perus\" width=\"384\" height=\"255\" \/><\/a><figcaption id=\"caption-attachment-859\" class=\"wp-caption-text\">A entrada da Associa\u00e7\u00e3o por Mutir\u00e3o Nova Esperan\u00e7a em Perus<\/figcaption><\/figure>\n<p style=\"text-align: center;\">\n<p style=\"text-align: center;\">\n<figure id=\"attachment_858\" aria-describedby=\"caption-attachment-858\" style=\"width: 384px\" class=\"wp-caption aligncenter\"><a href=\"http:\/\/projetocineb.com.br\/wp-content\/uploads\/2010\/06\/perus17.jpg\"><img loading=\"lazy\" decoding=\"async\" class=\"size-full wp-image-858  \" title=\"\u201cGostei demais desse filme\u201d, disse Jacira Emira da Silva,acompanhada de Cilene Leite Severo e Izabelly Severo de Lima de 2 aninhos\" src=\"http:\/\/projetocineb.com.br\/wp-content\/uploads\/2010\/06\/perus17.jpg\" alt=\"\u201cGostei demais desse filme\u201d, disse Jacira Emira da Silva,acompanhada de Cilene Leite Severo e Izabelly Severo de Lima de 2 aninhos\" width=\"384\" height=\"255\" \/><\/a><figcaption id=\"caption-attachment-858\" class=\"wp-caption-text\">\u201cGostei demais desse filme\u201d, disse Jacira Emira da Silva,acompanhada de Cilene Leite Severo e Izabelly Severo de Lima de 2 aninhos<\/figcaption><\/figure>\n<figure id=\"attachment_861\" aria-describedby=\"caption-attachment-861\" style=\"width: 384px\" class=\"wp-caption aligncenter\"><a href=\"http:\/\/projetocineb.com.br\/wp-content\/uploads\/2010\/06\/perus07.jpg\"><img loading=\"lazy\" decoding=\"async\" class=\"size-full wp-image-861  \" title=\"Cena do come\u00e7o do filme Os 12 trabalhos na sess\u00e3o do Cine B em Perus\" src=\"http:\/\/projetocineb.com.br\/wp-content\/uploads\/2010\/06\/perus07.jpg\" alt=\"Cena do come\u00e7o do filme Os 12 trabalhos na sess\u00e3o do Cine B em Perus\" width=\"384\" height=\"255\" \/><\/a><figcaption id=\"caption-attachment-861\" class=\"wp-caption-text\">Cena do come\u00e7o do filme Os 12 trabalhos na sess\u00e3o do Cine B em Perus<\/figcaption><\/figure>\n<p style=\"text-align: center;\">\n<figure id=\"attachment_862\" aria-describedby=\"caption-attachment-862\" style=\"width: 384px\" class=\"wp-caption aligncenter\"><a href=\"http:\/\/projetocineb.com.br\/wp-content\/uploads\/2010\/06\/perus01.jpg\"><img loading=\"lazy\" decoding=\"async\" class=\"size-full wp-image-862   \" title=\"A Vivian Szelpal me flagrou no meio da entrevista com Neuza Maria Gabriel da Silva, presidente da Associa\u00e7\u00e3o por Mutir\u00e3o Nova Esperan\u00e7a\" src=\"http:\/\/projetocineb.com.br\/wp-content\/uploads\/2010\/06\/perus01.jpg\" alt=\"A Vivian Szelpal me flagrou no meio da entrevista com Elza, presidente da Associa\u00e7\u00e3o por Mutir\u00e3o Nova Esperan\u00e7a\" width=\"384\" height=\"255\" \/><\/a><figcaption id=\"caption-attachment-862\" class=\"wp-caption-text\">A Vivian Szelpal me flagrou no meio da entrevista com Neuza Maria Gabriel da Silva, presidente da Associa\u00e7\u00e3o por Mutir\u00e3o Nova Esperan\u00e7a<\/figcaption><\/figure>\n<figure id=\"attachment_863\" aria-describedby=\"caption-attachment-863\" style=\"width: 384px\" class=\"wp-caption aligncenter\"><a href=\"http:\/\/projetocineb.com.br\/wp-content\/uploads\/2010\/06\/perus12.jpg\"><img loading=\"lazy\" decoding=\"async\" class=\"size-full wp-image-863  \" title=\"Luiz Cl\u00e1udio Marcolino, idealizador do Cine B e J\u00f4 com seu marido\" src=\"http:\/\/projetocineb.com.br\/wp-content\/uploads\/2010\/06\/perus12.jpg\" alt=\"Luiz Cl\u00e1udio Marcolino, idealizador do Cine B e J\u00f4 com seu marido\" width=\"384\" height=\"255\" \/><\/a><figcaption id=\"caption-attachment-863\" class=\"wp-caption-text\">Luiz Cl\u00e1udio Marcolino, idealizador do Cine B <\/figcaption><\/figure>\n<figure id=\"attachment_864\" aria-describedby=\"caption-attachment-864\" style=\"width: 384px\" class=\"wp-caption aligncenter\"><a href=\"http:\/\/projetocineb.com.br\/wp-content\/uploads\/2010\/06\/perus11.jpg\"><img loading=\"lazy\" decoding=\"async\" class=\"size-full wp-image-864  \" title=\"Luiz Cl\u00e1udio Marcolino \" src=\"http:\/\/projetocineb.com.br\/wp-content\/uploads\/2010\/06\/perus11.jpg\" alt=\"\" width=\"384\" height=\"255\" \/><\/a><figcaption id=\"caption-attachment-864\" class=\"wp-caption-text\">Luiz Cl\u00e1udio Marcolino com Paloma dos Santos<\/figcaption><\/figure>\n<p style=\"text-align: center;\">\n<figure id=\"attachment_866\" aria-describedby=\"caption-attachment-866\" style=\"width: 384px\" class=\"wp-caption aligncenter\"><a href=\"http:\/\/projetocineb.com.br\/wp-content\/uploads\/2010\/06\/perus06.jpg\"><img loading=\"lazy\" decoding=\"async\" class=\"size-full wp-image-866  \" title=\"Foto da sess\u00e3o em Perus, com Luiz Cl\u00e1udio Marcolino no tel\u00e3o na vinheta de abertura do Cine B\" src=\"http:\/\/projetocineb.com.br\/wp-content\/uploads\/2010\/06\/perus06.jpg\" alt=\"Foto da sess\u00e3o em Perus, com Luiz Cl\u00e1udio Marcolino no tel\u00e3o na vinheta de abertura do Cine B\" width=\"384\" height=\"255\" \/><\/a><figcaption id=\"caption-attachment-866\" class=\"wp-caption-text\">Foto da sess\u00e3o em Perus, com Luiz Cl\u00e1udio Marcolino no tel\u00e3o na vinheta de abertura do Cine B<\/figcaption><\/figure>\n<p style=\"text-align: center;\">\n<figure id=\"attachment_857\" aria-describedby=\"caption-attachment-857\" style=\"width: 384px\" class=\"wp-caption aligncenter\"><a href=\"http:\/\/projetocineb.com.br\/wp-content\/uploads\/2010\/06\/perus18.jpg\"><img loading=\"lazy\" decoding=\"async\" class=\"size-full wp-image-857  \" title=\"Luciana Salustiano e seu namorado Thiago Concei\u00e7\u00e3o\" src=\"http:\/\/projetocineb.com.br\/wp-content\/uploads\/2010\/06\/perus18.jpg\" alt=\"Luciana Salustiano e seu namorado Thiago Concei\u00e7\u00e3o\" width=\"384\" height=\"255\" \/><\/a><figcaption id=\"caption-attachment-857\" class=\"wp-caption-text\">Luciana Salustiano e seu namorado Thiago Concei\u00e7\u00e3o<\/figcaption><\/figure>\n","protected":false},"excerpt":{"rendered":"<p>Fotos de Vivian Szelpal E pela segunda vez o Cine B volta na comunidade de Perus com o melhor do[&#8230;]<\/p>\n","protected":false},"author":2,"featured_media":0,"comment_status":"open","ping_status":"open","sticky":false,"template":"","format":"standard","meta":[],"categories":[2],"tags":[154,242,266,470,760,894,964,1132,1250],"_links":{"self":[{"href":"https:\/\/projetocineb.com.br\/index.php?rest_route=\/wp\/v2\/posts\/853"}],"collection":[{"href":"https:\/\/projetocineb.com.br\/index.php?rest_route=\/wp\/v2\/posts"}],"about":[{"href":"https:\/\/projetocineb.com.br\/index.php?rest_route=\/wp\/v2\/types\/post"}],"author":[{"embeddable":true,"href":"https:\/\/projetocineb.com.br\/index.php?rest_route=\/wp\/v2\/users\/2"}],"replies":[{"embeddable":true,"href":"https:\/\/projetocineb.com.br\/index.php?rest_route=%2Fwp%2Fv2%2Fcomments&post=853"}],"version-history":[{"count":0,"href":"https:\/\/projetocineb.com.br\/index.php?rest_route=\/wp\/v2\/posts\/853\/revisions"}],"wp:attachment":[{"href":"https:\/\/projetocineb.com.br\/index.php?rest_route=%2Fwp%2Fv2%2Fmedia&parent=853"}],"wp:term":[{"taxonomy":"category","embeddable":true,"href":"https:\/\/projetocineb.com.br\/index.php?rest_route=%2Fwp%2Fv2%2Fcategories&post=853"},{"taxonomy":"post_tag","embeddable":true,"href":"https:\/\/projetocineb.com.br\/index.php?rest_route=%2Fwp%2Fv2%2Ftags&post=853"}],"curies":[{"name":"wp","href":"https:\/\/api.w.org\/{rel}","templated":true}]}}