{"id":8549,"date":"2016-04-22T10:03:57","date_gmt":"2016-04-22T13:03:57","guid":{"rendered":"http:\/\/projetocineb.com.br\/?p=8549"},"modified":"2016-04-22T10:03:57","modified_gmt":"2016-04-22T13:03:57","slug":"temporada-do-cineb-comeca-com-betinho","status":"publish","type":"post","link":"https:\/\/projetocineb.com.br\/?p=8549","title":{"rendered":"Temporada do CINEB come\u00e7a com Betinho"},"content":{"rendered":"<p><em>A Regional Paulista do Sindicato dos Banc\u00e1rios de S\u00e3o Paulo foi o palco para o in\u00edcio da nona temporada do CINEB em 2016, na quarta-feira, dia 20 de abril. O document\u00e1rio <\/em>Betinho, A Esperan\u00e7a Equilibrista<em> abordou a hist\u00f3ria de um dos mais emblem\u00e1ticos personagens da redemocratiza\u00e7\u00e3o. Ap\u00f3s o filme, o CINEB realizou um debate com Jos\u00e9 Roberto Vieira Barboza, banc\u00e1rio aposentado que integra o Comit\u00ea Betinho desde 1993.<\/em><\/p>\n<p>Teve in\u00edcio, na \u00faltima quarta-feira, 20 de abril, na Regional Paulista do Sindicato dos Banc\u00e1rios de S\u00e3o Paulo, Osasco e Regi\u00e3o, a nona temporada do CINEB, o maior projeto de democratiza\u00e7\u00e3o do cinema brasileiro. O filme escolhido para come\u00e7ar o ano foi o document\u00e1rio <em>Betinho, A Esperan\u00e7a Equilibrista<\/em>, com dire\u00e7\u00e3o de Victor Lopes. A sess\u00e3o aconteceu depois do projeto participar, entre os dias 11 e 15 de abril, na Pra\u00e7a do Patriarca, das atividades comemorativas pelos 93 anos do Sindicato dos Banc\u00e1rios, quando o CINEB exibiu cinco sess\u00f5es de curta metragens para um p\u00fablico de 380 pessoas.<\/p>\n<p><span style=\"color: #000000;\"><span style=\"font-family: 'Myriad Pro', serif;\"><span style=\"font-family: 'Liberation Serif', serif;\">O document\u00e1rio exibido na Regional Paulista conta a hist\u00f3ria do soci\u00f3logo Hebert de Souza, conhecido como Betinho, considerado uma das figuras mais emblem\u00e1ticas na luta pela democracia e pelos direitos humanos durante o per\u00edodo da ditadura militar. Exilado, foi homenageado na m\u00fasica <\/span><\/span><\/span><span style=\"color: #000000;\"><span style=\"font-family: 'Myriad Pro', serif;\"><span style=\"font-family: 'Liberation Serif', serif;\"><em>O B\u00eabado e o Equilibrista<\/em><\/span><\/span><\/span><span style=\"color: #000000;\"><span style=\"font-family: 'Myriad Pro', serif;\"><span style=\"font-family: 'Liberation Serif', serif;\">, de Jo\u00e3o Bosco e Aldir Blanc, sucesso na voz da cantora Elis Regina. Hemof\u00edlico, nos anos 1980 ap\u00f3s a redemocratiza\u00e7\u00e3o foi contaminado pelo v\u00edrus HIV e se tornou uma das principais refer\u00eancias na luta contra a AIDS no Brasil. Na sequ\u00eancia, esteve \u00e0 frente da maior campanha de combate a fome da hist\u00f3ria do pa\u00eds, a A\u00e7\u00e3o da Cidadania que acabou inspirando o programa Fome Zero do ex-presidente Luis In\u00e1cio Lula da Silva, respons\u00e1vel pela cria\u00e7\u00e3o do Programa Bolsa Fam\u00edlia, que tirou o pa\u00eds definitivamente do mapa da fome.<\/span><\/span><\/span><\/p>\n<p>A sess\u00e3o contou com a presen\u00e7a do banc\u00e1rio aposentado Jos\u00e9 Roberto Vieira Barboza, que em 1993, ao lado de outros banc\u00e1rios funcion\u00e1rios do Banespa, criaram o Comit\u00ea Betinho, para contribuir com a A\u00e7\u00e3o da Cidadania e desde ent\u00e3o ajuda, financeiramente, na constru\u00e7\u00e3o de cisternas na regi\u00e3o Nordeste, e em mais de 20 anos de exist\u00eancia j\u00e1 possibilitou a constru\u00e7\u00e3o de 700 cisternas. \u201cTemos parcerias com ONGs e com o poder p\u00fablico e al\u00e9m do financiamento de cisternas temos parcerias com a\u00e7\u00f5es de gera\u00e7\u00e3o de renda, defesa do idoso e do meio ambiente\u201d.<\/p>\n<p>Para o diretor de Cultura do Sindicato dos Banc\u00e1rios, Marcelo Gon\u00e7alves, que participou da abertura oficial da sess\u00e3o ao lado de Jos\u00e9 Roberto e do coordenador do CINEB, Cid\u00e1lio Vieira Santos, iniciar a temporada do CINEB com o document\u00e1rio sobre Betinho ajuda a refletir a situa\u00e7\u00e3o que o Brasil vive atualmente de amea\u00e7a \u00e0 democracia e \u00e0s conquistas sociais feitas pelos governos Lula e Dilma. \u201cNo tempo do Betinho, o Brasil contava com 36 milh\u00f5es de pessoas passando fome e centenas de crian\u00e7as morriam todo dia como consequ\u00eancia da m\u00e1 alimenta\u00e7\u00e3o. Com o aumento do sal\u00e1rio m\u00ednimo, a gera\u00e7\u00e3o de emprego, e programas como o Bolsa Fam\u00edlia, essa situa\u00e7\u00e3o acabou. A ONU excluiu o Brasil do mapa da fome desde 2011\u201d, lembra.<\/p>\n<p>Ap\u00f3s a sess\u00e3o, Cid\u00e1lio organizou um debate em que Jos\u00e9 Roberto respondeu perguntas sobre o trabalho do Comit\u00ea Betinho. Muitos dos que acompanharam a sess\u00e3o puderam dar sua opini\u00e3o, como foi o caso do padre Dimas Martins Carvalho, do Santu\u00e1rio Nossa Senhora da Paz, em Itaquera. Ele conta que hoje existe dificuldade para se fazer um trabalho abrangente como o do Betinho. \u201cA Pastoral da Crian\u00e7a j\u00e1 n\u00e3o tem tanta for\u00e7a depois da morte da Zilda Arns\u201d, que coordenava nacionalmente o projeto, lembra o p\u00e1roco. Aldemir Bidou, vice-presidente da Associa\u00e7\u00e3o de Moradores do Pantanal, comentou que trabalhos como o do Betinho, abriram as portas para que entidades assumissem novas fun\u00e7\u00f5es como atual na \u00e1rea de cultura e lazer, opini\u00e3o compartilhada por Bia Moreno, da Associa\u00e7\u00e3o dos Moradores de Vila Rica. \u201cAcabei me emocionando com o filme porque lembrei que eu tamb\u00e9m ajudei na a\u00e7\u00e3o contra a fome l\u00e1 atr\u00e1s, e hoje n\u00f3s atuamos oferecendo cultura para a comunidade. As necessidades mudaram\u201d, finaliza. O CINEB far\u00e1 uma sess\u00e3o na Vila Rica no pr\u00f3ximo dia 4 de maio.<\/p>\n<p>Para C\u00e1ssio Rodrigues, da Cia de Dec\u00e1logo Jalc, do Jardim Angela, o filme traz um importante contraponto para a juventude ter \u201cpar\u00e2meros mais sociais, coletivos, porque hoje os jovens s\u00f3 pensam em ter um trabalho, fazer uma faculdade para trabalhar\u201d, enfatiza. Sobre a presen\u00e7a do CINEB no Jardim Angela no pr\u00f3ximo dia 30 de abril, ele elogia o acesso \u00e0 cultura e ao cinema brasileiro oferecido pelo projeto. Tamb\u00e9m compareceram \u00e0 sess\u00e3o Marsen Borges, da Casa de Cultura do Itaim Paulista e a bibliotec\u00e1ria Elani Tabosa do Nascimento, respons\u00e1vel pelas atividades culturais da biblioteca do Espa\u00e7o Alana.<\/p>\n<p>O CINEB \u00e9 um circuito itinerante de cinema realizado pelo Sindicato dos Banc\u00e1rios de S\u00e3o Paulo, Osasco e Regi\u00e3o e pela Brazucah Produ\u00e7\u00f5es. <span style=\"color: #222222;\">Desde 2007, j\u00e1 atingiu um p\u00fablico superior a<\/span><span style=\"color: #222222;\">\u00a0<\/span><span style=\"color: #222222;\"><strong>50<\/strong><\/span><span style=\"color: #222222;\">\u00a0<\/span><span style=\"color: #222222;\">mil espectadores em mais de<\/span><span style=\"color: #222222;\">\u00a0<\/span><span>392<\/span><span><strong>\u00a0<\/strong><\/span><span>sess\u00f5es gratuitas realizadas em comunidades e universidades de S\u00e3o Paulo. A iniciativa busca democratizar o acesso ao cinema nacional e divulgar os filmes produzidos no Brasil. J\u00e1 foram exibidos na tela do CINEB mais de<\/span><span>\u00a0<\/span><span>86 l<\/span><span>ongas-metragens e<\/span><span>\u00a0<\/span><span>55<\/span><span>\u00a0<\/span><span>curtas-metragens, al\u00e9m da realiza\u00e7\u00e3o de pr\u00e9-estreias exclusivas<\/span><em><span>.<\/span><\/em><\/p>\n","protected":false},"excerpt":{"rendered":"<p>A Regional Paulista do Sindicato dos Banc\u00e1rios de S\u00e3o Paulo foi o palco para o in\u00edcio da nona temporada do[&#8230;]<\/p>\n","protected":false},"author":2,"featured_media":8551,"comment_status":"open","ping_status":"open","sticky":false,"template":"","format":"standard","meta":[],"categories":[2],"tags":[43,110,114,135,137,153,188,223,237,252,310,709,781,904,1049,1091],"_links":{"self":[{"href":"https:\/\/projetocineb.com.br\/index.php?rest_route=\/wp\/v2\/posts\/8549"}],"collection":[{"href":"https:\/\/projetocineb.com.br\/index.php?rest_route=\/wp\/v2\/posts"}],"about":[{"href":"https:\/\/projetocineb.com.br\/index.php?rest_route=\/wp\/v2\/types\/post"}],"author":[{"embeddable":true,"href":"https:\/\/projetocineb.com.br\/index.php?rest_route=\/wp\/v2\/users\/2"}],"replies":[{"embeddable":true,"href":"https:\/\/projetocineb.com.br\/index.php?rest_route=%2Fwp%2Fv2%2Fcomments&post=8549"}],"version-history":[{"count":0,"href":"https:\/\/projetocineb.com.br\/index.php?rest_route=\/wp\/v2\/posts\/8549\/revisions"}],"wp:featuredmedia":[{"embeddable":true,"href":"https:\/\/projetocineb.com.br\/index.php?rest_route=\/wp\/v2\/media\/8551"}],"wp:attachment":[{"href":"https:\/\/projetocineb.com.br\/index.php?rest_route=%2Fwp%2Fv2%2Fmedia&parent=8549"}],"wp:term":[{"taxonomy":"category","embeddable":true,"href":"https:\/\/projetocineb.com.br\/index.php?rest_route=%2Fwp%2Fv2%2Fcategories&post=8549"},{"taxonomy":"post_tag","embeddable":true,"href":"https:\/\/projetocineb.com.br\/index.php?rest_route=%2Fwp%2Fv2%2Ftags&post=8549"}],"curies":[{"name":"wp","href":"https:\/\/api.w.org\/{rel}","templated":true}]}}