{"id":8562,"date":"2016-05-10T14:33:03","date_gmt":"2016-05-10T17:33:03","guid":{"rendered":"http:\/\/projetocineb.com.br\/?p=8562"},"modified":"2016-05-10T14:33:03","modified_gmt":"2016-05-10T17:33:03","slug":"vila-rica-recebe-cineb-pela-decima-vez","status":"publish","type":"post","link":"https:\/\/projetocineb.com.br\/?p=8562","title":{"rendered":"Vila Rica recebe CINEB pela d\u00e9cima vez"},"content":{"rendered":"<p><em>A Associa\u00e7\u00e3o dos Moradores da Vila Rica j\u00e1 \u00e9 velha conhecida do CINEB. Na \u00faltima sexta (6\/5), em meio aos preparativos do Dia das M\u00e3es, a comunidade recebeu mais uma sess\u00e3o do CINEB. A d\u00e9cima, desde 2007, dessa vez para acompanhar as aventuras do filme <\/em>O Segredo dos Diamantes,<em> de Helv\u00e9cio Ratton.<\/em><\/p>\n<p style=\"text-align: center;\"><a href=\"http:\/\/projetocineb.com.br\/wp-content\/uploads\/2016\/05\/DSC_0123.jpg\"><img fetchpriority=\"high\" decoding=\"async\" class=\"aligncenter  wp-image-8563\" title=\"DSC_0123\" src=\"http:\/\/projetocineb.com.br\/wp-content\/uploads\/2016\/05\/DSC_0123.jpg\" alt=\"\" width=\"360\" height=\"239\" \/><\/a><\/p>\n<p><strong>M\u00e3e<\/strong><\/p>\n<p>M\u00e3e&#8230; S\u00e3o tr\u00eas letras apenas\/ As desse nome bendito:\/ Tamb\u00e9m o C\u00e9u tem tr\u00eas letras&#8230;\/ E nele cabe o infinito.\/<\/p>\n<p>Para louvar nossa m\u00e3e,\/ Todo o bem que se disse\/ Nunca h\u00e1 de ser t\u00e3o grande\/ Como o bem que ela nos quer&#8230;<\/p>\n<p>Palavra t\u00e3o pequenina,\/ Bem sabem os l\u00e1bios meus\/ Que \u00e9s do tamanho do C\u00e9u\/ E apenas menor que Deus<\/p>\n<figure id=\"attachment_8566\" aria-describedby=\"caption-attachment-8566\" style=\"width: 420px\" class=\"wp-caption aligncenter\"><a href=\"http:\/\/projetocineb.com.br\/wp-content\/uploads\/2016\/05\/DSC_0108.jpg\"><img decoding=\"async\" class=\"wp-image-8566   \" title=\"DSC_0108\" src=\"http:\/\/projetocineb.com.br\/wp-content\/uploads\/2016\/05\/DSC_0108.jpg\" alt=\"\" width=\"420\" height=\"280\" \/><\/a><figcaption id=\"caption-attachment-8566\" class=\"wp-caption-text\">Rosa Maria l\u00ea poema em homenagem \u00e0s m\u00e3es.<\/figcaption><\/figure>\n<p>Come\u00e7amos a reportagem da sess\u00e3o do CINEB da \u00faltima sexta (6\/5), v\u00e9spera dos dias das M\u00e3es, com o poema de M\u00e1rio Quintana, uma lembran\u00e7a da Associa\u00e7\u00e3o dos Moradores da Vila Rica entregue em um impresso amarrado com la\u00e7o para todos os presentes, em especial \u00e0s m\u00e3es. O poema foi lido por Rosa Maria Colpaert Gon\u00e7alves m\u00e3es e membro da comiss\u00e3o que luta por melhorias na escola municipal do bairro.<\/p>\n<figure id=\"attachment_8567\" aria-describedby=\"caption-attachment-8567\" style=\"width: 415px\" class=\"wp-caption aligncenter\"><a href=\"http:\/\/projetocineb.com.br\/wp-content\/uploads\/2016\/05\/DSC_0062.jpg\"><img decoding=\"async\" class=\" wp-image-8567   \" title=\"DSC_0062\" src=\"http:\/\/projetocineb.com.br\/wp-content\/uploads\/2016\/05\/DSC_0062.jpg\" alt=\"\" width=\"415\" height=\"275\" \/><\/a><figcaption id=\"caption-attachment-8567\" class=\"wp-caption-text\">Crian\u00e7as participam de jogo da mem\u00f3ria com os filmes exibidos pelo CINEB.<\/figcaption><\/figure>\n<figure id=\"attachment_8568\" aria-describedby=\"caption-attachment-8568\" style=\"width: 415px\" class=\"wp-caption aligncenter\"><a href=\"http:\/\/projetocineb.com.br\/wp-content\/uploads\/2016\/05\/DSC_0071.jpg\"><img loading=\"lazy\" decoding=\"async\" class=\" wp-image-8568   \" title=\"DSC_0071\" src=\"http:\/\/projetocineb.com.br\/wp-content\/uploads\/2016\/05\/DSC_0071.jpg\" alt=\"\" width=\"415\" height=\"275\" \/><\/a><figcaption id=\"caption-attachment-8568\" class=\"wp-caption-text\">A pipoca do seu Antonio teve acompanhamento na Vila Rica.<\/figcaption><\/figure>\n<p>Esse clima de encontro de fam\u00edlia acontece toda vez que o CINEB vai \u00e0 Vila Rica, muito por conta da receptividade da presidente da Associa\u00e7\u00e3o, Bia Moreno e toda a diretoria. A cada sess\u00e3o, por exemplo, a associa\u00e7\u00e3o oferece refrigerante e quent\u00e3o para acompanhar a pipoca distribu\u00edda pelo CINEB antes da sess\u00e3o. \u201cPara n\u00f3s \u00e9 uma festa receber o CINEB\u201d, comenta Bia. \u201cA cultura \u00e9 imprescind\u00edvel, assim como a educa\u00e7\u00e3o, a luta por melhorias no bairro. O que me deixa feliz \u00e9 que o CINEB envolve as fam\u00edlias da nossa regi\u00e3o. Elas v\u00eam at\u00e9 aqui porque n\u00e3o t\u00eam condi\u00e7\u00f5es de ir at\u00e9 um shopping\u201d, reflete.<\/p>\n<figure id=\"attachment_8569\" aria-describedby=\"caption-attachment-8569\" style=\"width: 415px\" class=\"wp-caption aligncenter\"><a href=\"http:\/\/projetocineb.com.br\/wp-content\/uploads\/2016\/05\/DSC_0086.jpg\"><img loading=\"lazy\" decoding=\"async\" class=\" wp-image-8569   \" title=\"DSC_0086\" src=\"http:\/\/projetocineb.com.br\/wp-content\/uploads\/2016\/05\/DSC_0086.jpg\" alt=\"\" width=\"415\" height=\"275\" \/><\/a><figcaption id=\"caption-attachment-8569\" class=\"wp-caption-text\">Bia Moreno, presidente da associa\u00e7\u00e3o e Cid\u00e1lio Vieira Santos, coordenador do CINEB na abertura oficial.<\/figcaption><\/figure>\n<figure id=\"attachment_8570\" aria-describedby=\"caption-attachment-8570\" style=\"width: 415px\" class=\"wp-caption aligncenter\"><a href=\"http:\/\/projetocineb.com.br\/wp-content\/uploads\/2016\/05\/DSC_0106.jpg\"><img loading=\"lazy\" decoding=\"async\" class=\" wp-image-8570   \" title=\"DSC_0106\" src=\"http:\/\/projetocineb.com.br\/wp-content\/uploads\/2016\/05\/DSC_0106.jpg\" alt=\"\" width=\"415\" height=\"275\" \/><\/a><figcaption id=\"caption-attachment-8570\" class=\"wp-caption-text\">Bia, Rosa Maria e Viviane A\u00e7ofre aproveitam a sess\u00e3o para informar a comunidade das atividades.<\/figcaption><\/figure>\n<p>A associa\u00e7\u00e3o j\u00e1 tem mais de 35 anos e muita hist\u00f3ria de luta em busca de solu\u00e7\u00f5es para o bairro. Hoje continua a dar espa\u00e7o para as pessoas que defendem a comunidade como no caso de Rosa Maria e de Viviane A\u00e7ofra, integrante do conselho participativo do distrito de Aricanduva\/Vila Formosa, que antes do in\u00edcio da sess\u00e3o convidou os presentes a acompanhar as plen\u00e1rias do conselho participativo municipal. O \u00f3rg\u00e3o, consultivo e ligado \u00e0s subprefeituras da cidade de S\u00e3o Paulo, exerce o controle social e assegura a participa\u00e7\u00e3o no planejamento e fiscaliza\u00e7\u00e3o das a\u00e7\u00f5es e gastos p\u00fablicos, como tamb\u00e9m sugere a\u00e7\u00f5es e pol\u00edticas p\u00fablicas nos territ\u00f3rios.<\/p>\n<figure id=\"attachment_8572\" aria-describedby=\"caption-attachment-8572\" style=\"width: 415px\" class=\"wp-caption aligncenter\"><a href=\"http:\/\/projetocineb.com.br\/wp-content\/uploads\/2016\/05\/DSC_00581.jpg\"><img loading=\"lazy\" decoding=\"async\" class=\" wp-image-8572   \" title=\"DSC_0058\" src=\"http:\/\/projetocineb.com.br\/wp-content\/uploads\/2016\/05\/DSC_00581.jpg\" alt=\"\" width=\"415\" height=\"275\" \/><\/a><figcaption id=\"caption-attachment-8572\" class=\"wp-caption-text\">As colegas Zeneide Louren\u00e7a, Olinda Rosa Gomes e Josefa Torres da Silva n\u00e3o perdem uma sess\u00e3o.<\/figcaption><\/figure>\n<figure id=\"attachment_8573\" aria-describedby=\"caption-attachment-8573\" style=\"width: 415px\" class=\"wp-caption aligncenter\"><a href=\"http:\/\/projetocineb.com.br\/wp-content\/uploads\/2016\/05\/DSC_0076.jpg\"><img loading=\"lazy\" decoding=\"async\" class=\" wp-image-8573   \" title=\"DSC_0076\" src=\"http:\/\/projetocineb.com.br\/wp-content\/uploads\/2016\/05\/DSC_0076.jpg\" alt=\"\" width=\"415\" height=\"275\" \/><\/a><figcaption id=\"caption-attachment-8573\" class=\"wp-caption-text\">Professores da EMEF Roquette Pinto, tamb\u00e9m sempre presentes.<\/figcaption><\/figure>\n<p>O filme escolhido para a sess\u00e3o na Vila Rica foi <em>O Segredo dos Diamantes<\/em>, uma aventura infantojuvenil vencedora do Festival de Cinema de Gramado de 2014 pelo j\u00fari popular. O filme narra a hist\u00f3ria de Angelo, um garoto de 14 anos que descobre uma antiga lenda sobre diamantes perdidos e parte em busca do tesouro para salvar a vida do pai. Para isso, ele e seus amigos J\u00falia e Carlinhos ter\u00e3o que decifrar o enigma e vencer a persegui\u00e7\u00e3o do vil\u00e3o Silv\u00e9rio, que tamb\u00e9m sabe do tesouro e quer encontr\u00e1-lo.<\/p>\n<figure id=\"attachment_8574\" aria-describedby=\"caption-attachment-8574\" style=\"width: 415px\" class=\"wp-caption aligncenter\"><a href=\"http:\/\/projetocineb.com.br\/wp-content\/uploads\/2016\/05\/DSC_0078.jpg\"><img loading=\"lazy\" decoding=\"async\" class=\" wp-image-8574   \" title=\"DSC_0078\" src=\"http:\/\/projetocineb.com.br\/wp-content\/uploads\/2016\/05\/DSC_0078.jpg\" alt=\"\" width=\"415\" height=\"275\" \/><\/a><figcaption id=\"caption-attachment-8574\" class=\"wp-caption-text\">Os irm\u00e3os Juan, Caroline, Ryan, Monique e Renata pela primeira vez acompanhando uma sess\u00e3o do CINEB.<\/figcaption><\/figure>\n<figure id=\"attachment_8575\" aria-describedby=\"caption-attachment-8575\" style=\"width: 415px\" class=\"wp-caption aligncenter\"><a href=\"http:\/\/projetocineb.com.br\/wp-content\/uploads\/2016\/05\/DSC_0141.jpg\"><img loading=\"lazy\" decoding=\"async\" class=\" wp-image-8575   \" title=\"DSC_0141\" src=\"http:\/\/projetocineb.com.br\/wp-content\/uploads\/2016\/05\/DSC_0141.jpg\" alt=\"\" width=\"415\" height=\"275\" \/><\/a><figcaption id=\"caption-attachment-8575\" class=\"wp-caption-text\">Marilu Rodrigues e o filho Wladimir: convite pelo correio.<\/figcaption><\/figure>\n<p>A sess\u00e3o contou com a presen\u00e7a de profesores e alunos de Educa\u00e7\u00e3o de Jovens e Adultos (EJA) da EMEF Roquette Pinto e muitas fam\u00edlias da regi\u00e3o, como Marilu Rodrigues, que acompanhada pelo filho Wladimir Rodrigues de Lima, acompanhava pela segunda vez uma sess\u00e3o: \u201crecebemos um convite pelo correio, em nome do meu filho e viemos. Da outra vez assistimos <em>Eu e meu guarda-chuva<\/em> [filme exibido na associa\u00e7\u00e3o em 2014]. Foi muito legal e resolvemos voltar para conferir e comer a pipoca\u201d, elogia.<\/p>\n<figure id=\"attachment_8576\" aria-describedby=\"caption-attachment-8576\" style=\"width: 415px\" class=\"wp-caption aligncenter\"><a href=\"http:\/\/projetocineb.com.br\/wp-content\/uploads\/2016\/05\/DSC_0150.jpg\"><img loading=\"lazy\" decoding=\"async\" class=\" wp-image-8576   \" title=\"DSC_0150\" src=\"http:\/\/projetocineb.com.br\/wp-content\/uploads\/2016\/05\/DSC_0150.jpg\" alt=\"\" width=\"415\" height=\"275\" \/><\/a><figcaption id=\"caption-attachment-8576\" class=\"wp-caption-text\">No final da sess\u00e3o, sorteio de flores em homenagem ao dia das M\u00e3es.<\/figcaption><\/figure>\n<figure id=\"attachment_8577\" aria-describedby=\"caption-attachment-8577\" style=\"width: 415px\" class=\"wp-caption aligncenter\"><a href=\"http:\/\/projetocineb.com.br\/wp-content\/uploads\/2016\/05\/DSC_0129.jpg\"><img loading=\"lazy\" decoding=\"async\" class=\" wp-image-8577   \" title=\"DSC_0129\" src=\"http:\/\/projetocineb.com.br\/wp-content\/uploads\/2016\/05\/DSC_0129.jpg\" alt=\"\" width=\"415\" height=\"275\" \/><\/a><figcaption id=\"caption-attachment-8577\" class=\"wp-caption-text\">Curtindo a p\u00e1gina do CINEB.<\/figcaption><\/figure>\n<p>As atividades culturais na par\u00f3quia s\u00e3o fomentadas pelo padre Jaime Crowe, irland\u00eas que est\u00e1 h\u00e1 47 anos no Brasil, dos quais 30 anos \u00e0 frente da comunidade no Jardim \u00c2ngela. \u201cEu acho importante valorizar a cultura, evangelizar a partir da cultura, pois ela \u00e9 um dos motivos que levam as pessoas a refletirem, a dialogarem\u201d, explica. Padre Jaime \u00e9 uma das grandes lideran\u00e7as ecum\u00eanicas da cidade de S\u00e3o Paulo. Atuou por longos anos na luta por melhorias para o Jardim \u00c2ngela, que j\u00e1 foi considerada uma das regi\u00f5es mais violentas do mundo pela ONU. Hoje o bairro ainda enfrenta problemas sociais graves, mas os \u00edndices de viol\u00eancia reduziram significativamente.<\/p>\n<figure id=\"attachment_8578\" aria-describedby=\"caption-attachment-8578\" style=\"width: 415px\" class=\"wp-caption aligncenter\"><a href=\"http:\/\/projetocineb.com.br\/wp-content\/uploads\/2016\/05\/DSC_0151.jpg\"><img loading=\"lazy\" decoding=\"async\" class=\" wp-image-8578   \" title=\"DSC_0151\" src=\"http:\/\/projetocineb.com.br\/wp-content\/uploads\/2016\/05\/DSC_0151.jpg\" alt=\"\" width=\"415\" height=\"275\" \/><\/a><figcaption id=\"caption-attachment-8578\" class=\"wp-caption-text\">At\u00e9 a pr\u00f3xima sess\u00e3o!<\/figcaption><\/figure>\n<p>O CINEB \u00e9 um circuito itinerante de cinema realizado pelo Sindicato dos Banc\u00e1rios de S\u00e3o Paulo, Osasco e Regi\u00e3o e pela Brazucah Produ\u00e7\u00f5es. Desde 2007, o j\u00e1 atingiu um p\u00fablico superior a 50 mil espectadores em quase 400 sess\u00f5es gratuitas realizadas em comunidades e universidades de S\u00e3o Paulo. A iniciativa busca democratizar o acesso ao cinema nacional e divulgar os filmes produzidos no Brasil. J\u00e1 foram exibidos na tela do CINEB mais de 75 longas-metragens e 50 curtas-metragens, al\u00e9m da realiza\u00e7\u00e3o de pr\u00e9-estreias exclusivas<em>.<\/em><\/p>\n<p><em>\u00a0<\/em><\/p>\n<p><strong><em>Contatos do CINEB<\/em><\/strong><\/p>\n<p>Instagram: @projetocineb | Twitter:\u00a0@projetocineb | Facebook:<a href=\"https:\/\/www.facebook.com\/cinemabrasileiro\" target=\"_blank\"> cinemabrasileiro<\/a>\u00a0| Email:\u00a0<a href=\"mailto:producaocineb@brazucah.com.br\" target=\"_blank\">producaocineb@brazucah.com.br<\/a><\/p>\n","protected":false},"excerpt":{"rendered":"<p>A Associa\u00e7\u00e3o dos Moradores da Vila Rica j\u00e1 \u00e9 velha conhecida do CINEB. Na \u00faltima sexta (6\/5), em meio aos[&#8230;]<\/p>\n","protected":false},"author":2,"featured_media":8595,"comment_status":"open","ping_status":"open","sticky":false,"template":"","format":"standard","meta":[],"categories":[2],"tags":[114,137,237,252,388,599,799,872,1072,1132,1237],"_links":{"self":[{"href":"https:\/\/projetocineb.com.br\/index.php?rest_route=\/wp\/v2\/posts\/8562"}],"collection":[{"href":"https:\/\/projetocineb.com.br\/index.php?rest_route=\/wp\/v2\/posts"}],"about":[{"href":"https:\/\/projetocineb.com.br\/index.php?rest_route=\/wp\/v2\/types\/post"}],"author":[{"embeddable":true,"href":"https:\/\/projetocineb.com.br\/index.php?rest_route=\/wp\/v2\/users\/2"}],"replies":[{"embeddable":true,"href":"https:\/\/projetocineb.com.br\/index.php?rest_route=%2Fwp%2Fv2%2Fcomments&post=8562"}],"version-history":[{"count":0,"href":"https:\/\/projetocineb.com.br\/index.php?rest_route=\/wp\/v2\/posts\/8562\/revisions"}],"wp:featuredmedia":[{"embeddable":true,"href":"https:\/\/projetocineb.com.br\/index.php?rest_route=\/wp\/v2\/media\/8595"}],"wp:attachment":[{"href":"https:\/\/projetocineb.com.br\/index.php?rest_route=%2Fwp%2Fv2%2Fmedia&parent=8562"}],"wp:term":[{"taxonomy":"category","embeddable":true,"href":"https:\/\/projetocineb.com.br\/index.php?rest_route=%2Fwp%2Fv2%2Fcategories&post=8562"},{"taxonomy":"post_tag","embeddable":true,"href":"https:\/\/projetocineb.com.br\/index.php?rest_route=%2Fwp%2Fv2%2Ftags&post=8562"}],"curies":[{"name":"wp","href":"https:\/\/api.w.org\/{rel}","templated":true}]}}