{"id":8621,"date":"2016-05-13T13:57:18","date_gmt":"2016-05-13T16:57:18","guid":{"rendered":"http:\/\/projetocineb.com.br\/?p=8621"},"modified":"2016-05-13T13:57:18","modified_gmt":"2016-05-13T16:57:18","slug":"etec-ocupada-recebe-o-cineb-neste-domingo","status":"publish","type":"post","link":"https:\/\/projetocineb.com.br\/?p=8621","title":{"rendered":"Sess\u00e3o na ETEC cancelada"},"content":{"rendered":"<p>A sess\u00e3o especial do CINEB que ocorreria na ETEC Pirituba, na Zona Norte de S\u00e3o Paulo, no pr\u00f3ximo domingo (15) foi cancelada. A escola estava ocupada, democraticamente, por estudantes que protestavam contra a inexist\u00eancia de refei\u00e7\u00f5es nas escolas t\u00e9cnicas de S\u00e3o Paulo, bem como os cortes realizados na educa\u00e7\u00e3o do estado. O cancelamento aconteceu depois que a Pol\u00edcia Militar, sem autoriza\u00e7\u00e3o judicial, invadiu v\u00e1rias Etecs retirando \u00e0 for\u00e7a os estudantes. Para seguran\u00e7a do p\u00fablico, a comiss\u00e3o de estudantes decidiu cancelar a sess\u00e3o.<\/p>\n<p>Infelizmente, lamentamos essa atitude violenta e que ataca frontalmente a liberdade de manifesta\u00e7\u00e3o e express\u00e3o dos nossos jovens estudantes e o Estado Democr\u00e1tico de Direito em nosso pa\u00eds e no Estado de S\u00e3o Paulo. \u00a0CINEB e o Sindicato dos Banc\u00e1rios de S\u00e3o Paulo, Osasco e Regi\u00e3o apoiam a ocupa\u00e7\u00e3o dos estudantes e repudiam veementemente essa atitude violenta do governo do Estado de S\u00e3o Paulo.<\/p>\n","protected":false},"excerpt":{"rendered":"<p>A sess\u00e3o especial do CINEB que ocorreria na ETEC Pirituba, na Zona Norte de S\u00e3o Paulo, no pr\u00f3ximo domingo (15)[&#8230;]<\/p>\n","protected":false},"author":2,"featured_media":8622,"comment_status":"open","ping_status":"open","sticky":false,"template":"","format":"standard","meta":[],"categories":[2],"tags":[252,308,378,491,494,740,970],"_links":{"self":[{"href":"https:\/\/projetocineb.com.br\/index.php?rest_route=\/wp\/v2\/posts\/8621"}],"collection":[{"href":"https:\/\/projetocineb.com.br\/index.php?rest_route=\/wp\/v2\/posts"}],"about":[{"href":"https:\/\/projetocineb.com.br\/index.php?rest_route=\/wp\/v2\/types\/post"}],"author":[{"embeddable":true,"href":"https:\/\/projetocineb.com.br\/index.php?rest_route=\/wp\/v2\/users\/2"}],"replies":[{"embeddable":true,"href":"https:\/\/projetocineb.com.br\/index.php?rest_route=%2Fwp%2Fv2%2Fcomments&post=8621"}],"version-history":[{"count":0,"href":"https:\/\/projetocineb.com.br\/index.php?rest_route=\/wp\/v2\/posts\/8621\/revisions"}],"wp:featuredmedia":[{"embeddable":true,"href":"https:\/\/projetocineb.com.br\/index.php?rest_route=\/wp\/v2\/media\/8622"}],"wp:attachment":[{"href":"https:\/\/projetocineb.com.br\/index.php?rest_route=%2Fwp%2Fv2%2Fmedia&parent=8621"}],"wp:term":[{"taxonomy":"category","embeddable":true,"href":"https:\/\/projetocineb.com.br\/index.php?rest_route=%2Fwp%2Fv2%2Fcategories&post=8621"},{"taxonomy":"post_tag","embeddable":true,"href":"https:\/\/projetocineb.com.br\/index.php?rest_route=%2Fwp%2Fv2%2Ftags&post=8621"}],"curies":[{"name":"wp","href":"https:\/\/api.w.org\/{rel}","templated":true}]}}