{"id":8633,"date":"2016-05-17T10:10:15","date_gmt":"2016-05-17T13:10:15","guid":{"rendered":"http:\/\/projetocineb.com.br\/?p=8633"},"modified":"2016-05-17T10:10:15","modified_gmt":"2016-05-17T13:10:15","slug":"cineb-no-jardim-fontalis-pela-segunda-vez","status":"publish","type":"post","link":"https:\/\/projetocineb.com.br\/?p=8633","title":{"rendered":"CINEB no Jardim Fontalis, Zona Norte"},"content":{"rendered":"<p dir=\"ltr\"><em>O CINEB esteve em uma das regi\u00f5es mais carentes de S\u00e3o Paulo para exibir uma sess\u00e3o do filme O Segredo dos Diamantes, de Helv\u00e9cio Ratton. A atividade aconteceu no \u00faltimo s\u00e1bado, (14\/5), na Par\u00f3quia Natividade do Senhor, Jardim Fontalis, Zona Norte.<\/em><\/p>\n<p dir=\"ltr\">\u00c9 sempre um grande prazer para a produ\u00e7\u00e3o do CINEB retornar \u00e0s comunidades por onde o projeto j\u00e1 passou. \u00c9 uma chance de rever os amigos e uma possibilidade de levar mais uma sess\u00e3o de cinema brasileiro a quem tem pouca chance de ter contato com a s\u00e9tima arte produzida no pa\u00eds. No \u00faltimo s\u00e1bado, (14\/5), o CINEB esteve pela segunda vez na Par\u00f3quia Natividade do Senhor, que fica no Jardim Fontalis, Zona Norte, pr\u00f3ximo \u00e0 Serra da Cantareira. Em cartaz, o filme \u00a0O Segredo dos Diamantes de Helv\u00e9cio Ratton, que estava sendo exibido pela quinta vez no CINEB.<\/p>\n<figure id=\"attachment_8635\" aria-describedby=\"caption-attachment-8635\" style=\"width: 389px\" class=\"wp-caption aligncenter\"><a href=\"http:\/\/projetocineb.com.br\/wp-content\/uploads\/2016\/05\/DSC_0005.jpg\"><img fetchpriority=\"high\" decoding=\"async\" class=\" wp-image-8635     \" title=\"DSC_0005\" src=\"http:\/\/projetocineb.com.br\/wp-content\/uploads\/2016\/05\/DSC_0005.jpg\" alt=\"\" width=\"389\" height=\"258\" \/><\/a><figcaption id=\"caption-attachment-8635\" class=\"wp-caption-text\">Cartaz do CINEB na entrada da Par\u00f3quia Natividade do Senhor.<\/figcaption><\/figure>\n<figure id=\"attachment_8636\" aria-describedby=\"caption-attachment-8636\" style=\"width: 389px\" class=\"wp-caption aligncenter\"><a href=\"http:\/\/projetocineb.com.br\/wp-content\/uploads\/2016\/05\/DSC_0009.jpg\"><img decoding=\"async\" class=\" wp-image-8636     \" title=\"DSC_0009\" src=\"http:\/\/projetocineb.com.br\/wp-content\/uploads\/2016\/05\/DSC_0009.jpg\" alt=\"\" width=\"389\" height=\"258\" \/><\/a><figcaption id=\"caption-attachment-8636\" class=\"wp-caption-text\">Fila na entrada do sal\u00e3o paroquial.<\/figcaption><\/figure>\n<p>O Segredo dos Diamantes \u00e9 uma aventura infantojuvenil vencedora do Festival de Cinema de Gramado de 2014 pelo j\u00fari popular. O filme narra a hist\u00f3ria de Angelo, um garoto de 14 anos que descobre uma antiga lenda sobre diamantes perdidos e parte em busca do tesouro para salvar a vida do pai. Para isso, ele e seus amigos J\u00falia e Carlinhos ter\u00e3o que decifrar o enigma e vencer a persegui\u00e7\u00e3o do vil\u00e3o Silv\u00e9rio, que tamb\u00e9m sabe do tesouro e quer encontr\u00e1-lo.<\/p>\n<figure id=\"attachment_8640\" aria-describedby=\"caption-attachment-8640\" style=\"width: 389px\" class=\"wp-caption aligncenter\"><a href=\"http:\/\/projetocineb.com.br\/wp-content\/uploads\/2016\/05\/DSC_00251.jpg\"><img decoding=\"async\" class=\" wp-image-8640     \" title=\"DSC_0025\" src=\"http:\/\/projetocineb.com.br\/wp-content\/uploads\/2016\/05\/DSC_00251.jpg\" alt=\"\" width=\"389\" height=\"258\" \/><\/a><figcaption id=\"caption-attachment-8640\" class=\"wp-caption-text\">Na sess\u00e3o, n\u00e3o pode faltar a pipoca do seu Antonio.<\/figcaption><\/figure>\n<figure id=\"attachment_8644\" aria-describedby=\"caption-attachment-8644\" style=\"width: 389px\" class=\"wp-caption aligncenter\"><a href=\"http:\/\/projetocineb.com.br\/wp-content\/uploads\/2016\/05\/DSC_00243.jpg\"><img loading=\"lazy\" decoding=\"async\" class=\" wp-image-8644     \" title=\"DSC_0024\" src=\"http:\/\/projetocineb.com.br\/wp-content\/uploads\/2016\/05\/DSC_00243.jpg\" alt=\"\" width=\"389\" height=\"258\" \/><\/a><figcaption id=\"caption-attachment-8644\" class=\"wp-caption-text\">Cid\u00e1lio Vieira Santos, coordenador do CINEB entrevista moradores.<\/figcaption><\/figure>\n<p dir=\"ltr\">Jardim Fontalis \u00e9 uma comunidade bastante carente de equipamentos p\u00fablicos de sa\u00fade, educa\u00e7\u00e3o e cultura. Localizada em uma \u00e1rea de prote\u00e7\u00e3o, por anos esteve desassistida pelo poder p\u00fablico. Hoje conta com a infraestrutura b\u00e1sica, mas segundo Lilian Aparecida Matucci, catequista e coordenadora de eventos e de encontro de casais da par\u00f3quia, a regi\u00e3o precisa de muitas melhorias nas \u00e1reas de sa\u00fade, educa\u00e7\u00e3o e principalmente cultura. \u201cMuitas pessoas aqui nunca foram ao cinema. A igreja busca se aproximar bastante da comunidade com as pastorais sociais e da crian\u00e7a\u201d, explica. \u201cRealizamos muitas festas e encontros. Isso atrai muitos jovens. Fazemos at\u00e9 at\u00e9 baladas com DJs e drinks sem alcool. Com isso vamos tentando resgatar a juventude\u201d, comenta.<\/p>\n<div class=\"mceTemp mceIEcenter\">\n<dl id=\"attachment_8639\" class=\"wp-caption aligncenter\" style=\"width: 566px;\">\n<dd class=\"wp-caption-dd\">\n<figure id=\"attachment_8643\" aria-describedby=\"caption-attachment-8643\" style=\"width: 389px\" class=\"wp-caption aligncenter\"><a href=\"http:\/\/projetocineb.com.br\/wp-content\/uploads\/2016\/05\/DSC_00511.jpg\"><img loading=\"lazy\" decoding=\"async\" class=\" wp-image-8643     \" title=\"DSC_0051\" src=\"http:\/\/projetocineb.com.br\/wp-content\/uploads\/2016\/05\/DSC_00511.jpg\" alt=\"\" width=\"389\" height=\"258\" \/><\/a><figcaption id=\"caption-attachment-8643\" class=\"wp-caption-text\">Madalena Fiqueiredo, da pastoral da crian\u00e7a, Lilian Martucci, coordenadora de eventos da par\u00f3quia, Lorenida Silva Santos, secret\u00e1ria do padre e Cid\u00e1lio Vieira Santos na abertura oficial da sess\u00e3o.<\/figcaption><\/figure>\n<\/dd>\n<\/dl>\n<\/div>\n<p>&nbsp;<\/p>\n<figure id=\"attachment_8642\" aria-describedby=\"caption-attachment-8642\" style=\"width: 389px\" class=\"wp-caption aligncenter\"><a href=\"http:\/\/projetocineb.com.br\/wp-content\/uploads\/2016\/05\/DSC_00791.jpg\"><img loading=\"lazy\" decoding=\"async\" class=\" wp-image-8642     \" title=\"DSC_0079\" src=\"http:\/\/projetocineb.com.br\/wp-content\/uploads\/2016\/05\/DSC_00791.jpg\" alt=\"\" width=\"389\" height=\"258\" \/><\/a><figcaption id=\"caption-attachment-8642\" class=\"wp-caption-text\">Cid\u00e1lio ao lado do padre Andr\u00e9s Marengo<\/figcaption><\/figure>\n<p>Para Madalena Figueiredo, uma das lideran\u00e7as sociais, coordenadora da pastoral da sa\u00fade e respons\u00e1vel por contatar o projeto para levar o cinema brasileiro para a comunidade, \u00a0\u201ca sess\u00e3o do ano passado foi um sucesso. Logo depois pediram mais, porque aqui n\u00e3o existe lazer para as pessoas. Por isso \u00e9 bom ter voc\u00eas de volta\u201d, \u00a0complementa.<\/p>\n<figure id=\"attachment_8645\" aria-describedby=\"caption-attachment-8645\" style=\"width: 389px\" class=\"wp-caption aligncenter\"><a href=\"http:\/\/projetocineb.com.br\/wp-content\/uploads\/2016\/05\/DSC_0125.jpg\"><img loading=\"lazy\" decoding=\"async\" class=\" wp-image-8645     \" title=\"DSC_0125\" src=\"http:\/\/projetocineb.com.br\/wp-content\/uploads\/2016\/05\/DSC_0125.jpg\" alt=\"\" width=\"389\" height=\"258\" \/><\/a><figcaption id=\"caption-attachment-8645\" class=\"wp-caption-text\">A fam\u00edlia Silva dos Santos marcou presen\u00e7a mais uma vez na sess\u00e3o do CINEB.<\/figcaption><\/figure>\n<p>Diferente do ano passado, quando a sess\u00e3o aconteceu dentro da bel\u00edssima igreja, rec\u00e9m constru\u00edda, as atividades ocorreram no sal\u00e3o paroquial porque o padre Andr\u00e9s Marengo celebrava uma missa. Mesmo sem poder acompanhar a sess\u00e3o, j\u00e1 que celebraria outra missa noutra par\u00f3quia da regi\u00e3o, Andr\u00e9s elogiou a parceria: \u201c\u00e9 uma oportunidade para nossa comunidade tomar contato com a cultura. Deus nos \u00e0 sua semelhan\u00e7a para crescermos adquirindo conhecimento. Sobretudo temos que valoriza a cultura nacional, o cinema nacional\u201d, avalia. Antes de come\u00e7ar o filme, o CINEB exibiu uma sauda\u00e7\u00e3o do diretor do filme Helv\u00e9cio Ratton \u00e0 todos os presentes na sess\u00e3o.<\/p>\n<figure id=\"attachment_8646\" aria-describedby=\"caption-attachment-8646\" style=\"width: 389px\" class=\"wp-caption aligncenter\"><a href=\"http:\/\/projetocineb.com.br\/wp-content\/uploads\/2016\/05\/DSC_0045.jpg\"><img loading=\"lazy\" decoding=\"async\" class=\" wp-image-8646     \" title=\"DSC_0045\" src=\"http:\/\/projetocineb.com.br\/wp-content\/uploads\/2016\/05\/DSC_0045.jpg\" alt=\"\" width=\"389\" height=\"258\" \/><\/a><figcaption id=\"caption-attachment-8646\" class=\"wp-caption-text\">Muitas fam\u00edlias com crian\u00e7as para acompanhar o filme O Segredo dos Diamantes.<\/figcaption><\/figure>\n<figure id=\"attachment_8648\" aria-describedby=\"caption-attachment-8648\" style=\"width: 389px\" class=\"wp-caption aligncenter\"><a href=\"http:\/\/projetocineb.com.br\/wp-content\/uploads\/2016\/05\/DSC_00731.jpg\"><img loading=\"lazy\" decoding=\"async\" class=\" wp-image-8648     \" title=\"DSC_0073\" src=\"http:\/\/projetocineb.com.br\/wp-content\/uploads\/2016\/05\/DSC_00731.jpg\" alt=\"\" width=\"389\" height=\"258\" \/><\/a><figcaption id=\"caption-attachment-8648\" class=\"wp-caption-text\">O diretor Helv\u00e9cio Ratton d\u00e1 seu recado aos presentes na sess\u00e3o.<\/figcaption><\/figure>\n<p dir=\"ltr\">A fam\u00edlia Silva dos Santos aproveitou para mais uma vez acompanhar o projeto. Rafael Alves dos Santos acompanhado da esposa Daniela Fabiana dos Santos e dos filhos \u00a0Richard, Rian e Kathelin conta que todos gostaram muito da sess\u00e3o do ano passado, quando foi exibido o filme Rio 2. \u201cLogo que soubemos \u00a0fomos atr\u00e1s dos convites e estamos todos aqui novamente\u201d.<\/p>\n<figure id=\"attachment_8649\" aria-describedby=\"caption-attachment-8649\" style=\"width: 389px\" class=\"wp-caption aligncenter\"><a href=\"http:\/\/projetocineb.com.br\/wp-content\/uploads\/2016\/05\/DSC_0104.jpg\"><img loading=\"lazy\" decoding=\"async\" class=\" wp-image-8649     \" title=\"DSC_0104\" src=\"http:\/\/projetocineb.com.br\/wp-content\/uploads\/2016\/05\/DSC_0104.jpg\" alt=\"\" width=\"389\" height=\"258\" \/><\/a><figcaption id=\"caption-attachment-8649\" class=\"wp-caption-text\">Antonio Flor, o neto Luiz Henrique e Maria Jos\u00e9: a gente fica em casa e n\u00e3o tem para onde ir.<\/figcaption><\/figure>\n<p dir=\"ltr\">J\u00e1 o casal Antonio Flor e Maria Jos\u00e9 estavam pela primeira vez numa sala de cinema. Antonio conta que a falta de tempo e de dinheiro sempre foram um impec\u00edlio para ir a uma ses\u00e3o de cinema. Acompanhados pelo neto Luiz Henrique, de 5 anos, o casal elogiou o projeto: \u201cfoi \u00f3timo, gostei. A gente precisa de mais coisas assim, porque a gente fica em casa sem ter o que fazer nem para onde ir\u201d, explica Maria Jos\u00e9.<\/p>\n<figure id=\"attachment_8650\" aria-describedby=\"caption-attachment-8650\" style=\"width: 389px\" class=\"wp-caption aligncenter\"><a href=\"http:\/\/projetocineb.com.br\/wp-content\/uploads\/2016\/05\/DSC_0107.jpg\"><img loading=\"lazy\" decoding=\"async\" class=\" wp-image-8650     \" title=\"DSC_0107\" src=\"http:\/\/projetocineb.com.br\/wp-content\/uploads\/2016\/05\/DSC_0107.jpg\" alt=\"\" width=\"389\" height=\"258\" \/><\/a><figcaption id=\"caption-attachment-8650\" class=\"wp-caption-text\">Jo\u00e3o Jesus da Silva e Geraldina Isabel da Silva de Garanhuns (PE): primeira vez numa sess\u00e3o de cinema.<\/figcaption><\/figure>\n<p>A sess\u00e3o teve at\u00e9 quem veio de longe e aproveitou para conhecer uma sess\u00e3o de cinema pela primeira vez: Jo\u00e3o Jesus da Silva e Geraldina Isabel da Silva s\u00e3o de Garanhuns, Pernambuco. Moram em um s\u00edtio longe de tudo. Est\u00e3o passando uma temporada em S\u00e3o Paulo na casa da filha, que mora no Jardim Fontalis e de parentes que moram em outras regi\u00f5es da cidade. \u201cGostei muito. L\u00e1 eu n\u00e3o tenho essa oportunidade\u201d, conta Jo\u00e3o.<\/p>\n<figure id=\"attachment_8651\" aria-describedby=\"caption-attachment-8651\" style=\"width: 389px\" class=\"wp-caption aligncenter\"><a href=\"http:\/\/projetocineb.com.br\/wp-content\/uploads\/2016\/05\/DSC_0121.jpg\"><img loading=\"lazy\" decoding=\"async\" class=\" wp-image-8651     \" title=\"DSC_0121\" src=\"http:\/\/projetocineb.com.br\/wp-content\/uploads\/2016\/05\/DSC_0121.jpg\" alt=\"\" width=\"389\" height=\"258\" \/><\/a><figcaption id=\"caption-attachment-8651\" class=\"wp-caption-text\">Ganhadores das camisetas do CINEB. At\u00e9 a pr\u00f3xima sess\u00e3o!<\/figcaption><\/figure>\n<p dir=\"ltr\">O CINEB \u00e9 um circuito itinerante de cinema realizado pelo Sindicato dos Banc\u00e1rios de S\u00e3o Paulo, Osasco e Regi\u00e3o e pela Brazucah Produ\u00e7\u00f5es. Desde 2007, o j\u00e1 atingiu um p\u00fablico superior a 50 mil espectadores em quase 400 sess\u00f5es gratuitas realizadas em comunidades e universidades de S\u00e3o Paulo. A iniciativa busca democratizar o acesso ao cinema nacional e divulgar os filmes produzidos no Brasil. J\u00e1 foram exibidos na tela do CINEB mais de 75 longas-metragens e 50 curtas-metragens, al\u00e9m da realiza\u00e7\u00e3o de pr\u00e9-estreias exclusivas.<\/p>\n<p><strong><em>Contatos do CINEB<\/em><\/strong><\/p>\n<p>Instagram: @projetocineb | Twitter:\u00a0@projetocineb | Facebook:<a href=\"https:\/\/www.facebook.com\/cinemabrasileiro\" target=\"_blank\">\u00a0cinemabrasileiro<\/a>\u00a0| Email:\u00a0<a href=\"mailto:producaocineb@brazucah.com.br\" target=\"_blank\">producaocineb@brazucah.com.br<\/a><\/p>\n","protected":false},"excerpt":{"rendered":"<p>O CINEB esteve em uma das regi\u00f5es mais carentes de S\u00e3o Paulo para exibir uma sess\u00e3o do filme O Segredo[&#8230;]<\/p>\n","protected":false},"author":2,"featured_media":8657,"comment_status":"open","ping_status":"open","sticky":false,"template":"","format":"standard","meta":[],"categories":[2],"tags":[],"_links":{"self":[{"href":"https:\/\/projetocineb.com.br\/index.php?rest_route=\/wp\/v2\/posts\/8633"}],"collection":[{"href":"https:\/\/projetocineb.com.br\/index.php?rest_route=\/wp\/v2\/posts"}],"about":[{"href":"https:\/\/projetocineb.com.br\/index.php?rest_route=\/wp\/v2\/types\/post"}],"author":[{"embeddable":true,"href":"https:\/\/projetocineb.com.br\/index.php?rest_route=\/wp\/v2\/users\/2"}],"replies":[{"embeddable":true,"href":"https:\/\/projetocineb.com.br\/index.php?rest_route=%2Fwp%2Fv2%2Fcomments&post=8633"}],"version-history":[{"count":0,"href":"https:\/\/projetocineb.com.br\/index.php?rest_route=\/wp\/v2\/posts\/8633\/revisions"}],"wp:featuredmedia":[{"embeddable":true,"href":"https:\/\/projetocineb.com.br\/index.php?rest_route=\/wp\/v2\/media\/8657"}],"wp:attachment":[{"href":"https:\/\/projetocineb.com.br\/index.php?rest_route=%2Fwp%2Fv2%2Fmedia&parent=8633"}],"wp:term":[{"taxonomy":"category","embeddable":true,"href":"https:\/\/projetocineb.com.br\/index.php?rest_route=%2Fwp%2Fv2%2Fcategories&post=8633"},{"taxonomy":"post_tag","embeddable":true,"href":"https:\/\/projetocineb.com.br\/index.php?rest_route=%2Fwp%2Fv2%2Ftags&post=8633"}],"curies":[{"name":"wp","href":"https:\/\/api.w.org\/{rel}","templated":true}]}}