{"id":8669,"date":"2016-06-05T23:36:28","date_gmt":"2016-06-06T02:36:28","guid":{"rendered":"http:\/\/projetocineb.com.br\/?p=8669"},"modified":"2016-06-05T23:36:28","modified_gmt":"2016-06-06T02:36:28","slug":"tudo-que-aprendemos-juntos-e-exibido-no-grajau","status":"publish","type":"post","link":"https:\/\/projetocineb.com.br\/?p=8669","title":{"rendered":"\u201cTudo que Aprendemos Juntos\u201d \u00e9 exibido no Graja\u00fa"},"content":{"rendered":"<p><em>O CINEB esteve na \u00faltima quarta-feira (1\/6) pela primeira vez na Escola Estadual Samuel Weiner, no Graja\u00fa, Zona Sul de S\u00e3o Paulo. O filme exibido foi<\/em> Tudo que Aprendemos Juntos<em>, de S\u00e9rgio Machado, que contou com a presen\u00e7a do ator do filme, Kaique Jesus. Alunas da escola apresentaram m\u00fasica e poesia.<\/em><\/p>\n<p>Na \u00faltima quarta-feira (1\/6), o CINEB foi at\u00e9 o Graja\u00fa, na Zona Sul de S\u00e3o Paulo, para mais uma sess\u00e3o, mas dessa vez para um lugar que nunca havia passado antes: a Escola Estadual Samuel Weiner, uma das maiores da regi\u00e3o, que atende alunos do ensino fundamental e m\u00e9dio nos per\u00edodos da manh\u00e3, tarde e noite.<\/p>\n<figure id=\"attachment_8672\" aria-describedby=\"caption-attachment-8672\" style=\"width: 504px\" class=\"wp-caption aligncenter\"><a href=\"http:\/\/projetocineb.com.br\/wp-content\/uploads\/2016\/06\/DSC_0226-2.jpg\"><img fetchpriority=\"high\" decoding=\"async\" class=\" wp-image-8672 \" title=\"DSC_0226-2\" src=\"http:\/\/projetocineb.com.br\/wp-content\/uploads\/2016\/06\/DSC_0226-2.jpg\" alt=\"\" width=\"504\" height=\"335\" \/><\/a><figcaption id=\"caption-attachment-8672\" class=\"wp-caption-text\">EE Samuel Weiner recebeu Projeto CINEB pela primeira vez.<\/figcaption><\/figure>\n<p>O local foi escolhido para fazer a estreia do longa-metragem <em>Tudo que Aprendemos Juntos<\/em> de S\u00e9rgio Machado, que ser\u00e1 exibido em cinco sess\u00f5es durante o m\u00eas de junho. O filme conta a hist\u00f3ria de Laerte, um talentoso violinista que se v\u00ea obrigado a dar aulas de m\u00fasica na comunidade Heli\u00f3polis depois da tentativa fracassada de ingressar na Osesp. Tem como ponto de partida a pe\u00e7a <em>Acorda Brasil<\/em>, escrita por Antonio Erm\u00ednio de Moraes sobre a experi\u00eancia do Instituto Bacarelli na comunidade Heli\u00f3polis, em S\u00e3o Paulo. Sua estreia nacional aconteceu em dezembro do ano passado, j\u00e1 passou pelo circuito comercial e segue uma carreira internacional com os direitos vendidos para 22 pa\u00edses.<\/p>\n<figure id=\"attachment_8673\" aria-describedby=\"caption-attachment-8673\" style=\"width: 529px\" class=\"wp-caption aligncenter\"><a href=\"http:\/\/projetocineb.com.br\/wp-content\/uploads\/2016\/06\/DSC_0128-2.jpg\"><img decoding=\"async\" class=\" wp-image-8673  \" title=\"DSC_0128-2\" src=\"http:\/\/projetocineb.com.br\/wp-content\/uploads\/2016\/06\/DSC_0128-2.jpg\" alt=\"\" width=\"529\" height=\"352\" \/><\/a><figcaption id=\"caption-attachment-8673\" class=\"wp-caption-text\">Rog\u00e9rio Nunes, Arnaldo Farchi, Dorothy do Sabotage, Cid\u00e1lio Vieira Santos, Cristiane de Oliveira Silva e Kaique Jesus<\/figcaption><\/figure>\n<p>O diretor da escola, Arnaldo Farchi, estava bastante empolgado. Mobilizou professores e alunos para a sess\u00e3o e convidou uma escola vizinha, a EE Irm\u00e3 Chalita, que segundo a professora Cristiane de Oliveira Silva levou cerca de 150 alunos para a sess\u00e3o. \u201cN\u00f3s abrimos a escola para receber tudo o que pode ajudar nossos alunos a se desenvolverem, integrando escola e comunidade\u201d, explicou.<\/p>\n<p>O respons\u00e1vel por colocar o CINEB em contato com a escola foi o professor de f\u00edsica e matem\u00e1tica Rog\u00e9rio Nunes. Em outubro do ano passado, Nunes levou seus alunos para duas sess\u00f5es de cinema ao ar livre numa pra\u00e7a do Graja\u00fa. As atividades foram organizadas pelo Cinesolar, projeto de cinema e sustentabilidade da Brazucah Produ\u00e7\u00f5es, para a prefeitura de S\u00e3o Paulo. Na ocasi\u00e3o Nunes conheceu o coordenador do CINEB Cid\u00e1lio Vieira Santos. \u201cO que voc\u00eas fazem tem tudo a ver com o que gostamos de fazer na nossa regi\u00e3o\u201d, explica. Na sequ\u00eancia, ao lado da Dorothy do Sabotage, moradora bastante atuante na comunidade, levou a sugest\u00e3o do filme ao Farchi, que aceitou prontamente organizar a atividade.<\/p>\n<figure id=\"attachment_8674\" aria-describedby=\"caption-attachment-8674\" style=\"width: 529px\" class=\"wp-caption aligncenter\"><a href=\"http:\/\/projetocineb.com.br\/wp-content\/uploads\/2016\/06\/DSC_0140-2.jpg\"><img decoding=\"async\" class=\" wp-image-8674  \" title=\"DSC_0140-2\" src=\"http:\/\/projetocineb.com.br\/wp-content\/uploads\/2016\/06\/DSC_0140-2.jpg\" alt=\"\" width=\"529\" height=\"352\" \/><\/a><figcaption id=\"caption-attachment-8674\" class=\"wp-caption-text\">Pamela Melissa, aluna do 1\u00ba ano do ensino m\u00e9dio: m\u00fasica engajada.<\/figcaption><\/figure>\n<figure id=\"attachment_8677\" aria-describedby=\"caption-attachment-8677\" style=\"width: 529px\" class=\"wp-caption aligncenter\"><a href=\"http:\/\/projetocineb.com.br\/wp-content\/uploads\/2016\/06\/DSC_0188-21.jpg\"><img loading=\"lazy\" decoding=\"async\" class=\" wp-image-8677  \" title=\"DSC_0188-2\" src=\"http:\/\/projetocineb.com.br\/wp-content\/uploads\/2016\/06\/DSC_0188-21.jpg\" alt=\"\" width=\"529\" height=\"352\" \/><\/a><figcaption id=\"caption-attachment-8677\" class=\"wp-caption-text\">Alana Brand\u00e3o: poesia para falar da viol\u00eancia do Estado na periferia.<\/figcaption><\/figure>\n<p>Antes do in\u00edcio da sess\u00e3o Pamela Melissa, aluna do primeiro ano do ensino m\u00e9dio, apresentou duas can\u00e7\u00f5es \u00e0 capela, uma delas um rap de sua autoria que aborda a viol\u00eancia contra a mulher e contra o jovem da periferia que empolgou as mais de 315 pessoas presentes \u00e0 sess\u00e3o. Melissa contou com a companhia Alana Brand\u00e3o, ex-aluno da escola, que apresentou uma de suas cria\u00e7\u00f5es, o poema <em>Tem Vermelho na Favela<\/em>, um manifesto contra o assassinato de um jovem de 14 anos da regi\u00e3o por PMs. Veja o trecho final do poema:<\/p>\n<p>Tem vermelho&#8230;\/ Tem muito vermelho nos olhos cansados\/ Tem vermelho&#8230;\/ Vermelho SANGUE\/ Tem sangue no ch\u00e3o da favela\/ Tem sangue dos muitos Lucas e Eduardos que moravam nela.<\/p>\n<figure id=\"attachment_8678\" aria-describedby=\"caption-attachment-8678\" style=\"width: 529px\" class=\"wp-caption aligncenter\"><a href=\"http:\/\/projetocineb.com.br\/wp-content\/uploads\/2016\/06\/DSC_0231-2.jpg\"><img loading=\"lazy\" decoding=\"async\" class=\" wp-image-8678  \" title=\"DSC_0231-2\" src=\"http:\/\/projetocineb.com.br\/wp-content\/uploads\/2016\/06\/DSC_0231-2.jpg\" alt=\"\" width=\"529\" height=\"352\" \/><\/a><figcaption id=\"caption-attachment-8678\" class=\"wp-caption-text\">Kaique ao lado de Cid\u00e1lio: contando as hist\u00f3rias da produ\u00e7\u00e3o do filme.<\/figcaption><\/figure>\n<p>A sess\u00e3o contou com a presen\u00e7a do ator Kaique Jesus, um dos protagonistas do filme. Ao final da exibi\u00e7\u00e3o, o jovem ator respondeu quest\u00f5es formuladas pela plateia sobre sua trajet\u00f3ria profissional e a experi\u00eancia de ter trabalhado com a s\u00e9tima arte. Aos 22 anos, Jesus j\u00e1 atuou em tr\u00eas longas metragens, em pe\u00e7as de teatro e comerciais. Ele contou, por exemplo, como entrou para o mundo do cinema aos 13 anos, ao atuar no filme <em>Linha de Passe<\/em> de Walter Salles: \u201cEu frequentava a Casa do Zezinho \u2013 uma ONG da Zona Sul \u2013 e um grupo de estudantes de teatro procurou o espa\u00e7o para fazer um trabalho de faculdade. Na verdade, eles estavam fazendo um teste. Quando ligaram para minha m\u00e3e falando que eu havia passado num teste de elenco de um filme, ela achou que era trote. Precisou o pessoal l\u00e1 do Zezinho entrar em contato para ela acreditar\u201d, explicou.<\/p>\n<figure id=\"attachment_8679\" aria-describedby=\"caption-attachment-8679\" style=\"width: 529px\" class=\"wp-caption aligncenter\"><a href=\"http:\/\/projetocineb.com.br\/wp-content\/uploads\/2016\/06\/DSC_0322-2.jpg\"><img loading=\"lazy\" decoding=\"async\" class=\" wp-image-8679  \" title=\"DSC_0322-2\" src=\"http:\/\/projetocineb.com.br\/wp-content\/uploads\/2016\/06\/DSC_0322-2.jpg\" alt=\"\" width=\"529\" height=\"352\" \/><\/a><figcaption id=\"caption-attachment-8679\" class=\"wp-caption-text\">At\u00e9 a pr\u00f3xima sess\u00e3o!<\/figcaption><\/figure>\n<p>O CINEB \u00e9 um circuito itinerante de cinema realizado pelo Sindicato dos Banc\u00e1rios de S\u00e3o Paulo, Osasco e Regi\u00e3o e pela Brazucah Produ\u00e7\u00f5es. Desde 2007, o j\u00e1 atingiu um p\u00fablico superior a 50 mil espectadores em quase 400 sess\u00f5es gratuitas realizadas em comunidades e universidades de S\u00e3o Paulo. A iniciativa busca democratizar o acesso ao cinema nacional e divulgar os filmes produzidos no Brasil. J\u00e1 foram exibidos na tela do CINEB mais de 75 longas-metragens e 50 curtas-metragens, al\u00e9m da realiza\u00e7\u00e3o de pr\u00e9-estreias exclusivas<em>.<\/em><\/p>\n","protected":false},"excerpt":{"rendered":"<p>O CINEB esteve na \u00faltima quarta-feira (1\/6) pela primeira vez na Escola Estadual Samuel Weiner, no Graja\u00fa, Zona Sul de[&#8230;]<\/p>\n","protected":false},"author":2,"featured_media":8670,"comment_status":"open","ping_status":"open","sticky":false,"template":"","format":"standard","meta":[],"categories":[2],"tags":[52,93,181,237,252,412,442,577,719,897,917,1070,1112,1132,1173],"_links":{"self":[{"href":"https:\/\/projetocineb.com.br\/index.php?rest_route=\/wp\/v2\/posts\/8669"}],"collection":[{"href":"https:\/\/projetocineb.com.br\/index.php?rest_route=\/wp\/v2\/posts"}],"about":[{"href":"https:\/\/projetocineb.com.br\/index.php?rest_route=\/wp\/v2\/types\/post"}],"author":[{"embeddable":true,"href":"https:\/\/projetocineb.com.br\/index.php?rest_route=\/wp\/v2\/users\/2"}],"replies":[{"embeddable":true,"href":"https:\/\/projetocineb.com.br\/index.php?rest_route=%2Fwp%2Fv2%2Fcomments&post=8669"}],"version-history":[{"count":0,"href":"https:\/\/projetocineb.com.br\/index.php?rest_route=\/wp\/v2\/posts\/8669\/revisions"}],"wp:featuredmedia":[{"embeddable":true,"href":"https:\/\/projetocineb.com.br\/index.php?rest_route=\/wp\/v2\/media\/8670"}],"wp:attachment":[{"href":"https:\/\/projetocineb.com.br\/index.php?rest_route=%2Fwp%2Fv2%2Fmedia&parent=8669"}],"wp:term":[{"taxonomy":"category","embeddable":true,"href":"https:\/\/projetocineb.com.br\/index.php?rest_route=%2Fwp%2Fv2%2Fcategories&post=8669"},{"taxonomy":"post_tag","embeddable":true,"href":"https:\/\/projetocineb.com.br\/index.php?rest_route=%2Fwp%2Fv2%2Ftags&post=8669"}],"curies":[{"name":"wp","href":"https:\/\/api.w.org\/{rel}","templated":true}]}}