{"id":8685,"date":"2016-06-06T00:34:55","date_gmt":"2016-06-06T03:34:55","guid":{"rendered":"http:\/\/projetocineb.com.br\/?p=8685"},"modified":"2016-06-06T00:34:55","modified_gmt":"2016-06-06T03:34:55","slug":"gremio-estudantil-e-professores-organizam-sessao","status":"publish","type":"post","link":"https:\/\/projetocineb.com.br\/?p=8685","title":{"rendered":"Gr\u00eamio estudantil e professores organizam sess\u00e3o"},"content":{"rendered":"<p><em>Alunos do Gr\u00eamio Estudantil e professores da EE Jo\u00e3o XXIII, na Zona Oeste, se envolveram na organiza\u00e7\u00e3o da sess\u00e3o do CINEB na \u00faltima sexta-feira, (3\/6), que exibiu o longa <\/em>Tudo que Aprendemos Juntos<em>, de S\u00e9rgio Machado. Antes do filme, o Projeto Passarim, de educa\u00e7\u00e3o musical que atua na regi\u00e3o, fez uma apresenta\u00e7\u00e3o com alunos de violino.<\/em><\/p>\n<p style=\"text-align: center;\"><a href=\"http:\/\/projetocineb.com.br\/wp-content\/uploads\/2016\/06\/DSC_0370.jpg\"><img fetchpriority=\"high\" decoding=\"async\" class=\"aligncenter  wp-image-8690\" title=\"DSC_0370\" src=\"http:\/\/projetocineb.com.br\/wp-content\/uploads\/2016\/06\/DSC_0370.jpg\" alt=\"\" width=\"499\" height=\"331\" \/><\/a><\/p>\n<p>Alunos e professores da Escola Estadual Jo\u00e3o XXIII fizeram uma grande mobiliza\u00e7\u00e3o para que o CINEB pudesse levar sua sess\u00e3o \u00e0 escola, que fica no bairro do Butant\u00e3, divisa entre S\u00e3o Paulo e Tabo\u00e3o da Serra, Zona Oeste. E mesmo com o frio e a chuva da \u00faltima sexta-feira, 3\/6, a sess\u00e3o foi um sucesso, com mais de 200 pessoas presentes para acompanhar o longa-metragem <em>Tudo que Aprendemos Juntos <\/em>de S\u00e9rgio Machado.<\/p>\n<p style=\"text-align: center;\"><a href=\"http:\/\/projetocineb.com.br\/wp-content\/uploads\/2016\/06\/DSC_0362.jpg\"><img decoding=\"async\" class=\"aligncenter  wp-image-8691\" title=\"DSC_0362\" src=\"http:\/\/projetocineb.com.br\/wp-content\/uploads\/2016\/06\/DSC_0362.jpg\" alt=\"\" width=\"499\" height=\"331\" \/><\/a><\/p>\n<p>O filme conta a hist\u00f3ria de Laerte, um talentoso violinista que se v\u00ea obrigado a dar aulas de m\u00fasica na comunidade Heli\u00f3polis depois da tentativa fracassada de ingressar na Osesp. Tem como ponto de partida a pe\u00e7a Acorda Brasil, escrita por Antonio Erm\u00ednio de Moraes sobre a experi\u00eancia do Instituto Bacarelli na comunidade Heli\u00f3polis, em S\u00e3o Paulo. Sua estreia nacional aconteceu em dezembro do ano passado, j\u00e1 passou pelo circuito comercial e segue uma carreira internacional com os direitos vendidos para ser exibido em 22 pa\u00edses.<\/p>\n<p style=\"text-align: center;\"><a href=\"http:\/\/projetocineb.com.br\/wp-content\/uploads\/2016\/06\/DSC_0369.jpg\"><img decoding=\"async\" class=\"aligncenter  wp-image-8692\" title=\"DSC_0369\" src=\"http:\/\/projetocineb.com.br\/wp-content\/uploads\/2016\/06\/DSC_0369.jpg\" alt=\"\" width=\"499\" height=\"331\" \/><\/a><\/p>\n<p>Toda mobiliza\u00e7\u00e3o pela divulga\u00e7\u00e3o do filme envolveu os alunos do Gr\u00eamio Estudantil Estudantes Revolucion\u00e1rios que conta todo apoio da coordena\u00e7\u00e3o da escola. Segundo a diretora, F\u00e1tima Massea Satoru, a integra\u00e7\u00e3o da escola com a comunidade \u00e9 fundamental. E os alunos organizados podem ser a ponte entre a escola e a comunidade, tornando-se protagonistas, \u201cporque o lugar de aprender n\u00e3o \u00e9 s\u00f3 na sala de aula\u201d, avalia.<\/p>\n<p style=\"text-align: center;\"><a href=\"http:\/\/projetocineb.com.br\/wp-content\/uploads\/2016\/06\/DSC_0382.jpg\"><img loading=\"lazy\" decoding=\"async\" class=\"aligncenter  wp-image-8693\" title=\"DSC_0382\" src=\"http:\/\/projetocineb.com.br\/wp-content\/uploads\/2016\/06\/DSC_0382.jpg\" alt=\"\" width=\"499\" height=\"331\" \/><\/a><\/p>\n<p>Segundo os alunos que integram o gr\u00eamio, os estudantes est\u00e3o cada vez mais protagonistas de sua hist\u00f3ria. O grupo ocupou a escola em 2015 como forma de protestar contra a reorganiza\u00e7\u00e3o escolar proposta pelo governador Alckmin. \u201cAntes tudo o que o governo mandava, os estudantes aceitavam. Mas a gente descobriu que \u00e9 poss\u00edvel lutarmos por melhorias. As manifesta\u00e7\u00f5es de 2013, dos 20 centavos, do passe livre, nos mostrou que era poss\u00edvel lutar. Os alunos n\u00e3o est\u00e3o acomodados com o que o governo nos oferece agora\u201d, explica Alvim Almeida, estudando do 3\u00ba ano do ensino m\u00e9dio.<\/p>\n<p style=\"text-align: center;\"><a href=\"http:\/\/projetocineb.com.br\/wp-content\/uploads\/2016\/06\/DSC_0405.jpg\"><img loading=\"lazy\" decoding=\"async\" class=\"aligncenter  wp-image-8694\" title=\"DSC_0405\" src=\"http:\/\/projetocineb.com.br\/wp-content\/uploads\/2016\/06\/DSC_0405.jpg\" alt=\"\" width=\"499\" height=\"331\" \/><\/a><\/p>\n<p>Vanessa Dias da Silva, coordenadora pedag\u00f3gica da escola lembra que recentemente os alunos arrecadaram tinta com o com\u00e9rcio local para pintar a quadra. \u201cOs alunos t\u00eam muito g\u00e1s, eles \u00e9 que organizam todas as festas da escola. E quando eles fazem, d\u00e1 certo. A escola enche, o clima fica gostoso. Tudo o que \u00e9 positivo, a gente apoia. Mas sempre avisamos que \u00e9 preciso fazer as coisas com responsabilidade\u201d, conclui.<\/p>\n<p style=\"text-align: center;\"><a href=\"http:\/\/projetocineb.com.br\/wp-content\/uploads\/2016\/06\/DSC_0412.jpg\"><img loading=\"lazy\" decoding=\"async\" class=\"aligncenter  wp-image-8695\" title=\"DSC_0412\" src=\"http:\/\/projetocineb.com.br\/wp-content\/uploads\/2016\/06\/DSC_0412.jpg\" alt=\"\" width=\"499\" height=\"331\" \/><\/a><\/p>\n<p>E foi assim, com a maior responsa, que os alunos entraram em contato com a Associa\u00e7\u00e3o pela Fam\u00edlia, uma organiza\u00e7\u00e3o n\u00e3o governamental que atua na regi\u00e3o para convidar o Projeto Passarim a se apresentar antes do filme. O projeto de educa\u00e7\u00e3o musical atende crian\u00e7as e jovens em situa\u00e7\u00e3o da vulnerabilidade social e funciona no Centro Educacional Unificado (CEU) Uirapuru, pr\u00f3ximo \u00e0 EE Jo\u00e3o XXIII. O aluno Matheus Raimundo dos Santos, integrante da dire\u00e7\u00e3o do gr\u00eamio estudantil foi quem entrou em contato com o coordenador do projeto Passarim, o maestro Danilo Tomic. \u201cQuando a gente soube que o filme seria sobre a hist\u00f3ria de um projeto musical, eu dei a ideia de contatamos o Passarim. O maestro aceitou na hora\u201d, explica. \u201cMuitos dos alunos que frequentam o Passarim, tamb\u00e9m estudam na EE Jo\u00e3o XXIII, ent\u00e3o deu tudo certo\u201d, finaliza Matheus.<\/p>\n<p style=\"text-align: center;\"><a href=\"http:\/\/projetocineb.com.br\/wp-content\/uploads\/2016\/06\/DSC_0429.jpg\"><img loading=\"lazy\" decoding=\"async\" class=\"aligncenter  wp-image-8697\" title=\"DSC_0429\" src=\"http:\/\/projetocineb.com.br\/wp-content\/uploads\/2016\/06\/DSC_0429.jpg\" alt=\"\" width=\"499\" height=\"331\" \/><\/a><\/p>\n<p style=\"text-align: center;\"><a href=\"http:\/\/projetocineb.com.br\/wp-content\/uploads\/2016\/06\/DSC_0428.jpg\"><img loading=\"lazy\" decoding=\"async\" class=\"aligncenter  wp-image-8698\" title=\"DSC_0428\" src=\"http:\/\/projetocineb.com.br\/wp-content\/uploads\/2016\/06\/DSC_0428.jpg\" alt=\"\" width=\"499\" height=\"331\" \/><\/a><\/p>\n<p>O maestro Danilo Tomic levou um grupo de 25 crian\u00e7as alunas de violino, que apresentaram pe\u00e7as de Mozart, Beethoven e Asa Branca de Luiz Gonzaga entre outras obras. Ao final muitos aplausos e um obrigat\u00f3rio bis.<\/p>\n<p style=\"text-align: center;\"><a href=\"http:\/\/projetocineb.com.br\/wp-content\/uploads\/2016\/06\/DSC_0436.jpg\"><img loading=\"lazy\" decoding=\"async\" class=\"aligncenter  wp-image-8699\" title=\"DSC_0436\" src=\"http:\/\/projetocineb.com.br\/wp-content\/uploads\/2016\/06\/DSC_0436.jpg\" alt=\"\" width=\"499\" height=\"331\" \/><\/a><\/p>\n<p>O CINEB \u00e9 um circuito itinerante de cinema realizado pelo Sindicato dos Banc\u00e1rios de S\u00e3o Paulo, Osasco e Regi\u00e3o e pela Brazucah Produ\u00e7\u00f5es. Desde 2007, o j\u00e1 atingiu um p\u00fablico superior a 50 mil espectadores em quase 400 sess\u00f5es gratuitas realizadas em comunidades e universidades de S\u00e3o Paulo. A iniciativa busca democratizar o acesso ao cinema nacional e divulgar os filmes produzidos no Brasil. J\u00e1 foram exibidos na tela do CINEB mais de 75 longas-metragens e 50 curtas-metragens, al\u00e9m da realiza\u00e7\u00e3o de pr\u00e9-estreias exclusivas<em>.<\/em><\/p>\n","protected":false},"excerpt":{"rendered":"<p>Alunos do Gr\u00eamio Estudantil e professores da EE Jo\u00e3o XXIII, na Zona Oeste, se envolveram na organiza\u00e7\u00e3o da sess\u00e3o do[&#8230;]<\/p>\n","protected":false},"author":2,"featured_media":8689,"comment_status":"open","ping_status":"open","sticky":false,"template":"","format":"standard","meta":[],"categories":[2],"tags":[154,181,237,252,432,580,897,1008,1129],"_links":{"self":[{"href":"https:\/\/projetocineb.com.br\/index.php?rest_route=\/wp\/v2\/posts\/8685"}],"collection":[{"href":"https:\/\/projetocineb.com.br\/index.php?rest_route=\/wp\/v2\/posts"}],"about":[{"href":"https:\/\/projetocineb.com.br\/index.php?rest_route=\/wp\/v2\/types\/post"}],"author":[{"embeddable":true,"href":"https:\/\/projetocineb.com.br\/index.php?rest_route=\/wp\/v2\/users\/2"}],"replies":[{"embeddable":true,"href":"https:\/\/projetocineb.com.br\/index.php?rest_route=%2Fwp%2Fv2%2Fcomments&post=8685"}],"version-history":[{"count":0,"href":"https:\/\/projetocineb.com.br\/index.php?rest_route=\/wp\/v2\/posts\/8685\/revisions"}],"wp:featuredmedia":[{"embeddable":true,"href":"https:\/\/projetocineb.com.br\/index.php?rest_route=\/wp\/v2\/media\/8689"}],"wp:attachment":[{"href":"https:\/\/projetocineb.com.br\/index.php?rest_route=%2Fwp%2Fv2%2Fmedia&parent=8685"}],"wp:term":[{"taxonomy":"category","embeddable":true,"href":"https:\/\/projetocineb.com.br\/index.php?rest_route=%2Fwp%2Fv2%2Fcategories&post=8685"},{"taxonomy":"post_tag","embeddable":true,"href":"https:\/\/projetocineb.com.br\/index.php?rest_route=%2Fwp%2Fv2%2Ftags&post=8685"}],"curies":[{"name":"wp","href":"https:\/\/api.w.org\/{rel}","templated":true}]}}