{"id":87,"date":"2010-02-05T22:35:55","date_gmt":"2010-02-05T22:35:55","guid":{"rendered":"http:\/\/projetocineb.com.br\/?p=87"},"modified":"2010-02-05T22:35:55","modified_gmt":"2010-02-05T22:35:55","slug":"grcbes-brinco-da-marquesa","status":"publish","type":"post","link":"https:\/\/projetocineb.com.br\/?p=87","title":{"rendered":"GRCBES BRINCO DA MARQUESA"},"content":{"rendered":"<div><span style=\"color: #339966;\"><\/p>\n<p><\/span><\/p>\n<div><span style=\"color: #339966;\">\u00a0<\/span><\/div>\n<div><span style=\"color: #339966;\"><\/span><\/div>\n<p><span style=\"color: #339966;\"><\/p>\n<h2>CINEB \u00c9 CULTURA DA RUAA!\u00a0<\/h2>\n<p style=\"text-align: center;\"><em><span style=\"color: #ff6600;\">\u201cCineB \u00e9 coisa s\u00e9ria, saia da janela, d\u00ea a volta, abre a porta, \u00e9 a cultura de rua que o sistema se incomoda.\u201d<\/span><\/em>\u00a0<\/p>\n<p><span style=\"color: #000000;\"><span style=\"color: #0000ff;\">Com todo respeito<\/span>, mexo um tiquinho na inteligente letra da m\u00fasica <em>Hip Hop<\/em>, faixa 18 do \u00e1lbum <em>Procedimento 3.5<\/em>, de Ronnald Rap, que fez quest\u00e3o de acompanhar a sess\u00e3o de hoje do nosso <span style=\"color: #0000ff;\">CineB, no GRCBES Brinco da Marquesa, na Vila Brasiliana, zona sul de S\u00e3o Paulo<\/span>. \u201cExistem poucos eventos assim por aqui\u201d, diz o rapper.<\/span>\u00a0<\/p>\n<p><span style=\"color: #000000;\">Sua filha, <span style=\"color: #0000ff;\">Sara Georgina da Silva Barbosa, de 9 anos, confessou gostar<\/span> bastante da anima\u00e7\u00e3o gringa <em>Por \u00e1gua abaixo<\/em>. A m\u00e3e dela e companheira do rapper, Sara Georgina da Silva Barbosa, sorri. <span style=\"color: #0000ff;\">Filmes de anima\u00e7\u00e3o nacional ela ainda n\u00e3o assistiu<\/span>. Hoje foram os primeiros. Parece um n\u00edtido recado aos realizadores do Brasil.<\/span>\u00a0<\/p>\n<p style=\"text-align: center;\">\u00a0<img fetchpriority=\"high\" decoding=\"async\" class=\"size-full wp-image-91  aligncenter\" title=\"Georgina\/Sara\/Ronnald\" src=\"http:\/\/projetocineb.com.br\/wp-content\/uploads\/2010\/02\/DSC00170_01SITE.jpg\" alt=\"\" width=\"346\" height=\"227\" \/>\u00a0<\/p>\n<p><span style=\"color: #000000;\">Aproveito para avisar, que no dia 29 de novembro de 2009, o talentoso Ronnald Rap ministrar\u00e1 uma oficina de hip hop. As inscri\u00e7\u00f5es precisam ser feitas no local no dia 29.\u00a0 Tem oito horas de carga hor\u00e1ria e parece uma \u00f3tima oportunidade para voc\u00ea se desenvolver nesta linguagem musical.<\/span>\u00a0<\/p>\n<p><span style=\"color: #000000;\">O GRCBES Brinco da Marquesa fica na avenida Dom Vilares, altura do numero 300, embaixo do viaduto, na Vila Brasiliana.<\/span>\u00a0<\/p>\n<p><a href=\"http:\/\/www.myspace.com\/ronnaldrap\"><span style=\"color: #000000;\">Clique aqui se quiser ver o MySpace do rapper.<\/span><\/a>\u00a0<\/p>\n<p style=\"text-align: left;\"><span style=\"color: #999999;\">http:\/\/www.myspace.com\/ronnaldrap<\/span>\u00a0<\/p>\n<p><a href=\"http:\/\/www.youtube.com\/watch?v=OXO83HLaitI\"><span style=\"color: #000000;\">Ou ent\u00e3o clique aqui e veja os clipes no YouTube.<\/span><\/a>\u00a0<\/p>\n<p style=\"text-align: left;\"><span style=\"color: #999999;\">http:\/\/www.youtube.com\/watch?v=OXO83HLaitI<\/span>\u00a0<\/p>\n<h2 style=\"text-align: left;\"><span style=\"color: #339966;\">CINEMA EMBAIXO DA PONTE<\/span>\u00a0<\/h2>\n<p><span style=\"color: #000000;\">Hoje, foi a primeira vez que o GRBES Brinco da Marquesa, que tem 21 anos de exist\u00eancia, recebeu o CineB, apoiado pelo Sindicato dos Banc\u00e1rios de S\u00e3o Paulo, Osasco e Regi\u00e3o e realizado pela Brazucah Produ\u00e7\u00f5es. E <span style=\"color: #0000ff;\">esta foi a primeira sess\u00e3o do CineB, embaixo de uma ponte<\/span><span style=\"color: #0000ff;\">!<\/span><\/span>\u00a0<\/p>\n<p><span style=\"color: #000000;\"><span style=\"color: #0000ff;\">Rubinho, diretor de eventos de cultura e recrea\u00e7\u00e3o do Brinco da Marquesa<\/span>, estava radiante com o acontecimento. Para ele, a exibi\u00e7\u00e3o de filmes na comunidade mostra que o esfor\u00e7o empreendido por ele e seus parceiros no local, est\u00e1 valendo a pena. <span style=\"color: #0000ff;\">\u201cQueremos trazer a coletividade e o coleguismo aqui na comunidade e nosso projeto tem mostrado resultados significantes\u201d, diz <span style=\"color: #000000;\">o sorridente Rubinho<\/span><\/span>.<\/span>\u00a0<\/p>\n<p><span style=\"color: #000000;\">\u201cPara 2010 estamos planejando o Andan\u00e7as, um projeto de cursos profissionalizantes, aulas para aprender a ler e escrever, cursos de dan\u00e7as afro e samba, queremos melhorar o social de nossa comunidade\u201d, diz Rubinho.<\/span>\u00a0<\/p>\n<p style=\"text-align: center;\"><img decoding=\"async\" class=\"aligncenter size-full wp-image-92\" title=\"Monica\/Rubinho\" src=\"http:\/\/projetocineb.com.br\/wp-content\/uploads\/2010\/02\/DSC00212_01SITE.jpg\" alt=\"\" width=\"302\" height=\"227\" \/>\u00a0\u00a0<\/p>\n<p><span style=\"color: #000000;\">Para ele e a nova diretoria, a vontade \u00e9 reerguer o Brinco da Marquesa, fazer dele um ponto de refer\u00eancia em cultura, esporte e lazer na regi\u00e3o. Ana Lucia de Camargo, assessora do Sindicato dos Banc\u00e1rios de S\u00e3o Paulo, Osasco e Regi\u00e3o, diz que h\u00e1 oito anos n\u00e3o v\u00ea no local um movimento cultural com essa for\u00e7a. \u201cH\u00e1 alguns anos eles perderam a quadra e isso foi muito ruim para toda a comunidade\u201d, diz Ana Lucia. Por isso, <span style=\"color: #0000ff;\">por muito tempo faltou alternativas culturais, art\u00edsticas, para o pessoal da Vila Brasiliana<\/span>.<\/span>\u00a0<\/p>\n<p><span style=\"color: #000000;\"><span style=\"color: #0000ff;\">Mas o atraso parece que ser\u00e1 compensado<\/span>. O <span style=\"color: #0000ff;\">presidente do GRBES Brinco da Marquesa, Jorge Murilo<\/span>, confirma que 2010 \u00e9 um ano de expectativas para o Gr\u00eamio e popula\u00e7\u00e3o local. <span style=\"color: #0000ff;\">\u201cCom ajuda da Uni\u00e3o das Escolas de Samba, teremos atendimento m\u00e9dico e odontol\u00f3gico gratuito, al\u00e9m de cursos e oficinas de esporte e cultura\u201d<\/span>, diz o amistoso presidente.<\/span>\u00a0<\/p>\n<p style=\"text-align: center;\"><img decoding=\"async\" class=\"size-full wp-image-93    aligncenter\" title=\"Rafael\/Jorge\/Monica\" src=\"http:\/\/projetocineb.com.br\/wp-content\/uploads\/2010\/02\/DSC00194_01SITE.jpg\" alt=\"\" width=\"302\" height=\"243\" \/>\u00a0<\/p>\n<p style=\"text-align: left;\"><span style=\"color: #000000;\">\u201cHoje, tratamos este lugar como uma empresa, por isso criamos uma divis\u00e3o de pessoas respons\u00e1veis pelos eventos e cursos, e outra para cuidar dos assuntos da Escola de Samba. H\u00e1 pouco tempo muitos moradores daqui tinham preconceito, pediam at\u00e9 para os filhos n\u00e3o virem aqui. Hoje temos aqui presentes muitas dessas pessoas, que trouxeram os filhos para ver cinema\u201d, conta Jorge Murilo.<\/span><span style=\"color: #000000;\">\u00a0<\/span>\u00a0<\/p>\n<p><span style=\"color: #000000;\">Segundo Rubinho, em meados de novembro, o site do GRBES Brinco da Marquesa estar\u00e1 acess\u00edvel aqui na internet. J\u00e1 aproveita e \u201cfavorita\u201d o endere\u00e7o do site para ficar ligado nas oportunidades que rolam por l\u00e1: <\/span><a href=\"http:\/\/www.brincodamarquesa.com\/\"><span style=\"color: #000000;\">www.brincodamarquesa.com<\/span><\/a><span style=\"color: #000000;\">. <strong>Sem br mesmo<\/strong>. \u201cTrabalhamos com gratid\u00e3o, queremos trazer cultura para c\u00e1, inclusive estamos atualmente entre os 100 primeiros para se tornar um dos Pontos de Cultura nacionais, se isso acontecer, ser\u00e1 maravilhoso\u201d, diz Rubinho.<\/span>\u00a0<\/p>\n<p><a href=\"http:\/\/www.cultura.gov.br\/cultura_viva\/?page_id=31\"><span style=\"color: #000000;\">Clique aqui para saber mais sobre o projeto do Governo Federal Cultura Viva, que coordena os Pontos de Cultura.<\/span><\/a><span style=\"color: #000000;\"> Leve esta id\u00e9ia para sua comunidade!<\/span>\u00a0<\/p>\n<h2 style=\"text-align: left;\"><span style=\"color: #339966;\">CULT<\/span><\/h2>\n<p><span style=\"color: #000000;\"><span style=\"color: #0000ff;\">O cinema que chamam de cult realmente precisa ser mais divulgado<\/span>. As pessoas gostam de filmes inusitados e experimentais na medida certa. Ana Carina dos Santos Camilo levou ao CineB, sua filha Mariana e seu sobrinho Talis. Tamb\u00e9m trouxe consigo a irm\u00e3, Aline dos Santos Camilo. Ambas tem um gosto bastante peculiar por filmes nacionais. <span style=\"color: #0000ff;\">Aline gostou de <em>Baixio das Bestas <\/em>de Cl\u00e1udio Assis, e Ana Carina adorou o brilhante <em>Cheiro do Ralo<\/em> de Heitor Dhalia<\/span>. \u201cQuando t\u00ednhamos canal Brasil assistimos bons filmes nacionais, todo dia a gente via um diferente\u201d, diz Ana Carina.<\/span>\u00a0<\/p>\n<p><span style=\"color: #000000;\">Sua filhinha, Mariana de 5 anos, disse que o preferido foi <em>Garfield<\/em>. Enquanto seu primo Talis disse que amou Van Helsing. \u201cFoi todo mundo assistir em casa, eu, meu tio, minha tia, minha m\u00e3e&#8230;\u201d, diz o espevitado garotinho de 4 anos e meio.<\/span>\u00a0<\/p>\n<p style=\"text-align: center;\"><img loading=\"lazy\" decoding=\"async\" class=\"size-full wp-image-94  aligncenter\" title=\"Ana\/Mariana\/Talis\/Aline\" src=\"http:\/\/projetocineb.com.br\/wp-content\/uploads\/2010\/02\/DSC00179_01SITE.jpg\" alt=\"\" width=\"283\" height=\"302\" \/>\u00a0<\/p>\n<h2 style=\"text-align: left;\"><span style=\"color: #339966;\">VOZ PODEROSA<\/span><\/h2>\n<p><span style=\"color: #000000;\"><span style=\"color: #0000ff;\">Pedro F. Silva, no alto de seus dois meses de vida, foi em sua primeira sess\u00e3o de cinema<\/span>. Logicamente acompanhado de sua irm\u00e3 Let\u00edcia Silva de 4 anos, e seus pais, Jo\u00e3o Luis Martins Silva e Suzana F. Silva. O papai e a mam\u00e3e aproveitaram um pouco para assistir uns filminhos e comer pipoca. \u201cCom as crian\u00e7as, ficamos sem tempo para ir ao cinema\u201d, diz Suzana.<\/span>\u00a0<\/p>\n<p><span style=\"color: #000000;\">Nosso pequenino Pedro assistiu alguns curtas de anima\u00e7\u00e3o brasileiros muito bons. Tenho comentado pouco dos filmes por aqui, mas hoje quero resenhar apenas algumas linhas sobre o curta <span style=\"color: #0000ff;\"><em>Historietas Assombradas (para crian\u00e7as malcriadas)<\/em><em> <\/em>de Victor Hugo Borges<\/span>.<\/span>\u00a0<\/p>\n<p><span style=\"color: #000000;\">O curta animado apresenta tr\u00eas contos de terror baseados em lendas nacionais. A qualidade da anima\u00e7\u00e3o \u00e9 <span style=\"color: #0000ff;\">incr\u00edvel, realmente impactante<\/span>. Segura muito bem o terror, com a leveza do argumento de uma netinha querendo ouvir os contos assustadores da av\u00f3. Ali\u00e1s, <span style=\"color: #0000ff;\">a sensacional Mirian Muniz dubla a av\u00f3<\/span>. Mirian, infelizmente, se foi h\u00e1 alguns anos. A natureza a chamou para outro plano. Em vida ela foi uma importante atriz nacional, trabalhando no cinema e na televis\u00e3o, mas sempre mais ligada \u00e0 cena teatral. Sua voz \u00e9 a prova m\u00e1xima que um ator \u00e9 esculpido em busca da perfei\u00e7\u00e3o, ao longo dos anos, e conforme ganha experi\u00eancia, consegue ser claro em sua interpreta\u00e7\u00e3o de diversas formas. Inclusive usando todas as nuances de uma voz poderosa em cena.<\/span>\u00a0<\/p>\n<p><a href=\"http:\/\/pt.wikipedia.org\/wiki\/Myriam_Muniz\"><span style=\"color: #000000;\">Clique aqui para ver o que q Wikipedia fala desta brilhante atriz brasileira.<\/span><\/a>\u00a0<\/p>\n<p style=\"text-align: left;\"><span style=\"color: #999999;\"><a href=\"http:\/\/pt.wikipedia.org\/wiki\/Myriam_Muniz\"><span style=\"color: #000000;\">http:\/\/pt.wikipedia.org\/wiki\/Myriam_Muniz<\/span><\/a><\/span>\u00a0<\/p>\n<p style=\"text-align: center;\"><span style=\"color: #999999;\"><img loading=\"lazy\" decoding=\"async\" class=\"aligncenter size-full wp-image-95\" title=\"Jo\u00e3o\/Suzana\/Pedro\/Let\u00edcia\" src=\"http:\/\/projetocineb.com.br\/wp-content\/uploads\/2010\/02\/DSC00177_01SITE.jpg\" alt=\"\" width=\"274\" height=\"302\" \/><\/span>\u00a0<\/p>\n<p style=\"text-align: left;\">\u00a0\u00a0<\/p>\n<h2 style=\"text-align: left;\"><span style=\"color: #339966;\">PR\u00d3XIMA SESS\u00c3O<\/span><\/h2>\n<p><span style=\"color: #000000;\">Bom galera, sess\u00e3o de hoje foi maravilhosa como podem perceber. N\u00e3o parava de chegar gente na quadra querendo ver um filminho e provar de uma pipoquinha. \u00c9 bom sinal ver tanta gente animada, querendo uni\u00e3o e paz na comunidade.<\/span>\u00a0<\/p>\n<p><span style=\"color: #000000;\">No dia <span style=\"color: #0000ff;\">14 de novembro de 2009<\/span> rola mais um CineB, dessa vez na <span style=\"color: #0000ff;\">Escola Oswaldo Aranha Bandeira de Mello<\/span>. A Escola fica na <span style=\"color: #0000ff;\">Zona Leste de S\u00e3o Paulo<\/span>, na <span style=\"color: #0000ff;\">Avenida dos Metal\u00fargicos, 1155, Cidade Tiradentes<\/span>. Se quiser mais informa\u00e7\u00f5es, d\u00e1 uma ligada no <span style=\"color: #0000ff;\">2282-2125 ou 2964-9382<\/span>.<\/span>\u00a0<\/p>\n<p><span style=\"color: #000000;\">Por hoje \u00e9 s\u00f3. Fui!<\/span>\u00a0<\/p>\n<p><span style=\"color: #000000;\">\u00a0<\/span><span style=\"color: #000000;\">0~0<\/span>\u00a0<\/p>\n<p><\/span><\/p>\n<\/div>\n","protected":false},"excerpt":{"rendered":"<p>\u00a0 CINEB \u00c9 CULTURA DA RUAA!\u00a0 \u201cCineB \u00e9 coisa s\u00e9ria, saia da janela, d\u00ea a volta, abre a porta, \u00e9[&#8230;]<\/p>\n","protected":false},"author":2,"featured_media":0,"comment_status":"open","ping_status":"open","sticky":false,"template":"","format":"standard","meta":[],"categories":[2],"tags":[],"_links":{"self":[{"href":"https:\/\/projetocineb.com.br\/index.php?rest_route=\/wp\/v2\/posts\/87"}],"collection":[{"href":"https:\/\/projetocineb.com.br\/index.php?rest_route=\/wp\/v2\/posts"}],"about":[{"href":"https:\/\/projetocineb.com.br\/index.php?rest_route=\/wp\/v2\/types\/post"}],"author":[{"embeddable":true,"href":"https:\/\/projetocineb.com.br\/index.php?rest_route=\/wp\/v2\/users\/2"}],"replies":[{"embeddable":true,"href":"https:\/\/projetocineb.com.br\/index.php?rest_route=%2Fwp%2Fv2%2Fcomments&post=87"}],"version-history":[{"count":0,"href":"https:\/\/projetocineb.com.br\/index.php?rest_route=\/wp\/v2\/posts\/87\/revisions"}],"wp:attachment":[{"href":"https:\/\/projetocineb.com.br\/index.php?rest_route=%2Fwp%2Fv2%2Fmedia&parent=87"}],"wp:term":[{"taxonomy":"category","embeddable":true,"href":"https:\/\/projetocineb.com.br\/index.php?rest_route=%2Fwp%2Fv2%2Fcategories&post=87"},{"taxonomy":"post_tag","embeddable":true,"href":"https:\/\/projetocineb.com.br\/index.php?rest_route=%2Fwp%2Fv2%2Ftags&post=87"}],"curies":[{"name":"wp","href":"https:\/\/api.w.org\/{rel}","templated":true}]}}