{"id":8709,"date":"2016-06-07T21:32:33","date_gmt":"2016-06-08T00:32:33","guid":{"rendered":"http:\/\/projetocineb.com.br\/?p=8709"},"modified":"2016-06-07T21:32:33","modified_gmt":"2016-06-08T00:32:33","slug":"tudo-que-aprendemos-juntos-em-paraisopolis","status":"publish","type":"post","link":"https:\/\/projetocineb.com.br\/?p=8709","title":{"rendered":"Tudo que Aprendemos Juntos em Parais\u00f3polis"},"content":{"rendered":"<p style=\"text-align: right;\"><em>Foto e texto: Carlos Rizzo<\/em><\/p>\n<p><em>CINEB esteve no \u00faltimo s\u00e1bado (4\/6) no CCA S\u00e3o Jos\u00e9, em Parais\u00f3polis, Zona Sul de S\u00e3o Paulo, para exibir mais uma sess\u00e3o do filme Tudo que Aprendemos Juntos. A atriz Bruna Oliveira da Silva esteve presente e participou de um debate ao final da sess\u00e3o.<\/em><\/p>\n<p>Nem a chuva constante que caiu sobre a cidade de S\u00e3o Paulo durante toda a tarde e noite de s\u00e1bado (4\/6) foi motivo para afastar os moradores do bairro Parais\u00f3polis de mais uma sess\u00e3o do CINEB. A sala de cinema montada improvisadamente na laje coberta da ed\u00edcula da casa que abriga o CCA S\u00e3o Jos\u00e9 foi o suficiente para acolher cerca de 80 moradores e frequentadores do espa\u00e7o.<\/p>\n<figure id=\"attachment_8710\" aria-describedby=\"caption-attachment-8710\" style=\"width: 499px\" class=\"wp-caption aligncenter\"><a href=\"http:\/\/projetocineb.com.br\/wp-content\/uploads\/2016\/06\/DSC_0570.jpg\"><img fetchpriority=\"high\" decoding=\"async\" class=\" wp-image-8710 \" title=\"DSC_0570\" src=\"http:\/\/projetocineb.com.br\/wp-content\/uploads\/2016\/06\/DSC_0570.jpg\" alt=\"\" width=\"499\" height=\"331\" \/><\/a><figcaption id=\"caption-attachment-8710\" class=\"wp-caption-text\">Compareceram \u00e0 sess\u00e3o moradores do Parais\u00f3polis e fam\u00edlias que frequentam o CCA S\u00e3o Jos\u00e9<\/figcaption><\/figure>\n<p>Em cartaz, o longa<em> Tudo que Aprendemos Juntos<\/em>, de S\u00e9rgio Machado. O filme conta a hist\u00f3ria de Laerte, um talentoso violinista que se v\u00ea obrigado a dar aulas de m\u00fasica na comunidade Heli\u00f3polis depois da tentativa fracassada de ingressar na Osesp. Tem como ponto de partida a pe\u00e7a <em>Acorda Brasil<\/em>, escrita por Antonio Erm\u00ednio de Moraes sobre a experi\u00eancia do Instituto Bacarelli na comunidade Heli\u00f3polis, em S\u00e3o Paulo. Sua estreia nacional aconteceu em dezembro do ano passado, j\u00e1 passou pelo circuito comercial e segue uma carreira internacional com os direitos vendidos para ser exibido em 22 pa\u00edses.<\/p>\n<figure id=\"attachment_8711\" aria-describedby=\"caption-attachment-8711\" style=\"width: 499px\" class=\"wp-caption aligncenter\"><a href=\"http:\/\/projetocineb.com.br\/wp-content\/uploads\/2016\/06\/DSC_0566.jpg\"><img decoding=\"async\" class=\" wp-image-8711 \" title=\"DSC_0566\" src=\"http:\/\/projetocineb.com.br\/wp-content\/uploads\/2016\/06\/DSC_0566.jpg\" alt=\"\" width=\"499\" height=\"331\" \/><\/a><figcaption id=\"caption-attachment-8711\" class=\"wp-caption-text\">Na abertura oficial da sess\u00e3o, o gerente do CCA F\u00e1bio Vicente Souza, a atriz Bruna Oliveira da Silva e o coordenador do CINEB Cid\u00e1lio Vieira Santos<\/figcaption><\/figure>\n<p>O CCA S\u00e3o Jos\u00e9 \u00e9 uma parceria entre Prefeitura de S\u00e3o Paulo e a C\u00e1ritas da Diocese de Campo Limpo. Atende cerca de 250 crian\u00e7as de 6 a 14 anos no contra-turno escolar.\u00a0 As crian\u00e7as e adolescentes contam com alimenta\u00e7\u00e3o, e participam oficina de artes, m\u00fasica, inform\u00e1tica e refor\u00e7o escolar.<\/p>\n<figure id=\"attachment_8712\" aria-describedby=\"caption-attachment-8712\" style=\"width: 499px\" class=\"wp-caption aligncenter\"><a href=\"http:\/\/projetocineb.com.br\/wp-content\/uploads\/2016\/06\/DSC_0569.jpg\"><img decoding=\"async\" class=\" wp-image-8712 \" title=\"DSC_0569\" src=\"http:\/\/projetocineb.com.br\/wp-content\/uploads\/2016\/06\/DSC_0569.jpg\" alt=\"\" width=\"499\" height=\"331\" \/><\/a><figcaption id=\"caption-attachment-8712\" class=\"wp-caption-text\">Mesmo com a chuva, moradores sa\u00edram de casa para acompanhar a sess\u00e3o.<\/figcaption><\/figure>\n<p>O CINEB chegou pela primeira vez ao Parais\u00f3polis por meio de uma outra sess\u00e3o, que aconteceu na Par\u00f3quia dos Santos M\u00e1rtires, no Jardim \u00c2ngela, em maio. L\u00e1, F\u00e1bio Vicente Souza, gerente do CCA S\u00e3o Jos\u00e9 conhecei pela primeira vez o projeto e se interessou bastante em levar o projeto a uma das comunidades mais carentes da cidade de S\u00e3o Paulo. Segundo Souza, \u201ca comunidade \u00e9 muito carente de cultura. As pessoas n\u00e3o t\u00eam oportunidade de ir a um cinema aqui na regi\u00e3o do Morumbi. A m\u00e9dia das fam\u00edlias s\u00e3o de seis pessoas. Imagine o custo desse tipo de lazer para uma fam\u00edlia que ganha um ou dois sal\u00e1rios m\u00ednimos. Por isso o projeto de voc\u00eas \u00e9 fundamental. Para levar a cultura, o cinema brasileiro para quem n\u00e3o tem condi\u00e7\u00f5es\u201d, reflete.<\/p>\n<figure id=\"attachment_8713\" aria-describedby=\"caption-attachment-8713\" style=\"width: 499px\" class=\"wp-caption aligncenter\"><a href=\"http:\/\/projetocineb.com.br\/wp-content\/uploads\/2016\/06\/DSC_0579.jpg\"><img loading=\"lazy\" decoding=\"async\" class=\" wp-image-8713 \" title=\"DSC_0579\" src=\"http:\/\/projetocineb.com.br\/wp-content\/uploads\/2016\/06\/DSC_0579.jpg\" alt=\"\" width=\"499\" height=\"331\" \/><\/a><figcaption id=\"caption-attachment-8713\" class=\"wp-caption-text\">Bruna respondeu v\u00e1rias perguntas e curiosidades sobre a produ\u00e7\u00e3o do filme e sua trajet\u00f3ria profissional.<\/figcaption><\/figure>\n<p>Bruna Oliveira da Silva, integrante do elenco do filme, que faz a personagem Tati, participou de um debate com o p\u00fablico logo ap\u00f3s a sess\u00e3o. Moradora de Osasco, ela conta que foi descoberta pela produ\u00e7\u00e3o do filme atrav\u00e9s do Facebook. \u201cTinha feito um curta metragem atrav\u00e9s de um projeto social da comunidade e tamb\u00e9m tinha trabalhado em comerciais. Para mim foi um sonho, sempre quis trabalhar com o L\u00e1zaro Ramos \u2013 que faz o papel do professor de violino \u2013 e quando vi estrava contracenando com ela\u201d, explicou a plateia atenta.<\/p>\n<figure id=\"attachment_8714\" aria-describedby=\"caption-attachment-8714\" style=\"width: 499px\" class=\"wp-caption aligncenter\"><a href=\"http:\/\/projetocineb.com.br\/wp-content\/uploads\/2016\/06\/DSC_0586.jpg\"><img loading=\"lazy\" decoding=\"async\" class=\" wp-image-8714 \" title=\"DSC_0586\" src=\"http:\/\/projetocineb.com.br\/wp-content\/uploads\/2016\/06\/DSC_0586.jpg\" alt=\"\" width=\"499\" height=\"331\" \/><\/a><figcaption id=\"caption-attachment-8714\" class=\"wp-caption-text\">Bruna recebeu carinho e tietagem do p\u00fablico presente.<\/figcaption><\/figure>\n<p>Bruna conta que toda a produ\u00e7\u00e3o do filme durou cerca de quatro anos. \u201cN\u00f3s ficamos um ano estudando m\u00fasica e o instrumentos que ir\u00edamos tocar, mais um ano de prepara\u00e7\u00e3o. Eu aprendi bastante\u201d, comenta. A atriz n\u00e3o parou por a\u00ed. Depois do filme ela j\u00e1 atuou no seriado<em> Pedro e Bianca<\/em> da TV Cultura e no filme <em>A Despedida<\/em>, de Marcelo Galv\u00e3o, com estreia marcada para junho (9\/6). \u201cAdorei o projeto e o clima aqui em Parais\u00f3polis&#8221;, comentou ap\u00f3s a sess\u00e3o.<\/p>\n<figure id=\"attachment_8715\" aria-describedby=\"caption-attachment-8715\" style=\"width: 499px\" class=\"wp-caption aligncenter\"><a href=\"http:\/\/projetocineb.com.br\/wp-content\/uploads\/2016\/06\/DSC_0594.jpg\"><img loading=\"lazy\" decoding=\"async\" class=\" wp-image-8715 \" title=\"DSC_0594\" src=\"http:\/\/projetocineb.com.br\/wp-content\/uploads\/2016\/06\/DSC_0594.jpg\" alt=\"\" width=\"499\" height=\"331\" \/><\/a><figcaption id=\"caption-attachment-8715\" class=\"wp-caption-text\">Valeu, pessoal. At\u00e9 a pr\u00f3xima sess\u00e3o!<\/figcaption><\/figure>\n<p>O CINEB \u00e9 um circuito itinerante de cinema realizado pelo Sindicato dos Banc\u00e1rios de S\u00e3o Paulo, Osasco e Regi\u00e3o e pela Brazucah Produ\u00e7\u00f5es. Desde 2007, o j\u00e1 atingiu um p\u00fablico superior a 50 mil espectadores em quase 400 sess\u00f5es gratuitas realizadas em comunidades e universidades de S\u00e3o Paulo. A iniciativa busca democratizar o acesso ao cinema nacional e divulgar os filmes produzidos no Brasil. J\u00e1 foram exibidos na tela do CINEB mais de 75 longas-metragens e 50 curtas-metragens, al\u00e9m da realiza\u00e7\u00e3o de pr\u00e9-estreias exclusivas<em>.<\/em><\/p>\n","protected":false},"excerpt":{"rendered":"<p>Foto e texto: Carlos Rizzo CINEB esteve no \u00faltimo s\u00e1bado (4\/6) no CCA S\u00e3o Jos\u00e9, em Parais\u00f3polis, Zona Sul de[&#8230;]<\/p>\n","protected":false},"author":2,"featured_media":8716,"comment_status":"open","ping_status":"open","sticky":false,"template":"","format":"standard","meta":[],"categories":[2],"tags":[158,179,181,195,237,252,396,505,897,922,1132,1173],"_links":{"self":[{"href":"https:\/\/projetocineb.com.br\/index.php?rest_route=\/wp\/v2\/posts\/8709"}],"collection":[{"href":"https:\/\/projetocineb.com.br\/index.php?rest_route=\/wp\/v2\/posts"}],"about":[{"href":"https:\/\/projetocineb.com.br\/index.php?rest_route=\/wp\/v2\/types\/post"}],"author":[{"embeddable":true,"href":"https:\/\/projetocineb.com.br\/index.php?rest_route=\/wp\/v2\/users\/2"}],"replies":[{"embeddable":true,"href":"https:\/\/projetocineb.com.br\/index.php?rest_route=%2Fwp%2Fv2%2Fcomments&post=8709"}],"version-history":[{"count":0,"href":"https:\/\/projetocineb.com.br\/index.php?rest_route=\/wp\/v2\/posts\/8709\/revisions"}],"wp:featuredmedia":[{"embeddable":true,"href":"https:\/\/projetocineb.com.br\/index.php?rest_route=\/wp\/v2\/media\/8716"}],"wp:attachment":[{"href":"https:\/\/projetocineb.com.br\/index.php?rest_route=%2Fwp%2Fv2%2Fmedia&parent=8709"}],"wp:term":[{"taxonomy":"category","embeddable":true,"href":"https:\/\/projetocineb.com.br\/index.php?rest_route=%2Fwp%2Fv2%2Fcategories&post=8709"},{"taxonomy":"post_tag","embeddable":true,"href":"https:\/\/projetocineb.com.br\/index.php?rest_route=%2Fwp%2Fv2%2Ftags&post=8709"}],"curies":[{"name":"wp","href":"https:\/\/api.w.org\/{rel}","templated":true}]}}