{"id":8721,"date":"2016-06-14T12:57:15","date_gmt":"2016-06-14T15:57:15","guid":{"rendered":"http:\/\/projetocineb.com.br\/?p=8721"},"modified":"2016-06-14T12:57:15","modified_gmt":"2016-06-14T15:57:15","slug":"cineb-traz-chico-para-regional-paulista","status":"publish","type":"post","link":"https:\/\/projetocineb.com.br\/?p=8721","title":{"rendered":"CINEB traz \u201cChico\u201d para Regional Paulista"},"content":{"rendered":"<p><em>O CINEB exibiu na \u00faltima quinta-feira, (9\/6) o document\u00e1rio Chico \u2013 Artista Brasileiro, de Miguel Faria Jr. A sess\u00e3o aconteceu na Regional Paulista e contou com a apresenta\u00e7\u00e3o do coletivo Educulturapopular e grupo Fauv\u2019s, que cantaram can\u00e7\u00f5es de Chico Buarque antes da exibi\u00e7\u00e3o do filme.<\/em><\/p>\n<figure id=\"attachment_8723\" aria-describedby=\"caption-attachment-8723\" style=\"width: 499px\" class=\"wp-caption aligncenter\"><a href=\"http:\/\/projetocineb.com.br\/wp-content\/uploads\/2016\/06\/DSC_0628.jpg\"><img fetchpriority=\"high\" decoding=\"async\" class=\" wp-image-8723 \" title=\"DSC_0628\" src=\"http:\/\/projetocineb.com.br\/wp-content\/uploads\/2016\/06\/DSC_0628.jpg\" alt=\"\" width=\"499\" height=\"331\" \/><\/a><figcaption id=\"caption-attachment-8723\" class=\"wp-caption-text\">Nem o frio atrapalhou os f\u00e3s de Chico Barque, quem compareceram \u00e0 sess\u00e3o na Regional Paulista.<\/figcaption><\/figure>\n<p>O CINEB estreou mais um filme brasileiro em junho:<em> Chico &#8211; Artista Brasileiro<\/em>, uma document\u00e1rio sobre a trajet\u00f3ria de Chico Buarque de Hollanda, presen\u00e7a permanente no cen\u00e1rio cultural e no imagin\u00e1rio coletivo dos brasileiros pela riqueza de m\u00fasica, poemas, dramartugia e romances constru\u00eddos ao longo dos \u00faltimos 50 anos. A sess\u00e3o aconteceu na \u00faltima quinta-feira, (9\/6) na Regional Paulista do Sindicato dos Banc\u00e1rios de S\u00e3o Paulo, Osasco e Regi\u00e3o.<\/p>\n<figure id=\"attachment_8724\" aria-describedby=\"caption-attachment-8724\" style=\"width: 499px\" class=\"wp-caption aligncenter\"><a href=\"http:\/\/projetocineb.com.br\/wp-content\/uploads\/2016\/06\/DSC_0620.jpg\"><img decoding=\"async\" class=\" wp-image-8724 \" title=\"DSC_0620\" src=\"http:\/\/projetocineb.com.br\/wp-content\/uploads\/2016\/06\/DSC_0620.jpg\" alt=\"\" width=\"499\" height=\"331\" \/><\/a><figcaption id=\"caption-attachment-8724\" class=\"wp-caption-text\">Luiz Cl\u00e1udio Marcolino, idealizador do CINEB e Cid\u00e1lio Vieira Santos, coordenador do projeto.<\/figcaption><\/figure>\n<p>No filme de Miguel Faria Jr, Chico conta os acontecimentos marcantes de sua vida, mostra seu cotidiano, seu m\u00e9todo de trabalho, seu processo criativo, sua trajet\u00f3ria. A montagem de um show com Chico e convidados \u00e9 o eixo ao redor do qual ir\u00e1 gira o filme. A partir das can\u00e7\u00f5es apresentadas, o protagonista vai nos contar como nasceu cada uma delas, ir\u00e1 nos conduzir a outras can\u00e7\u00f5es e assim iremos acompanhar seu percurso, sempre tendo em foto as can\u00e7\u00f5es e a palavra escrita, ou seja, o artista.<\/p>\n<figure id=\"attachment_8725\" aria-describedby=\"caption-attachment-8725\" style=\"width: 499px\" class=\"wp-caption aligncenter\"><a href=\"http:\/\/projetocineb.com.br\/wp-content\/uploads\/2016\/06\/DSC_0608.jpg\"><img decoding=\"async\" class=\" wp-image-8725 \" title=\"DSC_0608\" src=\"http:\/\/projetocineb.com.br\/wp-content\/uploads\/2016\/06\/DSC_0608.jpg\" alt=\"\" width=\"499\" height=\"331\" \/><\/a><figcaption id=\"caption-attachment-8725\" class=\"wp-caption-text\">Luciano Nogueira, professor de filosofia da EE Jo\u00e3o XXIII com a esposa e filho.<\/figcaption><\/figure>\n<p>A sess\u00e3o atraiu a aten\u00e7\u00e3o de muitos moradores da regi\u00e3o da Paulista, Augusta e Consola\u00e7\u00e3o que foram conferir o document\u00e1rio que ficou no circuito comercial por um per\u00edodo muito curto no final do ano passado. Mas quem chegou para assistir ao filme teve uma surpresa: o CINEB convidou o Coletivo Educulturapopular, formado por Analu de Camargo, Analu Nogueira e Daniela Bontempi para cantar duas can\u00e7\u00f5es de Chico Buarque. Acompanhadas por dois integrantes da Banda Fauv\u2019s, Vinicius Trindade e Raphael Bontempi, o coletivo interpretou <em>Geni e o Zepelim<\/em> e <em>Roda Viva<\/em>.<\/p>\n<figure id=\"attachment_8726\" aria-describedby=\"caption-attachment-8726\" style=\"width: 499px\" class=\"wp-caption aligncenter\"><a href=\"http:\/\/projetocineb.com.br\/wp-content\/uploads\/2016\/06\/DSC_0627.jpg\"><img loading=\"lazy\" decoding=\"async\" class=\" wp-image-8726 \" title=\"DSC_0627\" src=\"http:\/\/projetocineb.com.br\/wp-content\/uploads\/2016\/06\/DSC_0627.jpg\" alt=\"\" width=\"499\" height=\"331\" \/><\/a><figcaption id=\"caption-attachment-8726\" class=\"wp-caption-text\">Show com o coletivo Educulturapopular e a banda Fauv&#8217;s.<\/figcaption><\/figure>\n<p>Analu de Camargo, ex-banc\u00e1ria e moradora do Parque Bristol, regi\u00e3o da Sa\u00fade, conta que o coletivo atua nas \u00e1reas de educa\u00e7\u00e3o e cultura. \u201cLevamos nosso trabalho para escolas buscamos dar forma\u00e7\u00e3o para os artistas da regi\u00e3o\u201d exp\u00f5e. A educadora e atriz Daniela Bontempi conta que acompanha o CINEB h\u00e1 muito tempo. Para ela o trabalho que o projeto faz \u00e9 essencial na cidade de S\u00e3o Paulo, porque \u201cproporciona a possibilidade das pessoas conheceram o cinema brasileiro, principalmente \u00e0 que n\u00e3o tem acesso\u201d, comenta.<\/p>\n<figure id=\"attachment_8727\" aria-describedby=\"caption-attachment-8727\" style=\"width: 499px\" class=\"wp-caption aligncenter\"><a href=\"http:\/\/projetocineb.com.br\/wp-content\/uploads\/2016\/06\/DSC_0662.jpg\"><img loading=\"lazy\" decoding=\"async\" class=\" wp-image-8727 \" title=\"DSC_0662\" src=\"http:\/\/projetocineb.com.br\/wp-content\/uploads\/2016\/06\/DSC_0662.jpg\" alt=\"\" width=\"499\" height=\"331\" \/><\/a><figcaption id=\"caption-attachment-8727\" class=\"wp-caption-text\">Poliana Su e a filha Saanjh Su Kumar, moradoras da regi\u00e3o: &#8220;Uma surpresa descobrir que temos cinema aqui&#8221;.<\/figcaption><\/figure>\n<p>A sess\u00e3o contou com a presen\u00e7a de Luis Cl\u00e1udio Marcolino, ex-deputado estadual e o ex-presidente do Sindicato dos Banc\u00e1rios de S\u00e3o Paulo, Osasco e Regi\u00e3o. Marcolino foi o idealizador do projeto CINEB e contou para o p\u00fablico os primeiros passos do projeto: \u201cquer\u00edamos levar cultura para lugares diferentes daqueles onde aconteciam as atividades do Sindicato. Ent\u00e3o fizemos um projeto piloto com tr\u00eas sess\u00f5es nas comunidades da Zona Oeste. Deu muito certo. J\u00e1 se passaram oito anos e n\u00f3s cobrimos todos os cantos do territ\u00f3rio da cidade de S\u00e3o Paulo, Osasco e Regi\u00e3o levando o cinema e a cultura\u201d, comemora.<\/p>\n<figure id=\"attachment_8728\" aria-describedby=\"caption-attachment-8728\" style=\"width: 499px\" class=\"wp-caption aligncenter\"><a href=\"http:\/\/projetocineb.com.br\/wp-content\/uploads\/2016\/06\/DSC_0661.jpg\"><img loading=\"lazy\" decoding=\"async\" class=\" wp-image-8728 \" title=\"DSC_0661\" src=\"http:\/\/projetocineb.com.br\/wp-content\/uploads\/2016\/06\/DSC_0661.jpg\" alt=\"\" width=\"499\" height=\"331\" \/><\/a><figcaption id=\"caption-attachment-8728\" class=\"wp-caption-text\">Maria das Gra\u00e7as: &#8220;Essa \u00e9 a quinta vez&#8221;.<\/figcaption><\/figure>\n<p>Maria da Gra\u00e7a Ramos Pereira, moradora da regi\u00e3o da Paulista \u00e9 f\u00e3 do projeto. \u201cSempre que posso eu venho \u00e0 sess\u00e3o. Essa \u00e9 a quinta vez\u201d, comenta. J\u00e1 o professor de filosofia Luciano Nogueira saiu do Butant\u00e3 com esposa e filho para assistir ao filme. F\u00e3 de cineclubismo, ele d\u00e1 aulas na EE Jo\u00e3o XXII, que recebeu o projeto no \u00faltimo dia 3 de junho. \u201cQuando morava na Zona Leste, acompanhava um projeto chamado Cine Beco. Era uma iniciativa parecida com a de voc\u00eas. L\u00e1 na escola todos elogiaram muito a sess\u00e3o\u201d.<\/p>\n<figure id=\"attachment_8729\" aria-describedby=\"caption-attachment-8729\" style=\"width: 499px\" class=\"wp-caption aligncenter\"><a href=\"http:\/\/projetocineb.com.br\/wp-content\/uploads\/2016\/06\/DSC_0665.jpg\"><img loading=\"lazy\" decoding=\"async\" class=\" wp-image-8729 \" title=\"DSC_0665\" src=\"http:\/\/projetocineb.com.br\/wp-content\/uploads\/2016\/06\/DSC_0665.jpg\" alt=\"\" width=\"499\" height=\"331\" \/><\/a><figcaption id=\"caption-attachment-8729\" class=\"wp-caption-text\">At\u00e9 a pr\u00f3xima sess\u00e3o!<\/figcaption><\/figure>\n<p>O CINEB \u00e9 um circuito itinerante de cinema realizado pelo Sindicato dos Banc\u00e1rios de S\u00e3o Paulo, Osasco e Regi\u00e3o e pela Brazucah Produ\u00e7\u00f5es. Desde 2007, o j\u00e1 atingiu um p\u00fablico superior a 50 mil espectadores em quase 400 sess\u00f5es gratuitas realizadas em comunidades e universidades de S\u00e3o Paulo. A iniciativa busca democratizar o acesso ao cinema nacional e divulgar os filmes produzidos no Brasil. J\u00e1 foram exibidos na tela do CINEB mais de 75 longas-metragens e 50 curtas-metragens, al\u00e9m da realiza\u00e7\u00e3o de pr\u00e9-estreias exclusivas.<\/p>\n\t\t\t\n\t\t\t<!-- Blueimp gallery -->\n\t\t\t<div id=\"blueimp-gallery\" class=\"blueimp-gallery blueimp-gallery-controls\">\n\t\t\t\t<div class=\"slides\"><\/div>\n\t\t\t\t<h3 class=\"title\"><\/h3>\n\t\t\t\t<a class=\"prev\">\u2039<\/a>\n\t\t\t\t<a class=\"next\">\u203a<\/a>\n\t\t\t\t<a class=\"close\">\u00d7<\/a>\n\t\t\t\t<a class=\"play-pause\"><\/a>\n\t\t\t\t<ol class=\"indicator\"><\/ol>\n\t\t\t\t<div class=\"modal fade\">\n\t\t\t\t\t<div class=\"modal-dialog\">\n\t\t\t\t\t\t<div class=\"modal-content\">\n\t\t\t\t\t\t\t<div class=\"modal-header\">\n\t\t\t\t\t\t\t\t<button type=\"button\" class=\"close\" aria-hidden=\"true\">&times;<\/button>\n\t\t\t\t\t\t\t\t<h4 class=\"modal-title\"><\/h4>\n\t\t\t\t\t\t\t<\/div>\n\t\t\t\t\t\t\t<div class=\"modal-body next\"><\/div>\n\t\t\t\t\t\t\t<div class=\"modal-footer\">\n\t\t\t\t\t\t\t\t<button type=\"button\" class=\"btn btn-default pull-left prev\">\n\t\t\t\t\t\t\t\t\t<i class=\"glyphicon glyphicon-chevron-left\"><\/i>\n\t\t\t\t\t\t\t\t\tPrevious\t\t\t\t\t\t\t\t<\/button>\n\t\t\t\t\t\t\t\t<button type=\"button\" class=\"btn btn-primary next\">\n\t\t\t\t\t\t\t\t\tNext\t\t\t\t\t\t\t\t\t<i class=\"glyphicon glyphicon-chevron-right\"><\/i>\n\t\t\t\t\t\t\t\t<\/button>\n\t\t\t\t\t\t\t<\/div>\n\t\t\t\t\t\t<\/div>\n\t\t\t\t\t<\/div>\n\t\t\t\t<\/div>\n\t\t\t<\/div>\n\t\t\t<script type=\"text\/javascript\">\n\t\t\tjQuery(function() {\n\t\t\t\t\/\/ Set blueimp gallery options\n\t\t\t\tjQuery.extend(blueimp.Gallery.prototype.options, {\n\t\t\t\t\tuseBootstrapModal: false,\n\t\t\t\t\thidePageScrollbars: false\n\t\t\t\t});\n\t\t\t});\n\t\t\t<\/script>\n\t\t\t\n","protected":false},"excerpt":{"rendered":"<p>O CINEB exibiu na \u00faltima quinta-feira, (9\/6) o document\u00e1rio Chico \u2013 Artista Brasileiro, de Miguel Faria Jr. A sess\u00e3o aconteceu[&#8230;]<\/p>\n","protected":false},"author":2,"featured_media":8731,"comment_status":"open","ping_status":"open","sticky":false,"template":"","format":"standard","meta":[],"categories":[2],"tags":[],"_links":{"self":[{"href":"https:\/\/projetocineb.com.br\/index.php?rest_route=\/wp\/v2\/posts\/8721"}],"collection":[{"href":"https:\/\/projetocineb.com.br\/index.php?rest_route=\/wp\/v2\/posts"}],"about":[{"href":"https:\/\/projetocineb.com.br\/index.php?rest_route=\/wp\/v2\/types\/post"}],"author":[{"embeddable":true,"href":"https:\/\/projetocineb.com.br\/index.php?rest_route=\/wp\/v2\/users\/2"}],"replies":[{"embeddable":true,"href":"https:\/\/projetocineb.com.br\/index.php?rest_route=%2Fwp%2Fv2%2Fcomments&post=8721"}],"version-history":[{"count":0,"href":"https:\/\/projetocineb.com.br\/index.php?rest_route=\/wp\/v2\/posts\/8721\/revisions"}],"wp:featuredmedia":[{"embeddable":true,"href":"https:\/\/projetocineb.com.br\/index.php?rest_route=\/wp\/v2\/media\/8731"}],"wp:attachment":[{"href":"https:\/\/projetocineb.com.br\/index.php?rest_route=%2Fwp%2Fv2%2Fmedia&parent=8721"}],"wp:term":[{"taxonomy":"category","embeddable":true,"href":"https:\/\/projetocineb.com.br\/index.php?rest_route=%2Fwp%2Fv2%2Fcategories&post=8721"},{"taxonomy":"post_tag","embeddable":true,"href":"https:\/\/projetocineb.com.br\/index.php?rest_route=%2Fwp%2Fv2%2Ftags&post=8721"}],"curies":[{"name":"wp","href":"https:\/\/api.w.org\/{rel}","templated":true}]}}