{"id":873,"date":"2010-06-02T15:52:04","date_gmt":"2010-06-02T18:52:04","guid":{"rendered":"http:\/\/projetocineb.com.br\/?p=873"},"modified":"2010-06-02T15:52:04","modified_gmt":"2010-06-02T18:52:04","slug":"festa-e-premiacao-do-cinema-brasileiro","status":"publish","type":"post","link":"https:\/\/projetocineb.com.br\/?p=873","title":{"rendered":"FESTA E PREMIA\u00c7\u00c3O DO CINEMA BRASILEIRO"},"content":{"rendered":"<figure id=\"attachment_887\" aria-describedby=\"caption-attachment-887\" style=\"width: 384px\" class=\"wp-caption aligncenter\"><a href=\"http:\/\/projetocineb.com.br\/wp-content\/uploads\/2010\/06\/prmio15.jpg\"><br \/>\n<img fetchpriority=\"high\" decoding=\"async\" class=\"size-full wp-image-887  \" title=\"Momento da festa  de premia\u00e7\u00e3o e comemora\u00e7\u00e3o de 3 anos de exibi\u00e7\u00f5es itinerantes\" src=\"http:\/\/projetocineb.com.br\/wp-content\/uploads\/2010\/06\/prmio15.jpg\" alt=\"Momento da festa  de premia\u00e7\u00e3o e comemora\u00e7\u00e3o de 3 anos de exibi\u00e7\u00f5es itinerantes\" width=\"384\" height=\"255\" \/><\/a><figcaption id=\"caption-attachment-887\" class=\"wp-caption-text\">Momento da festa  de premia\u00e7\u00e3o e comemora\u00e7\u00e3o de 3 anos de exibi\u00e7\u00f5es itinerantes<\/figcaption><\/figure>\n<p>O <span style=\"color: #ff6600;\">Gr\u00eamio Recreativo Caf\u00e9 dos Banc\u00e1rios, no edif\u00edcio Martinelli, no centro de S\u00e3o Paulo, recebeu diretores de filmes nacionais que foram premiados em uma noite de festa, que comemorou os tr\u00eas anos do projeto <\/span><strong><span style=\"color: #ff6600;\">CINE B<\/span><\/strong>, um circuito alternativo de exibi\u00e7\u00e3o de filmes brasileiros e de forma\u00e7\u00e3o de p\u00fablico, fruto da parceria do Sindicato dos Banc\u00e1rios de S\u00e3o Paulo, Osasco e regi\u00e3o com a Brazucah Produ\u00e7\u00f5es. <span style=\"color: #ff6600;\">Representantes de comunidades que abriram as portas para as telas itinerantes do <\/span><strong><span style=\"color: #ff6600;\">CINE B<\/span><\/strong><span style=\"color: #ff6600;\"> foram homenageados com um certificado por sua participa\u00e7\u00e3o e apoio<\/span>.<\/p>\n<p>O\u00a0<em><strong><span style=\"color: #ff6600;\">Pr\u00eamio CINE B do Cinema Brasileiro<\/span><\/strong><\/em><span style=\"color: #ff6600;\"> \u00e9 um reconhecimento aos profissionais de cinema da produ\u00e7\u00e3o brasileira que participaram das exibi\u00e7\u00f5es produzidas por este projeto em 2007 e 2008 e que receberam a estatueta criada especialmente para a ocasi\u00e3o<\/span>. Ela traz uma\u00a0vers\u00e3o do Eurico, personagem conhecido dos banc\u00e1rios, criado h\u00e1 18 anos pelo cartunista do Sindicato M\u00e1rcio Baraldi. As comunidades participantes do projeto tamb\u00e9m ser\u00e3o homenageadas neste pr\u00eamio.<\/p>\n<figure id=\"attachment_874\" aria-describedby=\"caption-attachment-874\" style=\"width: 378px\" class=\"wp-caption aligncenter\"><a href=\"http:\/\/projetocineb.com.br\/wp-content\/uploads\/2010\/06\/premiacao-cineb.jpg\"><img decoding=\"async\" class=\"size-full wp-image-874  \" title=\"Ilustra\u00e7\u00e3o do trof\u00e9u com o personagem Eurico, entregue na premia\u00e7\u00e3o do Cine B\" src=\"http:\/\/projetocineb.com.br\/wp-content\/uploads\/2010\/06\/premiacao-cineb.jpg\" alt=\"Ilustra\u00e7\u00e3o do trof\u00e9u com o personagem Eurico, entregue na premia\u00e7\u00e3o do Cine B\" width=\"378\" height=\"534\" \/><\/a><figcaption id=\"caption-attachment-874\" class=\"wp-caption-text\">Ilustra\u00e7\u00e3o do trof\u00e9u com o personagem Eurico, entregue na premia\u00e7\u00e3o do Cine B<\/figcaption><\/figure>\n<p>Em torno de<span style=\"color: #ff6600;\"> 200 convidados acompanharam a cerim\u00f4nia, que foi conduzida por Tha\u00edde e que contou com a presen\u00e7a dos diretores: Toni Venturi (<\/span><em><span style=\"color: #ff6600;\">Dia de Festa<\/span><\/em><span style=\"color: #ff6600;\">), Al\u00ea Abreu (<\/span><em><span style=\"color: #ff6600;\">Garoto C\u00f3smico<\/span><\/em><span style=\"color: #ff6600;\">), Henri Arraes Gervaiseau (<\/span><em><span style=\"color: #ff6600;\">Em tr\u00e2nsito<\/span><\/em><span style=\"color: #ff6600;\">), Pedro Dantas (<\/span><em><span style=\"color: #ff6600;\">Onde est\u00e1 a Am\u00e9rica Latina<\/span><\/em><span style=\"color: #ff6600;\">) e Reinaldo Pinheiro (<\/span><em><span style=\"color: #ff6600;\">BMW Vermelha<\/span><\/em><span style=\"color: #ff6600;\">)<\/span>.<\/p>\n<p>O diretores Jorge Duran (<em>Proibido Proibir<\/em>), Luiz Alberto Pereira (<em>Tapete Vermelho<\/em>), Tata Amaral (Ant\u00f4nia), Ugo Giorgette (Boleiros), David Sh\u00fcrmann (<em>O mundo em duas voltas<\/em>), Thiago Foga\u00e7a (<em>Forasteiro<\/em>) n\u00e3o puderam comparecer ao evento mas enviaram seus representantes. \u00a0J\u00e1 os diretores Vicente Amorim (<em>Caminho das Nuvens)<\/em>, Jorge Furtado (<em>Sandu\u00edche, \u00c2ngelo anda sumido, O dia em que Dorival encarou a guarda, A Ilha das Flores e Barbosa<\/em>) e Giba Brasil (<em>Interl\u00fadio<\/em>) mandaram v\u00eddeo onde agradecem pelo pr\u00eamio.<\/p>\n<p>Para a presidenta do Sindicato, Juvandia Moreira, al\u00e9m de pensar em melhores condi\u00e7\u00f5es de trabalho para a categoria banc\u00e1ria, a entidade tamb\u00e9m deve se preocupar com a comunidade. <span style=\"color: #ff6600;\">\u201cA gente tem o compromisso de continuar com as exibi\u00e7\u00f5es do CineB porque sabemos da import\u00e2ncia desse projeto para ajudar a transformar a sociedade em que vivemos. \u00c9 um orgulho termos iniciado isso\u201d, disse Juvandia, presidenta do Sindicato dos Banc\u00e1rios<\/span>.<\/p>\n<h1><span style=\"font-size: small;\"><span style=\"font-weight: normal;\"><span style=\"font-size: xx-large;\"><span><strong><br \/>\n<\/strong><\/span><\/span><\/span><\/span><\/h1>\n<figure id=\"attachment_886\" aria-describedby=\"caption-attachment-886\" style=\"width: 384px\" class=\"wp-caption aligncenter\"><a href=\"http:\/\/projetocineb.com.br\/wp-content\/uploads\/2010\/06\/prmio29.jpg\"><img decoding=\"async\" class=\"size-full wp-image-886  \" title=\"A presidente do Sindicato dos Banc\u00e1rios Juvandia Moreira, com o idealizador do Cine B Luiz Cl\u00e1udio Marcolino, comunidade que recebeu certificado de exibi\u00e7\u00e3o e Cid\u00e1lio Vieira Santos da Brazucah\" src=\"http:\/\/projetocineb.com.br\/wp-content\/uploads\/2010\/06\/prmio29.jpg\" alt=\"A presidente do Sindicato dos Banc\u00e1rios Juvandia Moreira, com o idealizador do Cine B Luiz Cl\u00e1udio Marcolino, comunidade que recebeu certificado de exibi\u00e7\u00e3o e Cid\u00e1lio Vieira Santos da Brazucah\" width=\"384\" height=\"255\" \/><\/a><figcaption id=\"caption-attachment-886\" class=\"wp-caption-text\">A presidente do Sindicato dos Banc\u00e1rios Juvandia Moreira, com o idealizador do Cine B Luiz Cl\u00e1udio Marcolino, representante de comunidade que recebeu certificado de exibi\u00e7\u00e3o do Cine B e Cid\u00e1lio Vieira Santos da Brazucah<\/figcaption><\/figure>\n<p><span style=\"color: #ff6600;\">Convidada especial do evento, Rita Cadillac esteve presente<\/span> representando seu document\u00e1rio <em>Rita Cadillac, A Lady do Povo<\/em>, que foi recentemente lan\u00e7ado nos cinemas.<\/p>\n<p><span style=\"color: #ff6600;\">A premia\u00e7\u00e3o foi uma forma de incentivar as produ\u00e7\u00f5es nacionais dentro desse projeto de democratiza\u00e7\u00e3o do acesso \u00e0 cultura, ao lazer e de forma\u00e7\u00e3o de p\u00fablico<\/span>. De um lado, s\u00e3o valorizadas as produ\u00e7\u00f5es nacionais e do outro a forma\u00e7\u00e3o de p\u00fablico e a propaga\u00e7\u00e3o dessa linguagem a qual os brasileiros se identificam.<\/p>\n<p><strong><span style=\"font-weight: normal;\"> <\/span><\/strong><\/p>\n<figure id=\"attachment_888\" aria-describedby=\"caption-attachment-888\" style=\"width: 384px\" class=\"wp-caption aligncenter\"><a href=\"http:\/\/projetocineb.com.br\/wp-content\/uploads\/2010\/06\/prmio25.jpg\"><img loading=\"lazy\" decoding=\"async\" class=\"size-full wp-image-888  \" title=\"Cynthia Alario da Brazucah Produ\u00e7\u00f5es, Cid\u00e1lio Vieira Santos coordenador do projeto Cine B, Rita Cadillac homenageada da noite e o mestre de cerim\u00eania, Thayde\" src=\"http:\/\/projetocineb.com.br\/wp-content\/uploads\/2010\/06\/prmio25.jpg\" alt=\"Cynthia Alario da Brazucah Produ\u00e7\u00f5es, Cid\u00e1lio Vieira Santos coordenador do projeto Cine B, Rita Cadillac homenageada da noite e o mestre de cerim\u00eania, Thayde\" width=\"384\" height=\"255\" \/><\/a><figcaption id=\"caption-attachment-888\" class=\"wp-caption-text\">Cynthia Alario da Brazucah Produ\u00e7\u00f5es, Cid\u00e1lio Vieira Santos coordenador do projeto Cine B, Rita Cadillac homenageada da noite e o mestre de cerim\u00eania, Thayde<\/figcaption><\/figure>\n<h2><span style=\"color: #008000;\">CLICKS<\/span><\/h2>\n<p><span style=\"color: #008000;\"> <\/span><\/p>\n<figure id=\"attachment_889\" aria-describedby=\"caption-attachment-889\" style=\"width: 384px\" class=\"wp-caption aligncenter\"><a href=\"http:\/\/projetocineb.com.br\/wp-content\/uploads\/2010\/06\/prmio26.jpg\"><img loading=\"lazy\" decoding=\"async\" class=\"size-full wp-image-889  \" title=\"Diretores de filmes exibidos no Cine B levaram trof\u00e9u do Eurico com uma claquete de cinema\" src=\"http:\/\/projetocineb.com.br\/wp-content\/uploads\/2010\/06\/prmio26.jpg\" alt=\"Diretores de filmes exibidos no Cine B levaram trof\u00e9u do Eurico com uma claquete de cinema\" width=\"384\" height=\"255\" \/><\/a><figcaption id=\"caption-attachment-889\" class=\"wp-caption-text\">Diretores de filmes exibidos no Cine B levaram trof\u00e9u do Eurico com uma claquete de cinema<\/figcaption><\/figure>\n<p style=\"text-align: center;\"><a href=\"http:\/\/projetocineb.com.br\/wp-content\/uploads\/2010\/06\/prmio35.jpg\"><img loading=\"lazy\" decoding=\"async\" class=\"size-full wp-image-892   aligncenter\" title=\"com Cid\u00e1lio Vieira Santos\" src=\"http:\/\/projetocineb.com.br\/wp-content\/uploads\/2010\/06\/prmio35.jpg\" alt=\"com Cid\u00e1lio Vieira Santos\" width=\"384\" height=\"255\" \/><\/a><\/p>\n<p style=\"text-align: center;\"><a href=\"http:\/\/projetocineb.com.br\/wp-content\/uploads\/2010\/06\/prmio03.jpg\"><img loading=\"lazy\" decoding=\"async\" class=\"aligncenter size-full wp-image-893\" title=\"Luiz Cl\u00e1udio Marcolino de costas, \" src=\"http:\/\/projetocineb.com.br\/wp-content\/uploads\/2010\/06\/prmio03.jpg\" alt=\"Luiz Cl\u00e1udio Marcolino de costas, \" width=\"384\" height=\"255\" \/><\/a><\/p>\n<p style=\"text-align: center;\">\n<p style=\"text-align: center;\">\n<figure id=\"attachment_894\" aria-describedby=\"caption-attachment-894\" style=\"width: 384px\" class=\"wp-caption aligncenter\"><a href=\"http:\/\/projetocineb.com.br\/wp-content\/uploads\/2010\/06\/prmio04.jpg\"><img loading=\"lazy\" decoding=\"async\" class=\"size-full wp-image-894  \" title=\"A festa do Cine B lotou o Caf\u00e9 dos Banc\u00e1rios\" src=\"http:\/\/projetocineb.com.br\/wp-content\/uploads\/2010\/06\/prmio04.jpg\" alt=\"A festa do Cine B lotou o Caf\u00e9 dos Banc\u00e1rios\" width=\"384\" height=\"255\" \/><\/a><figcaption id=\"caption-attachment-894\" class=\"wp-caption-text\">A festa do Cine B lotou o Caf\u00e9 dos Banc\u00e1rios<\/figcaption><\/figure>\n<p style=\"text-align: center;\"><a href=\"http:\/\/projetocineb.com.br\/wp-content\/uploads\/2010\/06\/prmio05.jpg\"><img loading=\"lazy\" decoding=\"async\" class=\"aligncenter size-full wp-image-895\" title=\"Luiz Cl\u00e1udio Marcolino d\u00e1 um al\u00f4\" src=\"http:\/\/projetocineb.com.br\/wp-content\/uploads\/2010\/06\/prmio05.jpg\" alt=\"Luiz Cl\u00e1udio Marcolino d\u00e1 um al\u00f4\" width=\"384\" height=\"255\" \/><\/a><\/p>\n<p style=\"text-align: center;\">\n<figure id=\"attachment_896\" aria-describedby=\"caption-attachment-896\" style=\"width: 384px\" class=\"wp-caption aligncenter\"><a href=\"http:\/\/projetocineb.com.br\/wp-content\/uploads\/2010\/06\/prmio06.jpg\"><img loading=\"lazy\" decoding=\"async\" class=\"size-full wp-image-896  \" title=\"Uma parte da mesa com del\u00edcias que foram servidas aos convidados\" src=\"http:\/\/projetocineb.com.br\/wp-content\/uploads\/2010\/06\/prmio06.jpg\" alt=\"Uma parte da mesa com del\u00edcias que foram servidas aos convidados\" width=\"384\" height=\"255\" \/><\/a><figcaption id=\"caption-attachment-896\" class=\"wp-caption-text\">Uma parte da mesa com del\u00edcias que foram servidas aos convidados<\/figcaption><\/figure>\n<figure id=\"attachment_897\" aria-describedby=\"caption-attachment-897\" style=\"width: 384px\" class=\"wp-caption aligncenter\"><a href=\"http:\/\/projetocineb.com.br\/wp-content\/uploads\/2010\/06\/prmio07.jpg\"><img loading=\"lazy\" decoding=\"async\" class=\"size-full wp-image-897  \" title=\"Muita conversa entre Tony Venturi e Rita Cadillac\" src=\"http:\/\/projetocineb.com.br\/wp-content\/uploads\/2010\/06\/prmio07.jpg\" alt=\"Muita conversa entre Tony Venturi e Rita Cadillac\" width=\"384\" height=\"255\" \/><\/a><figcaption id=\"caption-attachment-897\" class=\"wp-caption-text\">Muita conversa entre Toni Venturi e Rita Cadillac<\/figcaption><\/figure>\n<p style=\"text-align: center;\"><a href=\"http:\/\/projetocineb.com.br\/wp-content\/uploads\/2010\/06\/prmio12.jpg\"><img loading=\"lazy\" decoding=\"async\" class=\"size-full wp-image-901   aligncenter\" title=\"Luiz Cl\u00e1udio Marcolino\" src=\"http:\/\/projetocineb.com.br\/wp-content\/uploads\/2010\/06\/prmio12.jpg\" alt=\"Luiz Cl\u00e1udio Marcolino\" width=\"384\" height=\"255\" \/><\/a><\/p>\n<figure id=\"attachment_898\" aria-describedby=\"caption-attachment-898\" style=\"width: 384px\" class=\"wp-caption aligncenter\"><a href=\"http:\/\/projetocineb.com.br\/wp-content\/uploads\/2010\/06\/prmio08.jpg\"><img loading=\"lazy\" decoding=\"async\" class=\"size-full wp-image-898  \" title=\"Cid\u00e1lio Vieira Santos, e Tha\u00edde e, de costas, Luiz Cl\u00e1udio Marcolino\" src=\"http:\/\/projetocineb.com.br\/wp-content\/uploads\/2010\/06\/prmio08.jpg\" alt=\"Cid\u00e1lio Vieira Santos, e Tha\u00edde e, de costas, Luiz Cl\u00e1udio Marcolino\" width=\"384\" height=\"255\" \/><\/a><figcaption id=\"caption-attachment-898\" class=\"wp-caption-text\">Cid\u00e1lio Vieira Santos, e Tha\u00edde e, de costas, Luiz Cl\u00e1udio Marcolino<\/figcaption><\/figure>\n<figure id=\"attachment_899\" aria-describedby=\"caption-attachment-899\" style=\"width: 384px\" class=\"wp-caption aligncenter\"><a href=\"http:\/\/projetocineb.com.br\/wp-content\/uploads\/2010\/06\/prmio09.jpg\"><img loading=\"lazy\" decoding=\"async\" class=\"size-full wp-image-899  \" title=\"Cid\u00e1lio Vieira Santos e Tha\u00edde\" src=\"http:\/\/projetocineb.com.br\/wp-content\/uploads\/2010\/06\/prmio09.jpg\" alt=\"Cid\u00e1lio Vieira Santos e Tha\u00edde\" width=\"384\" height=\"255\" \/><\/a><figcaption id=\"caption-attachment-899\" class=\"wp-caption-text\">Cid\u00e1lio Vieira Santos e Tha\u00edde<\/figcaption><\/figure>\n<p style=\"text-align: center;\">\n<p style=\"text-align: center;\"><a href=\"http:\/\/projetocineb.com.br\/wp-content\/uploads\/2010\/06\/prmio13.jpg\"><img loading=\"lazy\" decoding=\"async\" class=\"size-full wp-image-902   aligncenter\" title=\"Luiz Cl\u00e1udio Marcolino\" src=\"http:\/\/projetocineb.com.br\/wp-content\/uploads\/2010\/06\/prmio13.jpg\" alt=\"Luiz Cl\u00e1udio Marcolino\" width=\"384\" height=\"255\" \/><\/a><\/p>\n<figure id=\"attachment_903\" aria-describedby=\"caption-attachment-903\" style=\"width: 384px\" class=\"wp-caption aligncenter\"><a href=\"http:\/\/projetocineb.com.br\/wp-content\/uploads\/2010\/06\/prmio14.jpg\"><img loading=\"lazy\" decoding=\"async\" class=\"size-full wp-image-903  \" title=\"Aproximadamente 200 pessoas estiveram presentes no evento\" src=\"http:\/\/projetocineb.com.br\/wp-content\/uploads\/2010\/06\/prmio14.jpg\" alt=\"Aproximadamente 200 pessoas estiveram presentes no evento\" width=\"384\" height=\"255\" \/><\/a><figcaption id=\"caption-attachment-903\" class=\"wp-caption-text\">Aproximadamente 200 pessoas estiveram presentes no evento<\/figcaption><\/figure>\n<figure id=\"attachment_904\" aria-describedby=\"caption-attachment-904\" style=\"width: 384px\" class=\"wp-caption aligncenter\"><a href=\"http:\/\/projetocineb.com.br\/wp-content\/uploads\/2010\/06\/prmio16.jpg\"><img loading=\"lazy\" decoding=\"async\" class=\"size-full wp-image-904  \" title=\"Cid\u00e1lio Vieira Santos inicia a abertura oficial do evento\" src=\"http:\/\/projetocineb.com.br\/wp-content\/uploads\/2010\/06\/prmio16.jpg\" alt=\"Cid\u00e1lio Vieira Santos inicia a abertura oficial do evento\" width=\"384\" height=\"255\" \/><\/a><figcaption id=\"caption-attachment-904\" class=\"wp-caption-text\">Cid\u00e1lio Vieira Santos inicia a abertura oficial do evento<\/figcaption><\/figure>\n<p style=\"text-align: center;\"><a href=\"http:\/\/projetocineb.com.br\/wp-content\/uploads\/2010\/06\/prmio17.jpg\"><img loading=\"lazy\" decoding=\"async\" class=\"size-full wp-image-905   aligncenter\" title=\"Luiz Cl\u00e1udio Marcolino\" src=\"http:\/\/projetocineb.com.br\/wp-content\/uploads\/2010\/06\/prmio17.jpg\" alt=\"Luiz Cl\u00e1udio Marcolino\" width=\"384\" height=\"255\" \/><\/a><\/p>\n<figure id=\"attachment_906\" aria-describedby=\"caption-attachment-906\" style=\"width: 384px\" class=\"wp-caption aligncenter\"><a href=\"http:\/\/projetocineb.com.br\/wp-content\/uploads\/2010\/06\/prmio18.jpg\"><img loading=\"lazy\" decoding=\"async\" class=\"size-full wp-image-906  \" title=\"Tony Venturi recebe pr\u00eamio no Cine B, por seu trabalho em Rita Cadillac - A lady do povo\" src=\"http:\/\/projetocineb.com.br\/wp-content\/uploads\/2010\/06\/prmio18.jpg\" alt=\"Tony Venturi recebe pr\u00eamio no Cine B, por seu trabalho em Rita Cadillac - A lady do povo\" width=\"384\" height=\"255\" \/><\/a><figcaption id=\"caption-attachment-906\" class=\"wp-caption-text\">Toni Venturi recebe da presidente do Sindicato dos Banc\u00e1rios, Juv\u00e2ndia Moreira, pr\u00eamio no Cine B, por seu trabalho em Rita Cadillac - A lady do povo<\/figcaption><\/figure>\n<p style=\"text-align: center;\"><a href=\"http:\/\/projetocineb.com.br\/wp-content\/uploads\/2010\/06\/prmio19.jpg\"><img loading=\"lazy\" decoding=\"async\" class=\"aligncenter size-full wp-image-907\" title=\" pr\u00eamio\" src=\"http:\/\/projetocineb.com.br\/wp-content\/uploads\/2010\/06\/prmio19.jpg\" alt=\" pr\u00eamio\" width=\"384\" height=\"255\" \/><\/a><\/p>\n<p style=\"text-align: center;\"><a href=\"http:\/\/projetocineb.com.br\/wp-content\/uploads\/2010\/06\/prmio20.jpg\"><img loading=\"lazy\" decoding=\"async\" class=\"aligncenter size-full wp-image-908\" title=\"Cid\u00e1lio Vieira Santos\" src=\"http:\/\/projetocineb.com.br\/wp-content\/uploads\/2010\/06\/prmio20.jpg\" alt=\"Cid\u00e1lio Vieira Santos\" width=\"384\" height=\"255\" \/><\/a><\/p>\n<figure id=\"attachment_909\" aria-describedby=\"caption-attachment-909\" style=\"width: 384px\" class=\"wp-caption aligncenter\"><a href=\"http:\/\/projetocineb.com.br\/wp-content\/uploads\/2010\/06\/prmio21.jpg\"><img loading=\"lazy\" decoding=\"async\" class=\"size-full wp-image-909  \" title=\"Cid\u00e1lio Vieira Santos, Luiz Cl\u00e1udio Marcolino e representantes de Embu-Gua\u00e7u\" src=\"http:\/\/projetocineb.com.br\/wp-content\/uploads\/2010\/06\/prmio21.jpg\" alt=\"Cid\u00e1lio Vieira Santos, Luiz Cl\u00e1udio Marcolino e representantes de Embu-Gua\u00e7u\" width=\"384\" height=\"255\" \/><\/a><figcaption id=\"caption-attachment-909\" class=\"wp-caption-text\">Cid\u00e1lio Vieira Santos, Luiz Cl\u00e1udio Marcolino e representantes de Embu-Gua\u00e7u<\/figcaption><\/figure>\n<p style=\"text-align: center;\"><a href=\"http:\/\/projetocineb.com.br\/wp-content\/uploads\/2010\/06\/prmio23.jpg\"><img loading=\"lazy\" decoding=\"async\" class=\"aligncenter size-full wp-image-910\" title=\"-\" src=\"http:\/\/projetocineb.com.br\/wp-content\/uploads\/2010\/06\/prmio23.jpg\" alt=\"\" width=\"384\" height=\"255\" \/><\/a><\/p>\n<figure id=\"attachment_911\" aria-describedby=\"caption-attachment-911\" style=\"width: 384px\" class=\"wp-caption aligncenter\"><a href=\"http:\/\/projetocineb.com.br\/wp-content\/uploads\/2010\/06\/prmio24.jpg\"><img loading=\"lazy\" decoding=\"async\" class=\"size-full wp-image-911  \" title=\"Cynthia Alario, Rita Cadillac e Cid\u00e1lio Vieira Santos\" src=\"http:\/\/projetocineb.com.br\/wp-content\/uploads\/2010\/06\/prmio24.jpg\" alt=\"Cynthia Alario, Rita Cadillac e Cid\u00e1lio Vieira Santos\" width=\"384\" height=\"255\" \/><\/a><figcaption id=\"caption-attachment-911\" class=\"wp-caption-text\">Cynthia Alario, Rita Cadillac e Cid\u00e1lio Vieira Santos<\/figcaption><\/figure>\n<figure id=\"attachment_913\" aria-describedby=\"caption-attachment-913\" style=\"width: 384px\" class=\"wp-caption aligncenter\"><a href=\"http:\/\/projetocineb.com.br\/wp-content\/uploads\/2010\/06\/prmio27.jpg\"><img loading=\"lazy\" decoding=\"async\" class=\"size-full wp-image-913  \" title=\"Cid\u00e1lio Vieira Santos, Luiz Cl\u00e1udio Marcolino, e Juv\u00e2ndia Moreira\" src=\"http:\/\/projetocineb.com.br\/wp-content\/uploads\/2010\/06\/prmio27.jpg\" alt=\"Cid\u00e1lio Vieira Santos, Luiz Cl\u00e1udio Marcolino, e Juv\u00e2ndia Moreira\" width=\"384\" height=\"255\" \/><\/a><figcaption id=\"caption-attachment-913\" class=\"wp-caption-text\">Cid\u00e1lio Vieira Santos, Luiz Cl\u00e1udio Marcolino,Padre Roberto da comunidade do Jaguar\u00e9 e Juv\u00e2ndia Moreira<\/figcaption><\/figure>\n<p style=\"text-align: center;\"><a href=\"http:\/\/projetocineb.com.br\/wp-content\/uploads\/2010\/06\/prmio28.jpg\"><img loading=\"lazy\" decoding=\"async\" class=\"size-full wp-image-914   aligncenter\" title=\"Cid\u00e1lio Vieira Santos, Luiz Cl\u00e1udio Mercolino e Juv\u00e2ndia Moreira\" src=\"http:\/\/projetocineb.com.br\/wp-content\/uploads\/2010\/06\/prmio28.jpg\" alt=\"Cid\u00e1lio Vieira Santos, Luiz Cl\u00e1udio Mercolino e Juv\u00e2ndia Moreira\" width=\"384\" height=\"255\" \/><\/a><\/p>\n<p style=\"text-align: center;\">\n<p style=\"text-align: center;\"><a href=\"http:\/\/projetocineb.com.br\/wp-content\/uploads\/2010\/06\/prmio30.jpg\"><img loading=\"lazy\" decoding=\"async\" class=\"size-full wp-image-915   aligncenter\" title=\"Cid\u00e1lio Vieira Santos, , Juv\u00e2ndia Moreria e Luiz Cl\u00e1udio Marcolino\" src=\"http:\/\/projetocineb.com.br\/wp-content\/uploads\/2010\/06\/prmio30.jpg\" alt=\"Cid\u00e1lio Vieira Santos, , Juv\u00e2ndia Moreria e Luiz Cl\u00e1udio Marcolino\" width=\"384\" height=\"255\" \/><\/a><\/p>\n<p style=\"text-align: center;\"><a href=\"http:\/\/projetocineb.com.br\/wp-content\/uploads\/2010\/06\/prmio31.jpg\"><img loading=\"lazy\" decoding=\"async\" class=\"size-full wp-image-916    aligncenter\" title=\"Cid\u00e1lio Vieira Santos, , , Juv\u00e2ndia Moreira e Luiz Cl\u00e1udio Marcolino\" src=\"http:\/\/projetocineb.com.br\/wp-content\/uploads\/2010\/06\/prmio31.jpg\" alt=\"\" width=\"384\" height=\"255\" \/><\/a><\/p>\n<p style=\"text-align: center;\"><a href=\"http:\/\/projetocineb.com.br\/wp-content\/uploads\/2010\/06\/prmio32.jpg\"><img loading=\"lazy\" decoding=\"async\" class=\"aligncenter size-full wp-image-917\" title=\"-\" src=\"http:\/\/projetocineb.com.br\/wp-content\/uploads\/2010\/06\/prmio32.jpg\" alt=\"\" width=\"384\" height=\"255\" \/><\/a><\/p>\n<figure id=\"attachment_919\" aria-describedby=\"caption-attachment-919\" style=\"width: 384px\" class=\"wp-caption aligncenter\"><a href=\"http:\/\/projetocineb.com.br\/wp-content\/uploads\/2010\/06\/prmio34.jpg\"><img loading=\"lazy\" decoding=\"async\" class=\"size-full wp-image-919  \" title=\"Filipe Redondo, Thiago Tognozzi, Vivian Szelpal e seu Ant\u00f4nio \" src=\"http:\/\/projetocineb.com.br\/wp-content\/uploads\/2010\/06\/prmio34.jpg\" alt=\"Filipe Redondo, Thiago Tognozzi, Vivian Szelpal e seu Ant\u00f4nio\" width=\"384\" height=\"255\" \/><\/a><figcaption id=\"caption-attachment-919\" class=\"wp-caption-text\">Filipe Redondo, com o rep\u00f3rter do blog do Cine B, Thiago Tognozzi, a assistente de prtodu\u00e7\u00e3o do Cine B Vivian Szelpal e seu Ant\u00f4nio, o pipoqueiro oficial do Cine B<\/figcaption><\/figure>\n<figure id=\"attachment_918\" aria-describedby=\"caption-attachment-918\" style=\"width: 384px\" class=\"wp-caption aligncenter\"><a href=\"http:\/\/projetocineb.com.br\/wp-content\/uploads\/2010\/06\/prmio33.jpg\"><img loading=\"lazy\" decoding=\"async\" class=\"size-full wp-image-918\" title=\"Uma festa s\u00f3\" src=\"http:\/\/projetocineb.com.br\/wp-content\/uploads\/2010\/06\/prmio33.jpg\" alt=\"\" width=\"384\" height=\"255\" \/><\/a><figcaption id=\"caption-attachment-918\" class=\"wp-caption-text\">Uma festa s\u00f3<\/figcaption><\/figure>\n<p style=\"text-align: center;\">\n","protected":false},"excerpt":{"rendered":"<p>O Gr\u00eamio Recreativo Caf\u00e9 dos Banc\u00e1rios, no edif\u00edcio Martinelli, no centro de S\u00e3o Paulo, recebeu diretores de filmes nacionais que[&#8230;]<\/p>\n","protected":false},"author":2,"featured_media":0,"comment_status":"open","ping_status":"open","sticky":false,"template":"","format":"standard","meta":[],"categories":[2],"tags":[],"_links":{"self":[{"href":"https:\/\/projetocineb.com.br\/index.php?rest_route=\/wp\/v2\/posts\/873"}],"collection":[{"href":"https:\/\/projetocineb.com.br\/index.php?rest_route=\/wp\/v2\/posts"}],"about":[{"href":"https:\/\/projetocineb.com.br\/index.php?rest_route=\/wp\/v2\/types\/post"}],"author":[{"embeddable":true,"href":"https:\/\/projetocineb.com.br\/index.php?rest_route=\/wp\/v2\/users\/2"}],"replies":[{"embeddable":true,"href":"https:\/\/projetocineb.com.br\/index.php?rest_route=%2Fwp%2Fv2%2Fcomments&post=873"}],"version-history":[{"count":0,"href":"https:\/\/projetocineb.com.br\/index.php?rest_route=\/wp\/v2\/posts\/873\/revisions"}],"wp:attachment":[{"href":"https:\/\/projetocineb.com.br\/index.php?rest_route=%2Fwp%2Fv2%2Fmedia&parent=873"}],"wp:term":[{"taxonomy":"category","embeddable":true,"href":"https:\/\/projetocineb.com.br\/index.php?rest_route=%2Fwp%2Fv2%2Fcategories&post=873"},{"taxonomy":"post_tag","embeddable":true,"href":"https:\/\/projetocineb.com.br\/index.php?rest_route=%2Fwp%2Fv2%2Ftags&post=873"}],"curies":[{"name":"wp","href":"https:\/\/api.w.org\/{rel}","templated":true}]}}