{"id":8736,"date":"2016-06-14T13:17:21","date_gmt":"2016-06-14T16:17:21","guid":{"rendered":"http:\/\/projetocineb.com.br\/?p=8736"},"modified":"2016-06-14T13:17:21","modified_gmt":"2016-06-14T16:17:21","slug":"parelheiros-recebe-cineb","status":"publish","type":"post","link":"https:\/\/projetocineb.com.br\/?p=8736","title":{"rendered":"Parelheiros recebe CINEB"},"content":{"rendered":"<p><em>Mesmo com frio batendo na casa de um d\u00edgito, CINEB esteve na \u00faltima sexta-feira, (10\/6) na EE Dona Prisciliana Duarte, em Parelheiros, Zona Sul de S\u00e3o Paulo, exibindo o filme <\/em>Tudo que Aprendemos Juntos<em>.<\/em><\/p>\n<p>A madrugada da \u00faltima sexta-feira (10\/6) foi considerada a mais fria do ano em S\u00e3o Paulo. A regi\u00e3o de Parelheiros chegou a marcar dois graus. Pois nessa mesmo dia, O CINEB esteve em Parelheiros para mais uma exibi\u00e7\u00e3o do filme <em>Tudo que Aprendemos Juntos<\/em>, de S\u00e9rgio Machado. Foi um teste para o projeto, que este ano j\u00e1 exibiu sess\u00f5es em espa\u00e7os abertos como p\u00e1tios de escolas, quadras esportivas e \u00e1reas livre nas comunidades por onde passa. Na Escola Estadual Dona Prisciliana Duarte, que fica na regi\u00e3o central de Parelheiros, Zona Sul de S\u00e3o Paulo, a sess\u00e3o foi montada no p\u00e1tio interno da escola, que atende cerca de 1.500 alunos de ensino m\u00e9dio e educa\u00e7\u00e3o de jovens e adultos.<\/p>\n<figure id=\"attachment_8738\" aria-describedby=\"caption-attachment-8738\" style=\"width: 499px\" class=\"wp-caption aligncenter\"><a href=\"http:\/\/projetocineb.com.br\/wp-content\/uploads\/2016\/06\/DSC_0685.jpg\"><img fetchpriority=\"high\" decoding=\"async\" class=\" wp-image-8738 \" title=\"DSC_0685\" src=\"http:\/\/projetocineb.com.br\/wp-content\/uploads\/2016\/06\/DSC_0685.jpg\" alt=\"\" width=\"499\" height=\"331\" \/><\/a><figcaption id=\"caption-attachment-8738\" class=\"wp-caption-text\">Nem o frio de Parelheiros atrapalhou quem foi \u00e0 sess\u00e3o<\/figcaption><\/figure>\n<p>Cerca de 80 pessoas entre alunos, corpo docente e comunidade compareceram \u00e0 sess\u00e3o, mesmo com a temperatura registrando cerca de 10 graus segundo os servi\u00e7os online de previs\u00e3o do tempo. O filme Tudo que Aprendemos Juntos de S\u00e9rgio Machado, conta a hist\u00f3ria de Laerte, um talentoso violinista que se v\u00ea obrigado a dar aulas de m\u00fasica na comunidade Heli\u00f3polis depois da tentativa fracassada de ingressar na Osesp.<\/p>\n<figure id=\"attachment_8739\" aria-describedby=\"caption-attachment-8739\" style=\"width: 461px\" class=\"wp-caption aligncenter\"><a href=\"http:\/\/projetocineb.com.br\/wp-content\/uploads\/2016\/06\/Gremio-Estudantil-Poder-Jovem.jpg\"><img decoding=\"async\" class=\" wp-image-8739  \" title=\"Gremio Estudantil Poder Jovem\" src=\"http:\/\/projetocineb.com.br\/wp-content\/uploads\/2016\/06\/Gremio-Estudantil-Poder-Jovem.jpg\" alt=\"\" width=\"461\" height=\"259\" \/><\/a><figcaption id=\"caption-attachment-8739\" class=\"wp-caption-text\">Alunos integrantes do Gr\u00eamio Estudantil Poder Jovem colaboraram com a montagem da sess\u00e3o.<\/figcaption><\/figure>\n<p>Tem como ponto de partida a pe\u00e7a Acorda Brasil, escrita por Antonio Erm\u00ednio de Moraes sobre a experi\u00eancia do Instituto Bacarelli na comunidade Heli\u00f3polis, em S\u00e3o Paulo. Sua estreia nacional aconteceu em dezembro do ano passado, j\u00e1 passou pelo circuito comercial e segue uma carreira internacional com os direitos vendidos para ser exibido em 22 pa\u00edses.<\/p>\n<figure id=\"attachment_8740\" aria-describedby=\"caption-attachment-8740\" style=\"width: 499px\" class=\"wp-caption aligncenter\"><a href=\"http:\/\/projetocineb.com.br\/wp-content\/uploads\/2016\/06\/DSC_0683.jpg\"><img decoding=\"async\" class=\" wp-image-8740 \" title=\"DSC_0683\" src=\"http:\/\/projetocineb.com.br\/wp-content\/uploads\/2016\/06\/DSC_0683.jpg\" alt=\"\" width=\"499\" height=\"331\" \/><\/a><figcaption id=\"caption-attachment-8740\" class=\"wp-caption-text\">Willian Prado, do movimento de sa\u00fade da regi\u00e3o, Marcelo Caetano, professor coordenador e Cid\u00e1lio Vieira Santos, coordenador do CINEB na abertura da sess\u00e3o.<\/figcaption><\/figure>\n<p>Wilian Prado, ex-aluno da escola e ativista do movimento de sa\u00fade j\u00e1 conhecia o CINEB e procurou Cid\u00e1lio Vieira Santos para marcar uma sess\u00e3o em Parelheiros, o maior bairro da cidade, com 350 Km\u00b2. \u201cMesmo com o frio e com as manifesta\u00e7\u00f5es marcadas para o dia de hoje, temos muitas pessoas aqui. O CINEB \u00e9 um projeto muito importante porque valoriza o cinema brasileiro\u201d, avalia.<\/p>\n<figure id=\"attachment_8742\" aria-describedby=\"caption-attachment-8742\" style=\"width: 499px\" class=\"wp-caption aligncenter\"><a href=\"http:\/\/projetocineb.com.br\/wp-content\/uploads\/2016\/06\/DSC_0677.jpg\"><img loading=\"lazy\" decoding=\"async\" class=\" wp-image-8742 \" title=\"DSC_0677\" src=\"http:\/\/projetocineb.com.br\/wp-content\/uploads\/2016\/06\/DSC_0677.jpg\" alt=\"\" width=\"499\" height=\"331\" \/><\/a><figcaption id=\"caption-attachment-8742\" class=\"wp-caption-text\">Professores da EE Dona Prisciliana Duarte.<\/figcaption><\/figure>\n<p>Para a diretora da escola, Viviane Vieira da Silva, a regi\u00e3o \u00e9 carente de atividades culturais, como a que o CINEB proporciona. \u201cAqui tem pessoas de longe, bastante afastada. \u00c9 uma oportunidade, principalmente aquelas fam\u00edlias numerosas e que n\u00e3o tem condi\u00e7\u00f5es de ir a um cinema comercial\u201d, explica. Maria Alves Marcos, ex-aluna do EJA estava em uma sess\u00e3o de cinema pela primeira vez. Ela conta que ficou sabendo da programa\u00e7\u00e3o pelas amigas que ainda estudam na escola. \u201cTerminei o ensino m\u00e9dio ano passado, mas sempre venho nas atividades da escola. Achei \u00f3timo, valeu a pena vir. O filme \u00e9 uma aprendizagem de vida\u201d elogia.<\/p>\n<figure id=\"attachment_8743\" aria-describedby=\"caption-attachment-8743\" style=\"width: 499px\" class=\"wp-caption aligncenter\"><a href=\"http:\/\/projetocineb.com.br\/wp-content\/uploads\/2016\/06\/DSC_0686.jpg\"><img loading=\"lazy\" decoding=\"async\" class=\" wp-image-8743 \" title=\"DSC_0686\" src=\"http:\/\/projetocineb.com.br\/wp-content\/uploads\/2016\/06\/DSC_0686.jpg\" alt=\"\" width=\"499\" height=\"331\" \/><\/a><figcaption id=\"caption-attachment-8743\" class=\"wp-caption-text\">Maria Alves Marcos numa sess\u00e3o de cinema pela primeira vez<\/figcaption><\/figure>\n<p>Quem tamb\u00e9m aprovou a sess\u00e3o foram os moradores da Casa de Acolhida Fraternidade S\u00e3o Francisco, que trabalha com popula\u00e7\u00e3o de rua usu\u00e1ria de drogas. Jos\u00e9 Aldo Andrade conta que est\u00e1 h\u00e1 quase um ano no espa\u00e7o depois de frenquentar por muito tempo a cracol\u00e2ndia. Sem fam\u00edlia em S\u00e3o Paulo, ele conta que a casa de acolhida lhe trouxe a esperan\u00e7a de viver. \u201cFoi maravilhoso\u201d, comentou ap\u00f3s a sess\u00e3o. E continuou: \u201cSempre acompanho as atividades culturais daqui da regi\u00e3o. L\u00e1 na casa de acolhida por exemplo temos uma sess\u00e3o de cinema a cada 15 dias e eu n\u00e3o perco uma\u201d, confessa.<\/p>\n<figure id=\"attachment_8745\" aria-describedby=\"caption-attachment-8745\" style=\"width: 499px\" class=\"wp-caption aligncenter\"><a href=\"http:\/\/projetocineb.com.br\/wp-content\/uploads\/2016\/06\/DSC_0690.jpg\"><img loading=\"lazy\" decoding=\"async\" class=\" wp-image-8745 \" title=\"DSC_0690\" src=\"http:\/\/projetocineb.com.br\/wp-content\/uploads\/2016\/06\/DSC_0690.jpg\" alt=\"\" width=\"499\" height=\"331\" \/><\/a><figcaption id=\"caption-attachment-8745\" class=\"wp-caption-text\">At\u00e9 a pr\u00f3xima sess\u00e3o!<\/figcaption><\/figure>\n<p>O CINEB \u00e9 um circuito itinerante de cinema realizado pelo Sindicato dos Banc\u00e1rios de S\u00e3o Paulo, Osasco e Regi\u00e3o e pela Brazucah Produ\u00e7\u00f5es. Desde 2007, o j\u00e1 atingiu um p\u00fablico superior a 50 mil espectadores em quase 400 sess\u00f5es gratuitas realizadas em comunidades e universidades de S\u00e3o Paulo. A iniciativa busca democratizar o acesso ao cinema nacional e divulgar os filmes produzidos no Brasil. J\u00e1 foram exibidos na tela do CINEB mais de 75 longas-metragens e 50 curtas-metragens, al\u00e9m da realiza\u00e7\u00e3o de pr\u00e9-estreias exclusivas.<\/p>\n","protected":false},"excerpt":{"rendered":"<p>Mesmo com frio batendo na casa de um d\u00edgito, CINEB esteve na \u00faltima sexta-feira, (10\/6) na EE Dona Prisciliana Duarte,[&#8230;]<\/p>\n","protected":false},"author":2,"featured_media":8737,"comment_status":"open","ping_status":"open","sticky":false,"template":"","format":"standard","meta":[],"categories":[2],"tags":[],"_links":{"self":[{"href":"https:\/\/projetocineb.com.br\/index.php?rest_route=\/wp\/v2\/posts\/8736"}],"collection":[{"href":"https:\/\/projetocineb.com.br\/index.php?rest_route=\/wp\/v2\/posts"}],"about":[{"href":"https:\/\/projetocineb.com.br\/index.php?rest_route=\/wp\/v2\/types\/post"}],"author":[{"embeddable":true,"href":"https:\/\/projetocineb.com.br\/index.php?rest_route=\/wp\/v2\/users\/2"}],"replies":[{"embeddable":true,"href":"https:\/\/projetocineb.com.br\/index.php?rest_route=%2Fwp%2Fv2%2Fcomments&post=8736"}],"version-history":[{"count":0,"href":"https:\/\/projetocineb.com.br\/index.php?rest_route=\/wp\/v2\/posts\/8736\/revisions"}],"wp:featuredmedia":[{"embeddable":true,"href":"https:\/\/projetocineb.com.br\/index.php?rest_route=\/wp\/v2\/media\/8737"}],"wp:attachment":[{"href":"https:\/\/projetocineb.com.br\/index.php?rest_route=%2Fwp%2Fv2%2Fmedia&parent=8736"}],"wp:term":[{"taxonomy":"category","embeddable":true,"href":"https:\/\/projetocineb.com.br\/index.php?rest_route=%2Fwp%2Fv2%2Fcategories&post=8736"},{"taxonomy":"post_tag","embeddable":true,"href":"https:\/\/projetocineb.com.br\/index.php?rest_route=%2Fwp%2Fv2%2Ftags&post=8736"}],"curies":[{"name":"wp","href":"https:\/\/api.w.org\/{rel}","templated":true}]}}